{"id":47826,"date":"2024-09-23T09:27:52","date_gmt":"2024-09-23T12:27:52","guid":{"rendered":"https:\/\/www.mpal.mp.br\/?p=47826"},"modified":"2024-10-01T09:37:58","modified_gmt":"2024-10-01T12:37:58","slug":"projeto-mpal-de-maos-unidas-contra-o-feminicidio","status":"publish","type":"post","link":"https:\/\/www.mpal.mp.br\/?p=47826","title":{"rendered":"Projeto: MPAL de m\u00e3os unidas contra o feminic\u00eddio"},"content":{"rendered":"<p><div class=\"fusion-fullwidth fullwidth-box fusion-builder-row-1 nonhundred-percent-fullwidth non-hundred-percent-height-scrolling\"  style='background-color: #ffffff;background-position: center center;background-repeat: no-repeat;padding-top:0px;padding-right:0px;padding-bottom:0px;padding-left:0px;'><div class=\"fusion-builder-row fusion-row \"><div  class=\"fusion-layout-column fusion_builder_column fusion_builder_column_1_1 fusion-builder-column-1 fusion-one-full fusion-column-first fusion-column-last 1_1\"  style='margin-top:0px;margin-bottom:20px;'>\n\t\t\t\t\t<div class=\"fusion-column-wrapper\" style=\"padding: 0px 0px 0px 0px;background-position:left top;background-repeat:no-repeat;-webkit-background-size:cover;-moz-background-size:cover;-o-background-size:cover;background-size:cover;\"   data-bg-url=\"\">\n\t\t\t\t\t\t<div class=\"fusion-text\"><div class=\"wpb_text_column wpb_content_element \" data-raofz=\"14\">\n<div id=\"ct_86stlyctqtlscocy50gx\" class=\"wpb_wrapper\" data-raofz=\"14\">\n<p style=\"text-align: justify;\"><strong><span style=\"font-size: 14pt;\">Minist\u00e9rio P\u00fablico do Estado de Alagoas<\/span><\/strong><\/p>\n<p style=\"text-align: justify;\"><span style=\"font-size: 14pt;\"><strong>INOVA <\/strong>| Sistema de Gest\u00e3o de Projetos e Processos<\/span><\/p>\n<p style=\"text-align: justify;\"><span style=\"font-size: 14pt;\">MPAL DE M\u00c3OS UNIDAS CONTRA O FEMINIC\u00cdDIO<\/span><\/p>\n<p style=\"text-align: justify;\"><span style=\"font-size: 14pt;\"><strong>Tipo: <\/strong>Projeto\u00a0\u00a0\u00a0\u00a0\u00a0\u00a0\u00a0\u00a0\u00a0\u00a0\u00a0\u00a0\u00a0\u00a0\u00a0\u00a0\u00a0\u00a0\u00a0\u00a0\u00a0\u00a0\u00a0\u00a0\u00a0\u00a0\u00a0\u00a0\u00a0\u00a0\u00a0\u00a0 <strong>\u00c1rea Regional: <\/strong>Munic\u00edpio de origem n\u00e3o informado<\/span><\/p>\n<p style=\"text-align: justify;\"><span style=\"font-size: 14pt;\"><strong>Status: <\/strong>Em elabora\u00e7\u00e3o\u00a0 \u00a0 \u00a0 \u00a0 \u00a0 \u00a0 \u00a0 \u00a0 \u00a0 \u00a0<strong>Unidade: <\/strong>Unidade de origem n\u00e3o informada<\/span><\/p>\n<p style=\"text-align: justify;\"><strong><span style=\"font-size: 14pt;\">::: Problema\/ Oportunidade<\/span><\/strong><\/p>\n<p style=\"text-align: justify;\"><span style=\"font-size: 14pt;\">Combater a viol\u00eancia contra a mulher, em especial o feminic\u00eddio, contribuindo para a recupera\u00e7\u00e3o, reeduca\u00e7\u00e3o e mudan\u00e7a comportamental do agressor, por meio da cria\u00e7\u00e3o de grupos reflexivos e do incentivo \u00e0 cria\u00e7\u00e3o ou motiva\u00e7\u00e3o para o pleno funcionamento dos conselhos da mulher em munic\u00edpios alagoanos que apresentem maiores \u00edndices desses tipos de crimes. Est\u00e1 alinhado ao Planejamento Estrat\u00e9gico: Criminal P1. Implementar base de dados para diagnosticar a criminalidade no Estado de Alagoas P2. Otimizar a atua\u00e7\u00e3o do MPAL nas persecu\u00e7\u00f5es criminais e preven\u00e7\u00e3o \u00e0 criminalidade. P1.A1. Realizar termo de coopera\u00e7\u00e3o t\u00e9cnica com a SSP\/AL, objetivando obter os dados dos Boletins de Ocorr\u00eancia, Termos Circunstanciados de Ocorr\u00eancia e Sistema de Procedimentos Policiais Eletr\u00f4nicos P1.A3. Recomendar o direcionamento do policiamento ostensivo conforme o mapeamento da criminalidade P2. A1. Difundir pol\u00edticas de atua\u00e7\u00e3o junto aos Conselhos Municipais de Seguran\u00e7a P2.A3. Unifica\u00e7\u00e3o de sistemas para ter acesso facilitado aos sistemas de informa\u00e7\u00e3o, para fins de ANPP, transa\u00e7\u00e3o penal, sursis e demais neg\u00f3cios jur\u00eddicos processuais penais e localiza\u00e7\u00e3o de pessoas.<\/span><\/p>\n<p style=\"text-align: justify;\"><strong><span style=\"font-size: 14pt;\">::: Objetivo<\/span><\/strong><\/p>\n<p style=\"text-align: justify;\"><span style=\"font-size: 14pt;\">Combater a viol\u00eancia contra a mulher, em especial o feminic\u00eddio, contribuindo para a recupera\u00e7\u00e3o, reeduca\u00e7\u00e3o e mudan\u00e7a comportamental do agressor, por meio da cria\u00e7\u00e3o de grupos reflexivos em munic\u00edpios alagoanos que apresentem maiores \u00edndices desses tipos de crimes. <\/span><\/p>\n<p style=\"text-align: justify;\"><span style=\"font-size: 14pt;\">Objetivos espec\u00edficos: <\/span><\/p>\n<p style=\"text-align: justify; padding-left: 40px;\"><span style=\"font-size: 14pt;\">* Realizar campanhas de preven\u00e7\u00e3o ao feminic\u00eddio e todo tipo de viol\u00eancia contra a mulher por meio das m\u00eddias tradicionais e sociais; <\/span><\/p>\n<p style=\"text-align: justify; padding-left: 40px;\"><span style=\"font-size: 14pt;\">*Capacitar a equipe t\u00e9cnica, abordando aspectos estruturais da viol\u00eancia dom\u00e9stica, tendo como conte\u00fado m\u00ednimo as formas de viol\u00eancia e a lei Maria da Penha, a abordagem sobre o machismo estrutural e estruturante, sobre a cultura da viol\u00eancia, sobre a responsabiliza\u00e7\u00e3o dos homens autores de viol\u00eancia e reflex\u00e3o quanto aos padr\u00f5es comportamentais e alternativos \u00e0 viol\u00eancia, nos termos da recomenda\u00e7\u00e3o 93\/2022 CNMP; <\/span><\/p>\n<p style=\"text-align: justify; padding-left: 40px;\"><span style=\"font-size: 14pt;\">*Criar grupos reflexivos e de acompanhamento psicossocial por profissionais habilitados para recupera\u00e7\u00e3o, reeduca\u00e7\u00e3o e mudan\u00e7a comportamental do agressor, mediante uni\u00e3o de esfor\u00e7os entre o sistema de justi\u00e7a local e a rede de prote\u00e7\u00e3o, preven\u00e7\u00e3o e enfrentamento \u00e0 viol\u00eancia contra as mulheres, existente em cada munic\u00edpio do Estado de Alagoas.<br \/><\/span><\/p>\n<p style=\"text-align: justify; padding-left: 40px;\"><span style=\"font-size: 14pt;\">*Motivar a cria\u00e7\u00e3o e funcionamento pleno dos Conselhos da Mulher; <\/span><\/p>\n<p style=\"text-align: justify; padding-left: 40px;\"><span style=\"font-size: 14pt;\">*Estabelecer parcerias interinstitucionais que facilitem a troca de informa\u00e7\u00f5es e a\u00e7\u00f5es para a preven\u00e7\u00e3o e combate ao feminic\u00eddio.<\/span><\/p>\n<p style=\"text-align: justify;\"><strong><span style=\"font-size: 14pt;\">::: Escopo<\/span><\/strong><\/p>\n<p style=\"text-align: justify;\"><span style=\"font-size: 14pt;\">Implementar a cria\u00e7\u00e3o de grupos reflexivos e de assist\u00eancia psicol\u00f3gica, voltadas aos agressores de viol\u00eancia dom\u00e9stica, em 100% das regi\u00f5es com maiores \u00edndices de feminic\u00eddio em Alagoas, bem como incentivar a cria\u00e7\u00e3o ou motiva\u00e7\u00e3o para o pleno funcionamento dos conselhos da mulher em munic\u00edpios alagoanos que apresentem maiores \u00edndices desses tipos de crimes.<br \/><\/span><\/p>\n<p style=\"text-align: justify;\"><strong><span style=\"font-size: 14pt;\">::: N\u00e3o Escopo<\/span><\/strong><\/p>\n<p style=\"text-align: justify; padding-left: 40px;\"><span style=\"font-size: 14pt;\">Apenas os promotores de Justi\u00e7a naturais podem ajuizar a\u00e7\u00e3o civil p\u00fablica em desfavor dos munic\u00edpios que n\u00e3o aderirem ao que o projeto busque implementar<\/span><\/p>\n<p style=\"text-align: justify;\"><strong><span style=\"font-size: 14pt;\">::: Premissas<\/span><\/strong><\/p>\n<p style=\"text-align: justify; padding-left: 40px;\"><span style=\"font-size: 14pt;\">Projeto que engloba CAOP, N\u00facleos, Promotorias e que necessita de apoio dos Promotores Naturais para efetivar a sua execu\u00e7\u00e3o<br \/><\/span><\/p>\n<p style=\"text-align: justify;\"><strong><span style=\"font-size: 14pt;\">::: Restri\u00e7\u00f5es<\/span><\/strong><\/p>\n<p style=\"text-align: justify; padding-left: 40px;\"><span style=\"font-size: 14pt;\">* Dificuldade de conciliar as agendas em virtude de englobar v\u00e1rias atores <\/span><\/p>\n<p style=\"text-align: justify; padding-left: 40px;\"><span style=\"font-size: 14pt;\">*A dificuldade de execu\u00e7\u00e3o no per\u00edodo eleitoral<br \/><\/span><\/p>\n<\/div>\n<\/div>\n<\/div><div class=\"fusion-builder-row fusion-builder-row-inner fusion-row \"><div  class=\"fusion-layout-column fusion_builder_column fusion_builder_column_1_2  fusion-one-half fusion-column-first 1_2\"  style='margin-top: 30px;margin-bottom: 20px;width:50%;width:calc(50% - ( ( 4% ) * 0.5 ) );margin-right:4%;'><div class=\"fusion-column-wrapper fusion-column-wrapper-1\" style=\"padding: 0px 0px 0px 0px;background-position:left top;background-repeat:no-repeat;-webkit-background-size:cover;-moz-background-size:cover;-o-background-size:cover;background-size:cover;\"  data-bg-url=\"\"><style type=\"text\/css\"><\/style><div class=\"fusion-title title fusion-title-1 fusion-title-center fusion-title-text fusion-title-size-two\" style=\"margin-top:0px;margin-bottom:31px;\"><div class=\"title-sep-container title-sep-container-left\"><div class=\"title-sep sep-double sep-solid\" style=\"border-color:#e0dede;\"><\/div><\/div><h2 class=\"title-heading-center\" style=\"margin:0;\">RESPONS\u00c1VEIS<\/h2><div class=\"title-sep-container title-sep-container-right\"><div class=\"title-sep sep-double sep-solid\" style=\"border-color:#e0dede;\"><\/div><\/div><\/div><div class=\"fusion-text\"><p style=\"text-align: center;\"><span style=\"font-size: 14pt; color: #003866;\" data-raofz=\"14\">FL\u00c1VIO VASCONCELOS DE BRITO<\/span><\/p>\n<\/div><div class=\"fusion-text\"><p style=\"text-align: center;\"><span style=\"font-size: 14pt; color: #003866;\" data-raofz=\"14\">HYLZA PAIVA TORRES <\/span><\/p>\n<\/div><div class=\"fusion-text\"><p style=\"text-align: center;\"><span style=\"font-size: 14pt; color: #003866;\" data-raofz=\"14\">JOS\u00c9 ANT\u00d4NIO MALTA MARQUES<\/span><\/p>\n<\/div><div class=\"fusion-text\"><p style=\"text-align: center;\"><span style=\"font-size: 14pt; color: #003866;\" data-raofz=\"14\">M\u00c1RCIO JOS\u00c9 D\u00d3RIA DA CUNHA<\/span><\/p>\n<\/div><div class=\"fusion-text\"><p style=\"text-align: center;\"><span style=\"font-size: 14pt; color: #003866;\" data-raofz=\"14\">MARIA CRISTINA MENDES CAVALCANTE BISPO OLIVEIRA<br \/>\n<\/span><\/p>\n<\/div><div class=\"fusion-text\"><p style=\"text-align: center;\"><span style=\"font-size: 14pt; color: #003866;\" data-raofz=\"14\">MARIA HELENA CAVALCANTE FERNANDES<\/span><\/p>\n<\/div><div class=\"fusion-text\"><p style=\"text-align: center;\"><span style=\"font-size: 14pt; color: #003866;\" data-raofz=\"14\">MIRYA TAVARES PINTO CARDOSO FERRO<\/span><\/p>\n<\/div><\/div><\/div><div  class=\"fusion-layout-column fusion_builder_column fusion_builder_column_1_2  fusion-one-half fusion-column-last 1_2\"  style='margin-top: 30px;margin-bottom: 20px;width:50%;width:calc(50% - ( ( 4% ) * 0.5 ) );'><div class=\"fusion-column-wrapper fusion-column-wrapper-2\" style=\"padding: 0px 0px 0px 0px;background-position:left top;background-repeat:no-repeat;-webkit-background-size:cover;-moz-background-size:cover;-o-background-size:cover;background-size:cover;\"  data-bg-url=\"\"><style type=\"text\/css\"><\/style><div class=\"fusion-title title fusion-title-2 fusion-title-center fusion-title-text fusion-title-size-two\" style=\"margin-top:0px;margin-bottom:31px;\"><div class=\"title-sep-container title-sep-container-left\"><div class=\"title-sep sep-double sep-solid\" style=\"border-color:#e0dede;\"><\/div><\/div><h2 class=\"title-heading-center\" style=\"margin:0;\">CONTATOS<\/h2><div class=\"title-sep-container title-sep-container-right\"><div class=\"title-sep sep-double sep-solid\" style=\"border-color:#e0dede;\"><\/div><\/div><\/div><div class=\"fusion-text\"><p style=\"text-align: center;\"><span style=\"font-size: 14pt; color: #003866;\" data-raofz=\"14\">(82) 2122-3713<\/span><\/p>\n<\/div><div class=\"fusion-text\"><p style=\"text-align: center;\"><span style=\"font-size: 14pt; color: #003866;\" data-raofz=\"14\">(82) 2122-3666<\/span><\/p>\n<\/div><div class=\"fusion-text\"><p style=\"text-align: center;\"><span style=\"font-size: 14pt; color: #003866;\" data-raofz=\"14\">(82) 2122-3700<\/span><\/p>\n<\/div><div class=\"fusion-text\"><p style=\"text-align: center;\"><span style=\"font-size: 14pt; color: #003866;\" data-raofz=\"14\">(82) 99802-8680<\/span><\/p>\n<\/div><div class=\"fusion-text\"><p style=\"text-align: center;\"><span style=\"font-size: 14pt; color: #003866;\" data-raofz=\"14\">(82) 2122-3594<\/span><\/p>\n<\/div><div class=\"fusion-text\"><p style=\"text-align: center;\"><span style=\"font-size: 14pt; color: #003866;\" data-raofz=\"14\">(82) 2122-3500<\/span><\/p>\n<\/div><div class=\"fusion-text\"><p style=\"text-align: center;\"><span style=\"font-size: 14pt; color: #003866;\" data-raofz=\"14\">(82) 2122-3700<\/span><\/p>\n<\/div><\/div><\/div><\/div><div class=\"fusion-sep-clear\"><\/div><div class=\"fusion-separator fusion-full-width-sep sep-none\" style=\"margin-left: auto;margin-right: auto;margin-top:10px;\"><\/div><style type=\"text\/css\"><\/style><div class=\"fusion-title title fusion-title-3 fusion-title-text fusion-title-size-three\" style=\"margin-top:40px;margin-bottom:31px;\"><h3 class=\"title-heading-left\" style=\"margin:0;color:#ffffff;\"><strong><span style=\"font-size: 14pt; color: #003866;\">Anexos<\/span><\/strong><\/h3><div class=\"title-sep-container\"><div class=\"title-sep sep-double sep-solid\" style=\"border-color:#003866;\"><\/div><\/div><\/div><div class=\"fusion-text\"><p><span style=\"font-size: 14pt;\"><i class=\"fontawesome-icon fa-file-pdf fas circle-no\" style=\"font-size:18px;margin-right:9px;color:#003866;\"><\/i><a href=\"https:\/\/www.mpal.mp.br\/wp-content\/uploads\/2024\/10\/INOVA-MPAL-de-maos-unidas-contra-o-Feminicidio.pdf\" target=\"_blank\" rel=\"noopener\">Projeto &#8211; MPAL de m\u00e3os unidas contra o feminic\u00eddio &#8211; INOVA<\/a><\/span><\/p>\n<\/div><div class=\"fusion-clearfix\"><\/div>\n\n\t\t\t\t\t<\/div>\n\t\t\t\t<\/div><\/div><\/div><div class=\"fusion-fullwidth fullwidth-box fusion-builder-row-2 nonhundred-percent-fullwidth non-hundred-percent-height-scrolling\"  style='background-color: #ffffff;background-position: center center;background-repeat: no-repeat;padding-top:0px;padding-right:0px;padding-bottom:0px;padding-left:0px;'><div class=\"fusion-builder-row fusion-row \"><div  class=\"fusion-layout-column fusion_builder_column fusion_builder_column_1_1 fusion-builder-column-2 fusion-one-full fusion-column-first fusion-column-last 1_1\"  style='margin-top:0px;margin-bottom:20px;'>\n\t\t\t\t\t<div class=\"fusion-column-wrapper\" style=\"padding: 0px 0px 0px 0px;background-position:left top;background-repeat:no-repeat;-webkit-background-size:cover;-moz-background-size:cover;-o-background-size:cover;background-size:cover;\"   data-bg-url=\"\">\n\t\t\t\t\t\t<style type=\"text\/css\"><\/style><div class=\"fusion-title title fusion-title-4 fusion-title-center fusion-title-text fusion-title-size-three\" style=\"margin-top:40px;margin-bottom:31px;\"><div class=\"title-sep-container title-sep-container-left\"><div class=\"title-sep sep-double sep-solid\" style=\"border-color:#003866;\"><\/div><\/div><h3 class=\"title-heading-center\" style=\"margin:0;color:#ffffff;\"><span style=\"color: #808080;\"><strong><span style=\"font-size: 14pt;\">\u00daltimos Projetos<\/span><\/strong><\/span><\/h3><div class=\"title-sep-container title-sep-container-right\"><div class=\"title-sep sep-double sep-solid\" style=\"border-color:#003866;\"><\/div><\/div><\/div><div class=\"fusion-recent-posts fusion-recent-posts-1 avada-container layout-default layout-columns-1\"><section class=\"fusion-columns columns fusion-columns-1 columns-1\"><article class=\"post fusion-column column col col-lg-12 col-md-12 col-sm-12\"><div class=\"recent-posts-content\"><span class=\"vcard\" style=\"display: none;\"><span class=\"fn\"><a href=\"https:\/\/www.mpal.mp.br\/?author=2\" title=\"Posts de Administrador03\" rel=\"author\">Administrador03<\/a><\/span><\/span><span class=\"updated\" style=\"display:none;\">2025-09-10T10:10:39-03:00<\/span><h4 class=\"entry-title\"><a href=\"https:\/\/www.mpal.mp.br\/?p=60868\">Projeto &#8211; PM: Quero Paz!<\/a><\/h4><\/div><\/article><article class=\"post fusion-column column col col-lg-12 col-md-12 col-sm-12\"><div class=\"recent-posts-content\"><span class=\"vcard\" style=\"display: none;\"><span class=\"fn\"><a href=\"https:\/\/www.mpal.mp.br\/?author=2\" title=\"Posts de Administrador03\" rel=\"author\">Administrador03<\/a><\/span><\/span><span class=\"updated\" style=\"display:none;\">2025-09-10T08:45:48-03:00<\/span><h4 class=\"entry-title\"><a href=\"https:\/\/www.mpal.mp.br\/?p=60799\">Projeto &#8211; Acolher para Proteger<\/a><\/h4><\/div><\/article><article class=\"post fusion-column column col col-lg-12 col-md-12 col-sm-12\"><div class=\"recent-posts-content\"><span class=\"vcard\" style=\"display: none;\"><span class=\"fn\"><a href=\"https:\/\/www.mpal.mp.br\/?author=2\" title=\"Posts de Administrador03\" rel=\"author\">Administrador03<\/a><\/span><\/span><span class=\"updated\" style=\"display:none;\">2025-09-11T10:08:18-03:00<\/span><h4 class=\"entry-title\"><a href=\"https:\/\/www.mpal.mp.br\/?p=60949\">Projeto &#8211; O Futuro \u00e9 agora &#8211; MPAL na luta contra a fome<\/a><\/h4><\/div><\/article><article class=\"post fusion-column column col col-lg-12 col-md-12 col-sm-12\"><div class=\"recent-posts-content\"><span class=\"vcard\" style=\"display: none;\"><span class=\"fn\"><a href=\"https:\/\/www.mpal.mp.br\/?author=2\" title=\"Posts de Administrador03\" rel=\"author\">Administrador03<\/a><\/span><\/span><span class=\"updated\" style=\"display:none;\">2025-09-10T09:53:04-03:00<\/span><h4 class=\"entry-title\"><a href=\"https:\/\/www.mpal.mp.br\/?p=60854\">Projeto &#8211; O Fomento do terceiro<\/a><\/h4><\/div><\/article><article class=\"post fusion-column column col col-lg-12 col-md-12 col-sm-12\"><div class=\"recent-posts-content\"><span class=\"vcard\" style=\"display: none;\"><span class=\"fn\"><a href=\"https:\/\/www.mpal.mp.br\/?author=2\" title=\"Posts de Administrador03\" rel=\"author\">Administrador03<\/a><\/span><\/span><span class=\"updated\" style=\"display:none;\">2025-09-10T09:45:49-03:00<\/span><h4 class=\"entry-title\"><a href=\"https:\/\/www.mpal.mp.br\/?p=60846\">Projeto &#8211; Nossa Educa\u00e7\u00e3o daria um Livro<\/a><\/h4><\/div><\/article><article class=\"post fusion-column column col col-lg-12 col-md-12 col-sm-12\"><div class=\"recent-posts-content\"><span class=\"vcard\" style=\"display: none;\"><span class=\"fn\"><a href=\"https:\/\/www.mpal.mp.br\/?author=2\" title=\"Posts de Administrador03\" rel=\"author\">Administrador03<\/a><\/span><\/span><span class=\"updated\" style=\"display:none;\">2025-09-10T08:56:41-03:00<\/span><h4 class=\"entry-title\"><a href=\"https:\/\/www.mpal.mp.br\/?p=60806\">Projeto &#8211; Educar e Proteger<\/a><\/h4><\/div><\/article><\/section><\/div><div class=\"fusion-clearfix\"><\/div>\n\n\t\t\t\t\t<\/div>\n\t\t\t\t<\/div><\/div><\/div><\/p>\n","protected":false},"excerpt":{"rendered":"","protected":false},"author":2,"featured_media":47831,"comment_status":"open","ping_status":"open","sticky":false,"template":"","format":"standard","meta":{"om_disable_all_campaigns":false,"_monsterinsights_skip_tracking":false,"_monsterinsights_sitenote_active":false,"_monsterinsights_sitenote_note":"","_monsterinsights_sitenote_category":0,"_uf_show_specific_survey":0,"_uf_disable_surveys":false,"footnotes":""},"categories":[28],"tags":[],"class_list":["post-47826","post","type-post","status-publish","format-standard","has-post-thumbnail","hentry","category-projetos"],"aioseo_notices":[],"_links":{"self":[{"href":"https:\/\/www.mpal.mp.br\/index.php?rest_route=\/wp\/v2\/posts\/47826","targetHints":{"allow":["GET"]}}],"collection":[{"href":"https:\/\/www.mpal.mp.br\/index.php?rest_route=\/wp\/v2\/posts"}],"about":[{"href":"https:\/\/www.mpal.mp.br\/index.php?rest_route=\/wp\/v2\/types\/post"}],"author":[{"embeddable":true,"href":"https:\/\/www.mpal.mp.br\/index.php?rest_route=\/wp\/v2\/users\/2"}],"replies":[{"embeddable":true,"href":"https:\/\/www.mpal.mp.br\/index.php?rest_route=%2Fwp%2Fv2%2Fcomments&post=47826"}],"version-history":[{"count":3,"href":"https:\/\/www.mpal.mp.br\/index.php?rest_route=\/wp\/v2\/posts\/47826\/revisions"}],"predecessor-version":[{"id":47832,"href":"https:\/\/www.mpal.mp.br\/index.php?rest_route=\/wp\/v2\/posts\/47826\/revisions\/47832"}],"wp:featuredmedia":[{"embeddable":true,"href":"https:\/\/www.mpal.mp.br\/index.php?rest_route=\/wp\/v2\/media\/47831"}],"wp:attachment":[{"href":"https:\/\/www.mpal.mp.br\/index.php?rest_route=%2Fwp%2Fv2%2Fmedia&parent=47826"}],"wp:term":[{"taxonomy":"category","embeddable":true,"href":"https:\/\/www.mpal.mp.br\/index.php?rest_route=%2Fwp%2Fv2%2Fcategories&post=47826"},{"taxonomy":"post_tag","embeddable":true,"href":"https:\/\/www.mpal.mp.br\/index.php?rest_route=%2Fwp%2Fv2%2Ftags&post=47826"}],"curies":[{"name":"wp","href":"https:\/\/api.w.org\/{rel}","templated":true}]}}