{"id":47822,"date":"2024-03-31T09:25:13","date_gmt":"2024-03-31T12:25:13","guid":{"rendered":"https:\/\/www.mpal.mp.br\/?p=47822"},"modified":"2024-10-01T09:25:30","modified_gmt":"2024-10-01T12:25:30","slug":"projeto-reconexao","status":"publish","type":"post","link":"https:\/\/www.mpal.mp.br\/?p=47822","title":{"rendered":"Projeto: (Re)conex\u00e3o"},"content":{"rendered":"<p><div class=\"fusion-fullwidth fullwidth-box fusion-builder-row-1 nonhundred-percent-fullwidth non-hundred-percent-height-scrolling\"  style='background-color: #ffffff;background-position: center center;background-repeat: no-repeat;padding-top:0px;padding-right:0px;padding-bottom:0px;padding-left:0px;'><div class=\"fusion-builder-row fusion-row \"><div  class=\"fusion-layout-column fusion_builder_column fusion_builder_column_1_1 fusion-builder-column-1 fusion-one-full fusion-column-first fusion-column-last 1_1\"  style='margin-top:0px;margin-bottom:20px;'>\n\t\t\t\t\t<div class=\"fusion-column-wrapper\" style=\"padding: 0px 0px 0px 0px;background-position:left top;background-repeat:no-repeat;-webkit-background-size:cover;-moz-background-size:cover;-o-background-size:cover;background-size:cover;\"   data-bg-url=\"\">\n\t\t\t\t\t\t<div class=\"fusion-text\"><div class=\"wpb_text_column wpb_content_element \" data-raofz=\"14\">\n<div id=\"ct_86stlyctqtlscocy50gx\" class=\"wpb_wrapper\" data-raofz=\"14\">\n<p style=\"text-align: justify;\"><strong><span style=\"font-size: 14pt;\">Minist\u00e9rio P\u00fablico do Estado de Alagoas<\/span><\/strong><\/p>\n<p style=\"text-align: justify;\"><span style=\"font-size: 14pt;\"><strong>INOVA <\/strong>| Sistema de Gest\u00e3o de Projetos e Processos<\/span><\/p>\n<p style=\"text-align: justify;\"><span style=\"font-size: 14pt;\">(RE)CONEX\u00c3O<\/span><\/p>\n<p style=\"text-align: justify;\"><span style=\"font-size: 14pt;\"><strong>Tipo: <\/strong>Projeto\u00a0\u00a0\u00a0\u00a0\u00a0\u00a0\u00a0\u00a0\u00a0\u00a0\u00a0\u00a0\u00a0\u00a0\u00a0\u00a0\u00a0\u00a0\u00a0\u00a0\u00a0\u00a0\u00a0\u00a0\u00a0\u00a0\u00a0\u00a0\u00a0\u00a0\u00a0\u00a0 <strong>\u00c1rea Regional: <\/strong>Munic\u00edpio de origem n\u00e3o informado<\/span><\/p>\n<p style=\"text-align: justify;\"><span style=\"font-size: 14pt;\"><strong>Status: <\/strong>Em elabora\u00e7\u00e3o\u00a0 \u00a0 \u00a0 \u00a0 \u00a0 \u00a0 \u00a0 \u00a0 \u00a0 \u00a0<strong>Unidade: <\/strong>Unidade de origem n\u00e3o informada<\/span><\/p>\n<p style=\"text-align: justify;\"><strong><span style=\"font-size: 14pt;\">::: Problema\/ Oportunidade<\/span><\/strong><\/p>\n<p style=\"text-align: justify;\"><span style=\"font-size: 14pt;\">O desenvolvimento das habilidades pessoais \u00e9 fator preponderante para um bom desempenho das atribui\u00e7\u00f5es que um indiv\u00edduo det\u00e9m em suas intera\u00e7\u00f5es sociais. O desempenho dessas habilidades se apresenta, ainda mais forte, diante do mercado de trabalho, onde o conjunto de conhecimentos, habilidades e atitudes que o indiv\u00edduo adquire ao longo de sua trajet\u00f3ria de vida podem, e devem, ser utilizados para um melhor desempenho de suas fun\u00e7\u00f5es, buscando que estas sejam exercidas com efici\u00eancia e qualidade. Em termos de compet\u00eancias t\u00e9cnicas, comportamentais e emocionais essenciais \u00e0 comunica\u00e7\u00e3o e resolu\u00e7\u00e3o de problemas e sua aplicabilidade no mercado produtivo, importante o conhecimento acerca do que se conceitua como hard e soft skills. Hard skills s\u00e3o as aptid\u00f5es t\u00e9cnicas de um profissional, normalmente adquiridas por meio de cursos, treinamentos, workshops, dentre outras modalidades de ensino. Soft skills, de outro ponto, tamb\u00e9m conhecidas como compet\u00eancias socioemocionais, s\u00e3o as habilidades ligadas ao nosso modo de agir, tomar decis\u00f5es e de nos relacionarmos com os outros. Est\u00e3o diretamente ligadas \u00e0s aptid\u00f5es mentais de um indiv\u00edduo e \u00e0 capacidade de lidar positivamente com fatores emocionais. Nesse contexto, importante o est\u00edmulo para verifica\u00e7\u00e3o, e mesmo auto-observa\u00e7\u00e3o, das habilidades e caracter\u00edsticas inatas e adquiridas que cada indiv\u00edduo possui, viabilizando a aplica\u00e7\u00e3o destas no ambiente de trabalho, a fim de que as atribui\u00e7\u00f5es laborais sejam desempenhadas de acordo com as caracter\u00edsticas pessoais dos servidores, atreladas, ainda, \u00e0s habilidades t\u00e9cnicas que foram sendo galgadas ao longo do desenvolvimento pessoal de cada integrante do MPAL. Desta forma, apresenta-se a necessidade de expor o conhecimento acerca do assunto, para que se viabilize \u00e0 institui\u00e7\u00e3o a utiliza\u00e7\u00e3o das potencialidades dos integrantes que comp\u00f5em os quadros do Minist\u00e9rio P\u00fablico do Estado de Alagoas, al\u00e9m de promover melhorias na integra\u00e7\u00e3o do p\u00fablico interno e na comunica\u00e7\u00e3o institucional, fatores que, reunidos, auxiliar\u00e3o no acr\u00e9scimo de produtividade e constante aprimoramento da presta\u00e7\u00e3o dos servi\u00e7os realizados no \u00e2mbito do Parquet Estadual. O projeto intenta a realiza\u00e7\u00e3o m\u00ednima de 9 capacita\u00e7\u00f5es voltadas ao desenvolvimento de soft skills (habilidades interpessoais, comportamentais, sociais e emocionais) pelo p\u00fablico interno da institui\u00e7\u00e3o, com o intuito de estimular melhorias no planejamento de a\u00e7\u00f5es, no trabalho em equipe, no autoconhecimento de membros e servidores e na solu\u00e7\u00e3o de problemas por meio de din\u00e2micas inovadoras e interativas.<\/span><\/p>\n<p style=\"text-align: justify;\"><strong><span style=\"font-size: 14pt;\">::: Objetivo<\/span><\/strong><\/p>\n<p style=\"text-align: justify;\"><strong><span style=\"font-size: 14pt;\">OBJETIVO GERAL <\/span><\/strong><\/p>\n<p style=\"text-align: justify;\"><span style=\"font-size: 14pt;\">Realiza\u00e7\u00e3o m\u00ednima de 9 capacita\u00e7\u00f5es voltadas ao desenvolvimento de soft skills (habilidades interpessoais, comportamentais, sociais e emocionais) pelo p\u00fablico interno da institui\u00e7\u00e3o, com o intuito de estimular melhorias no planejamento de a\u00e7\u00f5es, no trabalho em equipe, no autoconhecimento de membros e servidores e na solu\u00e7\u00e3o de problemas por meio de din\u00e2micas inovadoras e interativas. <\/span><\/p>\n<p style=\"text-align: justify;\"><strong><span style=\"font-size: 14pt;\">OBJETIVOS ESPEC\u00cdFICOS <\/span><\/strong><\/p>\n<p style=\"text-align: justify; padding-left: 40px;\"><span style=\"font-size: 14pt;\">&#8211; Objetivo <\/span><span style=\"font-size: 14pt;\">Espec\u00edfico 1 \u2013 Din\u00e2mica: movimento e reconex\u00e3o. Abrang\u00eancia: Macei\u00f3 e Arapiraca.<\/span><\/p>\n<p style=\"text-align: justify; padding-left: 40px;\"><span style=\"font-size: 14pt;\">&#8211; Objetivo Espec\u00edfico 2 \u2013 Workshop: jogos e resolu\u00e7\u00f5es de problemas. Abrang\u00eancia: Macei\u00f3 e Arapiraca <\/span><\/p>\n<p style=\"text-align: justify; padding-left: 40px;\"><span style=\"font-size: 14pt;\">&#8211; Objetivo Espec\u00edfico 3 \u2013 Din\u00e2mica: natureza, cultura e informa\u00e7\u00e3o. Abrang\u00eancia: Todo o estado. <\/span><\/p>\n<p style=\"text-align: justify; padding-left: 40px;\"><span style=\"font-size: 14pt;\">&#8211; Objetivo Espec\u00edfico 4 \u2013 Din\u00e2mica: servi\u00e7o p\u00fablico e cidadania Abrang\u00eancia: Macei\u00f3 e Arapiraca <\/span><\/p>\n<p style=\"text-align: justify; padding-left: 40px;\"><span style=\"font-size: 14pt;\">&#8211; Objetivo Espec\u00edfico 5 \u2013 Din\u00e2mica: um livro e uma rede Abrang\u00eancia: Macei\u00f3 e Arapiraca <\/span><\/p>\n<p style=\"text-align: justify; padding-left: 40px;\"><span style=\"font-size: 14pt;\">&#8211; Objetivo Espec\u00edfico 6 \u2013 Din\u00e2mica: fonte de energia e conex\u00e3o Abrang\u00eancia: Todo o estado. <\/span><\/p>\n<p style=\"text-align: justify; padding-left: 40px;\"><span style=\"font-size: 14pt;\">&#8211; Objetivo Espec\u00edfico 7 \u2013 Din\u00e2mica: movimento e descobertas Abrang\u00eancia: Macei\u00f3 e Arapiraca <\/span><\/p>\n<p style=\"text-align: justify; padding-left: 40px;\"><span style=\"font-size: 14pt;\">&#8211; Objetivo Espec\u00edfico 8 \u2013 Din\u00e2mica: pr\u00e1ticas integrativas Abrang\u00eancia: Macei\u00f3 e Arapiraca <\/span><\/p>\n<p style=\"text-align: justify; padding-left: 40px;\"><span style=\"font-size: 14pt;\">&#8211; Objetivo Espec\u00edfico 9 &#8211; Din\u00e2mica: a vida e o mundo digital Abrang\u00eancia: Macei\u00f3 e Arapiraca<br \/><\/span><\/p>\n<p style=\"text-align: justify;\"><strong><span style=\"font-size: 14pt;\">::: Escopo<\/span><\/strong><\/p>\n<p style=\"text-align: justify;\"><span style=\"font-size: 14pt;\">O projeto realizar\u00e1 atividades e din\u00e2micas com vistas a apresentar a gama de habilidades comportamentais, culturais e socioemocionais existentes, bem como aclarar aos participantes as soft skills que cada indiv\u00edduo possui. O desenvolvimento das atividades planejadas para o projeto visa, ainda, a apresentar atividades e estrat\u00e9gias aptas ao aperfei\u00e7oamento das referidas habilidades, bem como o desenvolvimento daquelas que cada indiv\u00edduo entenda que est\u00e3o enfraquecidas. As atividades tendem \u00e0 utiliza\u00e7\u00e3o das potencialidades dos integrantes que comp\u00f5em os quadros do Minist\u00e9rio P\u00fablico do Estado de Alagoas, al\u00e9m de promover melhorias na integra\u00e7\u00e3o do p\u00fablico interno e na comunica\u00e7\u00e3o institucional, fatores que, reunidos, auxiliar\u00e3o no acr\u00e9scimo de produtividade e constante aprimoramento da presta\u00e7\u00e3o dos servi\u00e7os realizados no \u00e2mbito do Parquet Estadual.<\/span><\/p>\n<p style=\"text-align: justify;\"><strong><span style=\"font-size: 14pt;\">::: N\u00e3o Escopo<\/span><\/strong><\/p>\n<p style=\"text-align: justify; padding-left: 40px;\"><span style=\"font-size: 14pt;\">N\u00e3o se destina a promover atividades de gest\u00e3o de pessoas do MPAL; <\/span><\/p>\n<p style=\"text-align: justify; padding-left: 40px;\"><span style=\"font-size: 14pt;\">N\u00e3o interferir\u00e1 na atua\u00e7\u00e3o t\u00e9cnica de membros e servidores do MPAL; <\/span><\/p>\n<p style=\"text-align: justify; padding-left: 40px;\"><span style=\"font-size: 14pt;\">O projeto n\u00e3o envolve premia\u00e7\u00e3o de cunho financeiro.<\/span><\/p>\n<p style=\"text-align: justify;\"><strong><span style=\"font-size: 14pt;\">::: Premissas<\/span><\/strong><\/p>\n<p style=\"text-align: justify; padding-left: 40px;\"><span style=\"font-size: 14pt;\">Riscos Iniciais: Ac\u00famulo de fun\u00e7\u00f5es pelo coordenador do projeto provocando impossibilidade de participa\u00e7\u00e3o nos eventos; Desest\u00edmulo e falta de comprometimento por parte do p\u00fablico-alvo do projeto.<\/span><\/p>\n<p style=\"text-align: justify;\"><strong><span style=\"font-size: 14pt;\">::: Restri\u00e7\u00f5es<\/span><\/strong><\/p>\n<p style=\"text-align: justify; padding-left: 40px;\"><span style=\"font-size: 14pt;\">PLANO DE TRABALHO DO PROJETO OBJETIVO GERAL: <\/span><\/p>\n<p style=\"text-align: justify; padding-left: 40px;\"><span style=\"font-size: 14pt;\">Objetivo Espec\u00edfico 1 \u2013 Din\u00e2mica: movimento e reconex\u00e3o. A\u00c7\u00c3O 1.1 &#8211; Caminhada Comemorativa do Dia do Minist\u00e9rio P\u00fablico In\u00edcio: 10\/2023 T\u00e9rmino: 12\/2023 Produto: Promo\u00e7\u00e3o da sa\u00fade e integra\u00e7\u00e3o dos participantes <\/span><\/p>\n<p style=\"text-align: justify; padding-left: 40px;\"><span style=\"font-size: 14pt;\">Objetivo Espec\u00edfico 2 \u2013 Workshop: jogos e resolu\u00e7\u00f5es de problemas. A\u00c7\u00c3O: 2.1 &#8211; Evento em que ser\u00e3o estimuladas as pr\u00e1ticas de jogos (Quebra-cabe\u00e7a, xadrez e Quiz) In\u00edcio: 09\/2023 T\u00e9rmino: 09\/2023 Produto: Integra\u00e7\u00e3o dos participantes. <\/span><\/p>\n<p style=\"text-align: justify; padding-left: 40px;\"><span style=\"font-size: 14pt;\">Objetivo Espec\u00edfico 3 \u2013 Din\u00e2mica: natureza, cultura e informa\u00e7\u00e3o. A\u00c7\u00d5ES: 3.1 &#8211; Produ\u00e7\u00e3o e Lan\u00e7amento do I Caderno Liter\u00e1rio do Minist\u00e9rio P\u00fablico de Alagoas In\u00edcio: 1\u00ba\/08\/2023 T\u00e9rmino: 30\/11\/2023 Produto: Caderno Liter\u00e1rio 3.2 &#8211; Oficina para cria\u00e7\u00e3o de poema\/contos In\u00edcio: 11\/2023 T\u00e9rmino: 11\/2023 Produto: Produ\u00e7\u00e3o de textos para constar no acervo de publica\u00e7\u00f5es para o II Caderno Liter\u00e1rio. <\/span><\/p>\n<p style=\"text-align: justify; padding-left: 40px;\"><span style=\"font-size: 14pt;\">Objetivo Espec\u00edfico 4 \u2013 Din\u00e2mica: servi\u00e7o p\u00fablico e cidadania A\u00c7\u00c3O 4.1 &#8211; Doa\u00e7\u00e3o de sangue In\u00edcio: 10\/20023 T\u00e9rmino: 12\/2023 Produto: Doa\u00e7\u00e3o de sangue <\/span><\/p>\n<p style=\"text-align: justify; padding-left: 40px;\"><span style=\"font-size: 14pt;\">Objetivo Espec\u00edfico 5 \u2013 Din\u00e2mica: um livro e uma rede A\u00c7\u00c3O 5.1 &#8211; Leitura de uma obra liter\u00e1ria In\u00edcio: 12\/2023 T\u00e9rmino: 02\/2024 Produto: Grupo de leitura <\/span><\/p>\n<p style=\"text-align: justify; padding-left: 40px;\"><span style=\"font-size: 14pt;\">Objetivo Espec\u00edfico 6 \u2013 Din\u00e2mica: fonte de energia e conex\u00e3o A\u00c7\u00c3O 6.1 &#8211; Din\u00e2mica para conscientiza\u00e7\u00e3o de h\u00e1bitos de alimenta\u00e7\u00e3o saud\u00e1veis In\u00edcio: 12\/2023 T\u00e9rmino: 03\/2024 Produto: Palestra educacional <\/span><\/p>\n<p style=\"text-align: justify; padding-left: 40px;\"><span style=\"font-size: 14pt;\">Objetivo Espec\u00edfico 7 \u2013 Din\u00e2mica: movimento e descobertas A\u00c7\u00d5ES: 7.1 &#8211; Caminhada IPMA In\u00edcio: 03\/2024 T\u00e9rmino: 03\/2024 Produto: Promo\u00e7\u00e3o da sa\u00fade e integra\u00e7\u00e3o dos participantes 7.2 &#8211; Programa\u00e7\u00e3o de visita ao IPMA e plantio de mudas nativas do bioma In\u00edcio: 03\/2024 T\u00e9rmino: 03\/2024 Produto: Palestra educacional a ser realizada na semana de comemora\u00e7\u00e3o do Dia do Servidor P\u00fablico. <\/span><\/p>\n<p style=\"text-align: justify; padding-left: 40px;\"><span style=\"font-size: 14pt;\">Objetivo Espec\u00edfico 8 \u2013 Din\u00e2mica: pr\u00e1ticas integrativas A\u00c7\u00d5ES 8.1 &#8211; Atividade de bem-estar f\u00edsico (Alongamento, cuidados f\u00edsicos) In\u00edcio: 12\/2023 T\u00e9rmino: 12\/2023 Produto: Promo\u00e7\u00e3o da sa\u00fade e integra\u00e7\u00e3o dos participantes 8.2 &#8211; Desenvolvimento de atividades que estimulem aten\u00e7\u00e3o plena (medita\u00e7\u00e3o\/ yoga) In\u00edcio: 01\/2024 T\u00e9rmino: 01\/2024 Produto: Palestra educacional e atividade pr\u00e1tica <\/span><\/p>\n<p style=\"text-align: justify; padding-left: 40px;\"><span style=\"font-size: 14pt;\">Objetivo Espec\u00edfico 9 \u2013 Din\u00e2mica: a vida e o mundo digital A\u00c7\u00d5ES 9.1 &#8211; Palestra destinada a apresenta\u00e7\u00e3o de aplicativos de otimiza\u00e7\u00e3o de tempo trabalho e vida pessoal In\u00edcio: 08\/2023 T\u00e9rmino: 11\/2023 Produto: Palestra educacional 9.2 &#8211; Palestra acerca das tem\u00e1ticas de Seguran\u00e7a Digital (pessoal e trabalho) e Intelig\u00eancia Artificial In\u00edcio: 02\/2024 T\u00e9rmino: 02\/2024 Produto: Palestra educacional\u00a0<\/span><\/p>\n<\/div>\n<\/div>\n<\/div><div class=\"fusion-builder-row fusion-builder-row-inner fusion-row \"><div  class=\"fusion-layout-column fusion_builder_column fusion_builder_column_1_2  fusion-one-half fusion-column-first 1_2\"  style='margin-top: 30px;margin-bottom: 20px;width:50%;width:calc(50% - ( ( 4% ) * 0.5 ) );margin-right:4%;'><div class=\"fusion-column-wrapper fusion-column-wrapper-1\" style=\"padding: 0px 0px 0px 0px;background-position:left top;background-repeat:no-repeat;-webkit-background-size:cover;-moz-background-size:cover;-o-background-size:cover;background-size:cover;\"  data-bg-url=\"\"><style type=\"text\/css\"><\/style><div class=\"fusion-title title fusion-title-1 fusion-title-center fusion-title-text fusion-title-size-two\" style=\"margin-top:0px;margin-bottom:31px;\"><div class=\"title-sep-container title-sep-container-left\"><div class=\"title-sep sep-double sep-solid\" style=\"border-color:#e0dede;\"><\/div><\/div><h2 class=\"title-heading-center\" style=\"margin:0;\">RESPONS\u00c1VEIS<\/h2><div class=\"title-sep-container title-sep-container-right\"><div class=\"title-sep sep-double sep-solid\" style=\"border-color:#e0dede;\"><\/div><\/div><\/div><div class=\"fusion-text\"><p style=\"text-align: center;\"><span style=\"font-size: 14pt; color: #003866;\" data-raofz=\"14\">ANDREZA GALINDO ALVES DE QUEIR\u00d3Z<\/span><\/p>\n<\/div><div class=\"fusion-text\"><p style=\"text-align: center;\"><span style=\"font-size: 14pt; color: #003866;\" data-raofz=\"14\">ISABELLE NICOLE RAMOS ARAUJO<\/span><\/p>\n<\/div><div class=\"fusion-text\"><p style=\"text-align: center;\"><span style=\"font-size: 14pt; color: #003866;\" data-raofz=\"14\">WALBER JOS\u00c9 VALENTE DE LIMA<\/span><\/p>\n<\/div><\/div><\/div><div  class=\"fusion-layout-column fusion_builder_column fusion_builder_column_1_2  fusion-one-half fusion-column-last 1_2\"  style='margin-top: 30px;margin-bottom: 20px;width:50%;width:calc(50% - ( ( 4% ) * 0.5 ) );'><div class=\"fusion-column-wrapper fusion-column-wrapper-2\" style=\"padding: 0px 0px 0px 0px;background-position:left top;background-repeat:no-repeat;-webkit-background-size:cover;-moz-background-size:cover;-o-background-size:cover;background-size:cover;\"  data-bg-url=\"\"><style type=\"text\/css\"><\/style><div class=\"fusion-title title fusion-title-2 fusion-title-center fusion-title-text fusion-title-size-two\" style=\"margin-top:0px;margin-bottom:31px;\"><div class=\"title-sep-container title-sep-container-left\"><div class=\"title-sep sep-double sep-solid\" style=\"border-color:#e0dede;\"><\/div><\/div><h2 class=\"title-heading-center\" style=\"margin:0;\">CONTATOS<\/h2><div class=\"title-sep-container title-sep-container-right\"><div class=\"title-sep sep-double sep-solid\" style=\"border-color:#e0dede;\"><\/div><\/div><\/div><div class=\"fusion-text\"><p style=\"text-align: center;\"><span style=\"font-size: 14pt; color: #003866;\" data-raofz=\"14\">(82) 99949-4297<\/span><\/p>\n<\/div><div class=\"fusion-text\"><p style=\"text-align: center;\"><span style=\"font-size: 14pt; color: #003866;\" data-raofz=\"14\">(82) 2122-3733<\/span><\/p>\n<\/div><div class=\"fusion-text\"><p style=\"text-align: center;\"><span style=\"font-size: 14pt; color: #003866;\" data-raofz=\"14\">(82) 2122-3500<\/span><\/p>\n<\/div><\/div><\/div><\/div><div class=\"fusion-sep-clear\"><\/div><div class=\"fusion-separator fusion-full-width-sep sep-none\" style=\"margin-left: auto;margin-right: auto;margin-top:10px;\"><\/div><style type=\"text\/css\"><\/style><div class=\"fusion-title title fusion-title-3 fusion-title-text fusion-title-size-three\" style=\"margin-top:40px;margin-bottom:31px;\"><h3 class=\"title-heading-left\" style=\"margin:0;color:#ffffff;\"><strong><span style=\"font-size: 14pt; color: #003866;\">Anexos<\/span><\/strong><\/h3><div class=\"title-sep-container\"><div class=\"title-sep sep-double sep-solid\" style=\"border-color:#003866;\"><\/div><\/div><\/div><div class=\"fusion-text\"><p><span style=\"font-size: 14pt;\"><i class=\"fontawesome-icon fa-file-pdf fas circle-no\" style=\"font-size:18px;margin-right:9px;color:#003866;\"><\/i><a href=\"https:\/\/www.mpal.mp.br\/wp-content\/uploads\/2024\/10\/INOVA-REConexao.pdf\" target=\"_blank\" rel=\"noopener\">Projeto &#8211; (RE)CONEX\u00c3O &#8211; INOVA<\/a><\/span><\/p>\n<\/div><div class=\"fusion-clearfix\"><\/div>\n\n\t\t\t\t\t<\/div>\n\t\t\t\t<\/div><\/div><\/div><div class=\"fusion-fullwidth fullwidth-box fusion-builder-row-2 nonhundred-percent-fullwidth non-hundred-percent-height-scrolling\"  style='background-color: #ffffff;background-position: center center;background-repeat: no-repeat;padding-top:0px;padding-right:0px;padding-bottom:0px;padding-left:0px;'><div class=\"fusion-builder-row fusion-row \"><div  class=\"fusion-layout-column fusion_builder_column fusion_builder_column_1_1 fusion-builder-column-2 fusion-one-full fusion-column-first fusion-column-last 1_1\"  style='margin-top:0px;margin-bottom:20px;'>\n\t\t\t\t\t<div class=\"fusion-column-wrapper\" style=\"padding: 0px 0px 0px 0px;background-position:left top;background-repeat:no-repeat;-webkit-background-size:cover;-moz-background-size:cover;-o-background-size:cover;background-size:cover;\"   data-bg-url=\"\">\n\t\t\t\t\t\t<style type=\"text\/css\"><\/style><div class=\"fusion-title title fusion-title-4 fusion-title-center fusion-title-text fusion-title-size-three\" style=\"margin-top:40px;margin-bottom:31px;\"><div class=\"title-sep-container title-sep-container-left\"><div class=\"title-sep sep-double sep-solid\" style=\"border-color:#003866;\"><\/div><\/div><h3 class=\"title-heading-center\" style=\"margin:0;color:#ffffff;\"><span style=\"color: #808080;\"><strong><span style=\"font-size: 14pt;\">\u00daltimos Projetos<\/span><\/strong><\/span><\/h3><div class=\"title-sep-container title-sep-container-right\"><div class=\"title-sep sep-double sep-solid\" style=\"border-color:#003866;\"><\/div><\/div><\/div><div class=\"fusion-recent-posts fusion-recent-posts-1 avada-container layout-default layout-columns-1\"><section class=\"fusion-columns columns fusion-columns-1 columns-1\"><article class=\"post fusion-column column col col-lg-12 col-md-12 col-sm-12\"><div class=\"recent-posts-content\"><span class=\"vcard\" style=\"display: none;\"><span class=\"fn\"><a href=\"https:\/\/www.mpal.mp.br\/?author=2\" title=\"Posts de Administrador03\" rel=\"author\">Administrador03<\/a><\/span><\/span><span class=\"updated\" style=\"display:none;\">2025-09-10T10:10:39-03:00<\/span><h4 class=\"entry-title\"><a href=\"https:\/\/www.mpal.mp.br\/?p=60868\">Projeto &#8211; PM: Quero Paz!<\/a><\/h4><\/div><\/article><article class=\"post fusion-column column col col-lg-12 col-md-12 col-sm-12\"><div class=\"recent-posts-content\"><span class=\"vcard\" style=\"display: none;\"><span class=\"fn\"><a href=\"https:\/\/www.mpal.mp.br\/?author=2\" title=\"Posts de Administrador03\" rel=\"author\">Administrador03<\/a><\/span><\/span><span class=\"updated\" style=\"display:none;\">2025-09-10T08:45:48-03:00<\/span><h4 class=\"entry-title\"><a href=\"https:\/\/www.mpal.mp.br\/?p=60799\">Projeto &#8211; Acolher para Proteger<\/a><\/h4><\/div><\/article><article class=\"post fusion-column column col col-lg-12 col-md-12 col-sm-12\"><div class=\"recent-posts-content\"><span class=\"vcard\" style=\"display: none;\"><span class=\"fn\"><a href=\"https:\/\/www.mpal.mp.br\/?author=2\" title=\"Posts de Administrador03\" rel=\"author\">Administrador03<\/a><\/span><\/span><span class=\"updated\" style=\"display:none;\">2025-09-11T10:08:18-03:00<\/span><h4 class=\"entry-title\"><a href=\"https:\/\/www.mpal.mp.br\/?p=60949\">Projeto &#8211; O Futuro \u00e9 agora &#8211; MPAL na luta contra a fome<\/a><\/h4><\/div><\/article><article class=\"post fusion-column column col col-lg-12 col-md-12 col-sm-12\"><div class=\"recent-posts-content\"><span class=\"vcard\" style=\"display: none;\"><span class=\"fn\"><a href=\"https:\/\/www.mpal.mp.br\/?author=2\" title=\"Posts de Administrador03\" rel=\"author\">Administrador03<\/a><\/span><\/span><span class=\"updated\" style=\"display:none;\">2025-09-10T09:53:04-03:00<\/span><h4 class=\"entry-title\"><a href=\"https:\/\/www.mpal.mp.br\/?p=60854\">Projeto &#8211; O Fomento do terceiro<\/a><\/h4><\/div><\/article><article class=\"post fusion-column column col col-lg-12 col-md-12 col-sm-12\"><div class=\"recent-posts-content\"><span class=\"vcard\" style=\"display: none;\"><span class=\"fn\"><a href=\"https:\/\/www.mpal.mp.br\/?author=2\" title=\"Posts de Administrador03\" rel=\"author\">Administrador03<\/a><\/span><\/span><span class=\"updated\" style=\"display:none;\">2025-09-10T09:45:49-03:00<\/span><h4 class=\"entry-title\"><a href=\"https:\/\/www.mpal.mp.br\/?p=60846\">Projeto &#8211; Nossa Educa\u00e7\u00e3o daria um Livro<\/a><\/h4><\/div><\/article><article class=\"post fusion-column column col col-lg-12 col-md-12 col-sm-12\"><div class=\"recent-posts-content\"><span class=\"vcard\" style=\"display: none;\"><span class=\"fn\"><a href=\"https:\/\/www.mpal.mp.br\/?author=2\" title=\"Posts de Administrador03\" rel=\"author\">Administrador03<\/a><\/span><\/span><span class=\"updated\" style=\"display:none;\">2025-09-10T08:56:41-03:00<\/span><h4 class=\"entry-title\"><a href=\"https:\/\/www.mpal.mp.br\/?p=60806\">Projeto &#8211; Educar e Proteger<\/a><\/h4><\/div><\/article><\/section><\/div><div class=\"fusion-clearfix\"><\/div>\n\n\t\t\t\t\t<\/div>\n\t\t\t\t<\/div><\/div><\/div><\/p>\n","protected":false},"excerpt":{"rendered":"","protected":false},"author":2,"featured_media":47823,"comment_status":"open","ping_status":"open","sticky":false,"template":"","format":"standard","meta":{"om_disable_all_campaigns":false,"_monsterinsights_skip_tracking":false,"_monsterinsights_sitenote_active":false,"_monsterinsights_sitenote_note":"","_monsterinsights_sitenote_category":0,"_uf_show_specific_survey":0,"_uf_disable_surveys":false,"footnotes":""},"categories":[28],"tags":[],"class_list":["post-47822","post","type-post","status-publish","format-standard","has-post-thumbnail","hentry","category-projetos"],"aioseo_notices":[],"_links":{"self":[{"href":"https:\/\/www.mpal.mp.br\/index.php?rest_route=\/wp\/v2\/posts\/47822","targetHints":{"allow":["GET"]}}],"collection":[{"href":"https:\/\/www.mpal.mp.br\/index.php?rest_route=\/wp\/v2\/posts"}],"about":[{"href":"https:\/\/www.mpal.mp.br\/index.php?rest_route=\/wp\/v2\/types\/post"}],"author":[{"embeddable":true,"href":"https:\/\/www.mpal.mp.br\/index.php?rest_route=\/wp\/v2\/users\/2"}],"replies":[{"embeddable":true,"href":"https:\/\/www.mpal.mp.br\/index.php?rest_route=%2Fwp%2Fv2%2Fcomments&post=47822"}],"version-history":[{"count":1,"href":"https:\/\/www.mpal.mp.br\/index.php?rest_route=\/wp\/v2\/posts\/47822\/revisions"}],"predecessor-version":[{"id":47825,"href":"https:\/\/www.mpal.mp.br\/index.php?rest_route=\/wp\/v2\/posts\/47822\/revisions\/47825"}],"wp:featuredmedia":[{"embeddable":true,"href":"https:\/\/www.mpal.mp.br\/index.php?rest_route=\/wp\/v2\/media\/47823"}],"wp:attachment":[{"href":"https:\/\/www.mpal.mp.br\/index.php?rest_route=%2Fwp%2Fv2%2Fmedia&parent=47822"}],"wp:term":[{"taxonomy":"category","embeddable":true,"href":"https:\/\/www.mpal.mp.br\/index.php?rest_route=%2Fwp%2Fv2%2Fcategories&post=47822"},{"taxonomy":"post_tag","embeddable":true,"href":"https:\/\/www.mpal.mp.br\/index.php?rest_route=%2Fwp%2Fv2%2Ftags&post=47822"}],"curies":[{"name":"wp","href":"https:\/\/api.w.org\/{rel}","templated":true}]}}