{"id":47803,"date":"2023-12-31T08:57:33","date_gmt":"2023-12-31T11:57:33","guid":{"rendered":"https:\/\/www.mpal.mp.br\/?p=47803"},"modified":"2024-10-01T08:57:48","modified_gmt":"2024-10-01T11:57:48","slug":"projeto-sou-do-bem-digo-nao-a-corrupcao-3","status":"publish","type":"post","link":"https:\/\/www.mpal.mp.br\/?p=47803","title":{"rendered":"Projeto: Sou do bem, digo n\u00e3o \u00e0 corrup\u00e7\u00e3o"},"content":{"rendered":"<p><div class=\"fusion-fullwidth fullwidth-box fusion-builder-row-1 nonhundred-percent-fullwidth non-hundred-percent-height-scrolling\"  style='background-color: #ffffff;background-position: center center;background-repeat: no-repeat;padding-top:0px;padding-right:0px;padding-bottom:0px;padding-left:0px;'><div class=\"fusion-builder-row fusion-row \"><div  class=\"fusion-layout-column fusion_builder_column fusion_builder_column_1_1 fusion-builder-column-1 fusion-one-full fusion-column-first fusion-column-last 1_1\"  style='margin-top:0px;margin-bottom:20px;'>\n\t\t\t\t\t<div class=\"fusion-column-wrapper\" style=\"padding: 0px 0px 0px 0px;background-position:left top;background-repeat:no-repeat;-webkit-background-size:cover;-moz-background-size:cover;-o-background-size:cover;background-size:cover;\"   data-bg-url=\"\">\n\t\t\t\t\t\t<div class=\"fusion-text\"><div class=\"wpb_text_column wpb_content_element \" data-raofz=\"14\">\n<div id=\"ct_86stlyctqtlscocy50gx\" class=\"wpb_wrapper\" data-raofz=\"14\">\n<p style=\"text-align: justify;\"><strong><span style=\"font-size: 14pt;\">Minist\u00e9rio P\u00fablico do Estado de Alagoas<\/span><\/strong><\/p>\n<p style=\"text-align: justify;\"><span style=\"font-size: 14pt;\"><strong>INOVA <\/strong>| Sistema de Gest\u00e3o de Projetos e Processos<\/span><\/p>\n<p style=\"text-align: justify;\"><span style=\"font-size: 14pt;\">SOU DO BEM, DIGO N\u00c3O A CORRUP\u00c7\u00c3O \u2013 NAS REDES<\/span><\/p>\n<p style=\"text-align: justify;\"><span style=\"font-size: 14pt;\"><strong>Tipo: <\/strong>Projeto\u00a0\u00a0\u00a0\u00a0\u00a0\u00a0\u00a0\u00a0\u00a0\u00a0\u00a0\u00a0\u00a0\u00a0\u00a0\u00a0\u00a0\u00a0\u00a0\u00a0\u00a0\u00a0\u00a0\u00a0\u00a0\u00a0\u00a0\u00a0\u00a0\u00a0\u00a0\u00a0 <strong>\u00c1rea Regional: <\/strong>Munic\u00edpio de origem n\u00e3o informado<\/span><\/p>\n<p style=\"text-align: justify;\"><span style=\"font-size: 14pt;\"><strong>Status: <\/strong>Em execu\u00e7\u00e3o\u00a0 \u00a0 \u00a0 \u00a0 \u00a0 \u00a0 \u00a0 \u00a0 \u00a0 \u00a0<strong>Unidade: <\/strong>Unidade de origem n\u00e3o informada<\/span><\/p>\n<p style=\"text-align: justify;\"><strong><span style=\"font-size: 14pt;\">::: Problema\/ Oportunidade<\/span><\/strong><\/p>\n<p style=\"text-align: justify;\"><span style=\"font-size: 14pt;\">No ano de 2019, a equipe do projeto proposto neste TAP idealizou e executou o projeto \\&#8221;Sou do Bem, Digo N\u00e3o \u00e0 Corrup\u00e7\u00e3o\\&#8221;, que, como produto, produziu uma cartilha ilustrada e colorida, que foi impressa fisicamente e publicada digitalmente, expondo atos corriqueiros, cotidianamente observados, socialmente tolerados, que, contudo, ensejam enriquecimento il\u00edcito, causam les\u00e3o ao er\u00e1rio e violam princ\u00edpios que regem a Administra\u00e7\u00e3o P\u00fablica, podendo configurar crimes ou atos de improbidade administrativa. Nos anos posteriores, a cartilha foi utilizada por diversas institui\u00e7\u00f5es (como a UNEAL, a UNCISAL, o IFAL e as entidades parama\u00e7\u00f4nicas juvenis) que, por for\u00e7a de parcerias firmadas com o Minist\u00e9rio P\u00fablico do Estado de Alagoas, realizaram, com apoio da equipe do projeto, atividades de educa\u00e7\u00e3o c\u00edvica, expondo os malef\u00edcios advindos de pequenos atos de corrup\u00e7\u00e3o, bem como o papel do Minist\u00e9rio P\u00fablico no seu combate e os canais de acesso da popula\u00e7\u00e3o ao Parquet. Ocorre que diversas institui\u00e7\u00f5es continuam interessadas em firmar parceria com o MPAL para realizar atividades de educa\u00e7\u00e3o c\u00edvica nos mesmos moldes das j\u00e1 realizadas no \u00e2mbito do projeto, e as institui\u00e7\u00f5es que firmaram termos de parceria anteriormente desejam a renova\u00e7\u00e3o da parceria para, em outras atividades, atingir outras pessoas. Ademais, as experi\u00eancias anteriores conduziram \u00e0 percep\u00e7\u00e3o de uma excelente receptividade do material produzido com base na<br \/>cartilha por meio das redes sociais, bem como de um grande envolvimento dos jovens nestes meios, tanto na produ\u00e7\u00e3o do material quanto em sua divulga\u00e7\u00e3o.<br \/><\/span><\/p>\n<p style=\"text-align: justify;\"><strong><span style=\"font-size: 14pt;\">::: Objetivo<\/span><\/strong><\/p>\n<p style=\"text-align: justify;\"><span style=\"font-size: 14pt;\">Objetivo Geral Produzir, em parceria com indiv\u00edduos e entidades parceiras, novos materiais de divulga\u00e7\u00e3o da tem\u00e1tica do Projeto \u201cSou do Bem, Digo N\u00e3o \u00e0 Corrup\u00e7\u00e3o\u201d direcionados as redes sociais. <\/span><\/p>\n<p style=\"text-align: justify;\"><strong><span style=\"font-size: 14pt;\">Objetivos Espec\u00edficos <\/span><\/strong><\/p>\n<p style=\"text-align: justify; padding-left: 40px;\"><span style=\"font-size: 14pt;\">Estimular parcerias; <\/span><\/p>\n<p style=\"text-align: justify; padding-left: 40px;\"><span style=\"font-size: 14pt;\">Realizar atividades com o p\u00fablico dos parceiros; <\/span><\/p>\n<p style=\"text-align: justify; padding-left: 40px;\"><span style=\"font-size: 14pt;\">Produzir material de divulga\u00e7\u00e3o para redes;<br \/><\/span><\/p>\n<p style=\"text-align: justify; padding-left: 40px;\"><span style=\"font-size: 14pt;\">Publica\u00e7\u00e3o do material nas redes.<br \/><\/span><\/p>\n<p style=\"text-align: justify;\"><strong><span style=\"font-size: 14pt;\">::: Escopo<\/span><\/strong><\/p>\n<p style=\"text-align: justify;\"><span style=\"font-size: 14pt;\">Novos materiais de divulga\u00e7\u00e3o da tem\u00e1tica do Projeto \u201cSou do Bem, Digo N\u00e3o \u00e0 Corrup\u00e7\u00e3o\u201d direcionados as redes sociais, produzidos por indiv\u00edduos e entidades envolvidos.<br \/><\/span><\/p>\n<p style=\"text-align: justify;\"><strong><span style=\"font-size: 14pt;\">::: N\u00e3o Escopo<\/span><\/strong><\/p>\n<p style=\"text-align: justify; padding-left: 40px;\"><span style=\"font-size: 14pt;\">N\u00e3o ser\u00e1 elaborada um nova cartilha.<\/span><\/p>\n<p style=\"text-align: justify;\"><strong><span style=\"font-size: 14pt;\">::: Premissas<\/span><\/strong><\/p>\n<p style=\"text-align: justify; padding-left: 40px;\"><span style=\"font-size: 14pt;\">Que existem entidades interessadas em consumir e produzir materiais relativos \u00e0 cultura de combate \u00e0 corrup\u00e7\u00e3o.<\/span><\/p>\n<p style=\"text-align: justify;\"><strong><span style=\"font-size: 14pt;\">::: Restri\u00e7\u00f5es<\/span><\/strong><\/p>\n<p style=\"text-align: justify; padding-left: 40px;\"><span style=\"font-size: 14pt;\">Impossibilidade de controlar a efetiva contribui\u00e7\u00e3o das entidades parceiras.<\/span><\/p>\n<\/div>\n<\/div>\n<\/div><div class=\"fusion-builder-row fusion-builder-row-inner fusion-row \"><div  class=\"fusion-layout-column fusion_builder_column fusion_builder_column_1_2  fusion-one-half fusion-column-first 1_2\"  style='margin-top: 30px;margin-bottom: 20px;width:50%;width:calc(50% - ( ( 4% ) * 0.5 ) );margin-right:4%;'><div class=\"fusion-column-wrapper fusion-column-wrapper-1\" style=\"padding: 0px 0px 0px 0px;background-position:left top;background-repeat:no-repeat;-webkit-background-size:cover;-moz-background-size:cover;-o-background-size:cover;background-size:cover;\"  data-bg-url=\"\"><style type=\"text\/css\"><\/style><div class=\"fusion-title title fusion-title-1 fusion-title-center fusion-title-text fusion-title-size-two\" style=\"margin-top:0px;margin-bottom:31px;\"><div class=\"title-sep-container title-sep-container-left\"><div class=\"title-sep sep-double sep-solid\" style=\"border-color:#e0dede;\"><\/div><\/div><h2 class=\"title-heading-center\" style=\"margin:0;\">RESPONS\u00c1VEIS<\/h2><div class=\"title-sep-container title-sep-container-right\"><div class=\"title-sep sep-double sep-solid\" style=\"border-color:#e0dede;\"><\/div><\/div><\/div><div class=\"fusion-text\"><p style=\"text-align: center;\"><span style=\"font-size: 14pt; color: #003866;\" data-raofz=\"14\">ANTONIO MIGUEL BARROS TEN\u00d3RIO VARJ\u00c3O DOS SANTOS<\/span><\/p>\n<\/div><div class=\"fusion-text\"><p style=\"text-align: center;\"><span style=\"font-size: 14pt; color: #003866;\" data-raofz=\"14\">ETHIENE RIBEIRO FONSECA<\/span><\/p>\n<\/div><div class=\"fusion-text\"><p style=\"text-align: center;\"><span style=\"font-size: 14pt; color: #003866;\" data-raofz=\"14\">JAMYL GON\u00c7ALVES BARBOSA<\/span><\/p>\n<\/div><div class=\"fusion-text\"><p style=\"text-align: center;\"><span style=\"font-size: 14pt; color: #003866;\" data-raofz=\"14\">NORMA.MEDEIROS<\/span><\/p>\n<\/div><div class=\"fusion-text\"><p style=\"text-align: center;\"><span style=\"font-size: 14pt; color: #003866;\" data-raofz=\"14\">STELA VAL\u00c9RIA SOARES DE F. CAVALCANTI<\/span><\/p>\n<\/div><\/div><\/div><div  class=\"fusion-layout-column fusion_builder_column fusion_builder_column_1_2  fusion-one-half fusion-column-last 1_2\"  style='margin-top: 30px;margin-bottom: 20px;width:50%;width:calc(50% - ( ( 4% ) * 0.5 ) );'><div class=\"fusion-column-wrapper fusion-column-wrapper-2\" style=\"padding: 0px 0px 0px 0px;background-position:left top;background-repeat:no-repeat;-webkit-background-size:cover;-moz-background-size:cover;-o-background-size:cover;background-size:cover;\"  data-bg-url=\"\"><style type=\"text\/css\"><\/style><div class=\"fusion-title title fusion-title-2 fusion-title-center fusion-title-text fusion-title-size-two\" style=\"margin-top:0px;margin-bottom:31px;\"><div class=\"title-sep-container title-sep-container-left\"><div class=\"title-sep sep-double sep-solid\" style=\"border-color:#e0dede;\"><\/div><\/div><h2 class=\"title-heading-center\" style=\"margin:0;\">CONTATOS<\/h2><div class=\"title-sep-container title-sep-container-right\"><div class=\"title-sep sep-double sep-solid\" style=\"border-color:#e0dede;\"><\/div><\/div><\/div><div class=\"fusion-text\"><p style=\"text-align: center;\"><span style=\"font-size: 14pt; color: #003866;\" data-raofz=\"14\">(82) 2122-3537<\/span><\/p>\n<\/div><div class=\"fusion-text\"><p style=\"text-align: center;\"><span style=\"font-size: 14pt; color: #003866;\" data-raofz=\"14\">(82) 2122-3516<\/span><\/p>\n<\/div><div class=\"fusion-text\"><p style=\"text-align: center;\"><span style=\"font-size: 14pt; color: #003866;\" data-raofz=\"14\">(82) 2122-3500<\/span><\/p>\n<\/div><div class=\"fusion-text\"><p style=\"text-align: center;\"><span style=\"font-size: 14pt; color: #003866;\" data-raofz=\"14\">(82) 2122-3510<\/span><\/p>\n<\/div><\/div><\/div><\/div><div class=\"fusion-sep-clear\"><\/div><div class=\"fusion-separator fusion-full-width-sep sep-none\" style=\"margin-left: auto;margin-right: auto;margin-top:10px;\"><\/div><style type=\"text\/css\"><\/style><div class=\"fusion-title title fusion-title-3 fusion-title-text fusion-title-size-three\" style=\"margin-top:40px;margin-bottom:31px;\"><h3 class=\"title-heading-left\" style=\"margin:0;color:#ffffff;\"><strong><span style=\"font-size: 14pt; color: #003866;\">Anexos<\/span><\/strong><\/h3><div class=\"title-sep-container\"><div class=\"title-sep sep-double sep-solid\" style=\"border-color:#003866;\"><\/div><\/div><\/div><div class=\"fusion-text\"><p><span style=\"font-size: 14pt;\"><i class=\"fontawesome-icon fa-file-pdf fas circle-no\" style=\"font-size:18px;margin-right:9px;color:#003866;\"><\/i><a href=\"https:\/\/www.mpal.mp.br\/wp-content\/uploads\/2024\/10\/INOVA-Sou-do-Bem-Digo-Nao-a-Corrupcao-\u2013-nas-redes.pdf\" target=\"_blank\" rel=\"noopener\">Projeto &#8211; Sou do bem, digo n\u00e3o a corrup\u00e7\u00e3o &#8211; nas redes sociais &#8211; INOVA<\/a><\/span><\/p>\n<\/div><div class=\"fusion-clearfix\"><\/div>\n\n\t\t\t\t\t<\/div>\n\t\t\t\t<\/div><\/div><\/div><div class=\"fusion-fullwidth fullwidth-box fusion-builder-row-2 nonhundred-percent-fullwidth non-hundred-percent-height-scrolling\"  style='background-color: #ffffff;background-position: center center;background-repeat: no-repeat;padding-top:0px;padding-right:0px;padding-bottom:0px;padding-left:0px;'><div class=\"fusion-builder-row fusion-row \"><div  class=\"fusion-layout-column fusion_builder_column fusion_builder_column_1_1 fusion-builder-column-2 fusion-one-full fusion-column-first fusion-column-last 1_1\"  style='margin-top:0px;margin-bottom:20px;'>\n\t\t\t\t\t<div class=\"fusion-column-wrapper\" style=\"padding: 0px 0px 0px 0px;background-position:left top;background-repeat:no-repeat;-webkit-background-size:cover;-moz-background-size:cover;-o-background-size:cover;background-size:cover;\"   data-bg-url=\"\">\n\t\t\t\t\t\t<style type=\"text\/css\"><\/style><div class=\"fusion-title title fusion-title-4 fusion-title-center fusion-title-text fusion-title-size-three\" style=\"margin-top:40px;margin-bottom:31px;\"><div class=\"title-sep-container title-sep-container-left\"><div class=\"title-sep sep-double sep-solid\" style=\"border-color:#003866;\"><\/div><\/div><h3 class=\"title-heading-center\" style=\"margin:0;color:#ffffff;\"><span style=\"color: #808080;\"><strong><span style=\"font-size: 14pt;\">\u00daltimos Projetos<\/span><\/strong><\/span><\/h3><div class=\"title-sep-container title-sep-container-right\"><div class=\"title-sep sep-double sep-solid\" style=\"border-color:#003866;\"><\/div><\/div><\/div><div class=\"fusion-recent-posts fusion-recent-posts-1 avada-container layout-default layout-columns-1\"><section class=\"fusion-columns columns fusion-columns-1 columns-1\"><article class=\"post fusion-column column col col-lg-12 col-md-12 col-sm-12\"><div class=\"recent-posts-content\"><span class=\"vcard\" style=\"display: none;\"><span class=\"fn\"><a href=\"https:\/\/www.mpal.mp.br\/?author=2\" title=\"Posts de Administrador03\" rel=\"author\">Administrador03<\/a><\/span><\/span><span class=\"updated\" style=\"display:none;\">2025-09-10T10:10:39-03:00<\/span><h4 class=\"entry-title\"><a href=\"https:\/\/www.mpal.mp.br\/?p=60868\">Projeto &#8211; PM: Quero Paz!<\/a><\/h4><\/div><\/article><article class=\"post fusion-column column col col-lg-12 col-md-12 col-sm-12\"><div class=\"recent-posts-content\"><span class=\"vcard\" style=\"display: none;\"><span class=\"fn\"><a href=\"https:\/\/www.mpal.mp.br\/?author=2\" title=\"Posts de Administrador03\" rel=\"author\">Administrador03<\/a><\/span><\/span><span class=\"updated\" style=\"display:none;\">2025-09-10T08:45:48-03:00<\/span><h4 class=\"entry-title\"><a href=\"https:\/\/www.mpal.mp.br\/?p=60799\">Projeto &#8211; Acolher para Proteger<\/a><\/h4><\/div><\/article><article class=\"post fusion-column column col col-lg-12 col-md-12 col-sm-12\"><div class=\"recent-posts-content\"><span class=\"vcard\" style=\"display: none;\"><span class=\"fn\"><a href=\"https:\/\/www.mpal.mp.br\/?author=2\" title=\"Posts de Administrador03\" rel=\"author\">Administrador03<\/a><\/span><\/span><span class=\"updated\" style=\"display:none;\">2025-09-11T10:08:18-03:00<\/span><h4 class=\"entry-title\"><a href=\"https:\/\/www.mpal.mp.br\/?p=60949\">Projeto &#8211; O Futuro \u00e9 agora &#8211; MPAL na luta contra a fome<\/a><\/h4><\/div><\/article><article class=\"post fusion-column column col col-lg-12 col-md-12 col-sm-12\"><div class=\"recent-posts-content\"><span class=\"vcard\" style=\"display: none;\"><span class=\"fn\"><a href=\"https:\/\/www.mpal.mp.br\/?author=2\" title=\"Posts de Administrador03\" rel=\"author\">Administrador03<\/a><\/span><\/span><span class=\"updated\" style=\"display:none;\">2025-09-10T09:53:04-03:00<\/span><h4 class=\"entry-title\"><a href=\"https:\/\/www.mpal.mp.br\/?p=60854\">Projeto &#8211; O Fomento do terceiro<\/a><\/h4><\/div><\/article><article class=\"post fusion-column column col col-lg-12 col-md-12 col-sm-12\"><div class=\"recent-posts-content\"><span class=\"vcard\" style=\"display: none;\"><span class=\"fn\"><a href=\"https:\/\/www.mpal.mp.br\/?author=2\" title=\"Posts de Administrador03\" rel=\"author\">Administrador03<\/a><\/span><\/span><span class=\"updated\" style=\"display:none;\">2025-09-10T09:45:49-03:00<\/span><h4 class=\"entry-title\"><a href=\"https:\/\/www.mpal.mp.br\/?p=60846\">Projeto &#8211; Nossa Educa\u00e7\u00e3o daria um Livro<\/a><\/h4><\/div><\/article><article class=\"post fusion-column column col col-lg-12 col-md-12 col-sm-12\"><div class=\"recent-posts-content\"><span class=\"vcard\" style=\"display: none;\"><span class=\"fn\"><a href=\"https:\/\/www.mpal.mp.br\/?author=2\" title=\"Posts de Administrador03\" rel=\"author\">Administrador03<\/a><\/span><\/span><span class=\"updated\" style=\"display:none;\">2025-09-10T08:56:41-03:00<\/span><h4 class=\"entry-title\"><a href=\"https:\/\/www.mpal.mp.br\/?p=60806\">Projeto &#8211; Educar e Proteger<\/a><\/h4><\/div><\/article><\/section><\/div><div class=\"fusion-clearfix\"><\/div>\n\n\t\t\t\t\t<\/div>\n\t\t\t\t<\/div><\/div><\/div><\/p>\n","protected":false},"excerpt":{"rendered":"","protected":false},"author":2,"featured_media":47809,"comment_status":"open","ping_status":"open","sticky":false,"template":"","format":"standard","meta":{"om_disable_all_campaigns":false,"_monsterinsights_skip_tracking":false,"_monsterinsights_sitenote_active":false,"_monsterinsights_sitenote_note":"","_monsterinsights_sitenote_category":0,"_uf_show_specific_survey":0,"_uf_disable_surveys":false,"footnotes":""},"categories":[28],"tags":[],"class_list":["post-47803","post","type-post","status-publish","format-standard","has-post-thumbnail","hentry","category-projetos"],"aioseo_notices":[],"_links":{"self":[{"href":"https:\/\/www.mpal.mp.br\/index.php?rest_route=\/wp\/v2\/posts\/47803","targetHints":{"allow":["GET"]}}],"collection":[{"href":"https:\/\/www.mpal.mp.br\/index.php?rest_route=\/wp\/v2\/posts"}],"about":[{"href":"https:\/\/www.mpal.mp.br\/index.php?rest_route=\/wp\/v2\/types\/post"}],"author":[{"embeddable":true,"href":"https:\/\/www.mpal.mp.br\/index.php?rest_route=\/wp\/v2\/users\/2"}],"replies":[{"embeddable":true,"href":"https:\/\/www.mpal.mp.br\/index.php?rest_route=%2Fwp%2Fv2%2Fcomments&post=47803"}],"version-history":[{"count":1,"href":"https:\/\/www.mpal.mp.br\/index.php?rest_route=\/wp\/v2\/posts\/47803\/revisions"}],"predecessor-version":[{"id":47810,"href":"https:\/\/www.mpal.mp.br\/index.php?rest_route=\/wp\/v2\/posts\/47803\/revisions\/47810"}],"wp:featuredmedia":[{"embeddable":true,"href":"https:\/\/www.mpal.mp.br\/index.php?rest_route=\/wp\/v2\/media\/47809"}],"wp:attachment":[{"href":"https:\/\/www.mpal.mp.br\/index.php?rest_route=%2Fwp%2Fv2%2Fmedia&parent=47803"}],"wp:term":[{"taxonomy":"category","embeddable":true,"href":"https:\/\/www.mpal.mp.br\/index.php?rest_route=%2Fwp%2Fv2%2Fcategories&post=47803"},{"taxonomy":"post_tag","embeddable":true,"href":"https:\/\/www.mpal.mp.br\/index.php?rest_route=%2Fwp%2Fv2%2Ftags&post=47803"}],"curies":[{"name":"wp","href":"https:\/\/api.w.org\/{rel}","templated":true}]}}