{"id":47791,"date":"2024-05-18T08:32:36","date_gmt":"2024-05-18T11:32:36","guid":{"rendered":"https:\/\/www.mpal.mp.br\/?p=47791"},"modified":"2024-10-01T08:33:14","modified_gmt":"2024-10-01T11:33:14","slug":"projeto-gav-crime-grupo-de-apoio-as-vitimas-de-crime","status":"publish","type":"post","link":"https:\/\/www.mpal.mp.br\/?p=47791","title":{"rendered":"Projeto: Gavcrime: Grupo de apoio \u00e0s v\u00edtimas de crime"},"content":{"rendered":"<p><div class=\"fusion-fullwidth fullwidth-box fusion-builder-row-1 nonhundred-percent-fullwidth non-hundred-percent-height-scrolling\"  style='background-color: #ffffff;background-position: center center;background-repeat: no-repeat;padding-top:0px;padding-right:0px;padding-bottom:0px;padding-left:0px;'><div class=\"fusion-builder-row fusion-row \"><div  class=\"fusion-layout-column fusion_builder_column fusion_builder_column_1_1 fusion-builder-column-1 fusion-one-full fusion-column-first fusion-column-last 1_1\"  style='margin-top:0px;margin-bottom:20px;'>\n\t\t\t\t\t<div class=\"fusion-column-wrapper\" style=\"padding: 0px 0px 0px 0px;background-position:left top;background-repeat:no-repeat;-webkit-background-size:cover;-moz-background-size:cover;-o-background-size:cover;background-size:cover;\"   data-bg-url=\"\">\n\t\t\t\t\t\t<div class=\"fusion-text\"><div class=\"wpb_text_column wpb_content_element \" data-raofz=\"14\">\n<div id=\"ct_86stlyctqtlscocy50gx\" class=\"wpb_wrapper\" data-raofz=\"14\">\n<p style=\"text-align: justify;\"><strong><span style=\"font-size: 14pt;\">Minist\u00e9rio P\u00fablico do Estado de Alagoas<\/span><\/strong><\/p>\n<p style=\"text-align: justify;\"><span style=\"font-size: 14pt;\"><strong>INOVA <\/strong>| Sistema de Gest\u00e3o de Projetos e Processos<\/span><\/p>\n<p style=\"text-align: justify;\"><span style=\"font-size: 14pt;\">GAVCRIME &#8211; GRUPO DE APOIO \u00c0S V\u00cdTIMAS DE CRIME<\/span><\/p>\n<p style=\"text-align: justify;\"><span style=\"font-size: 14pt;\"><strong>Tipo: <\/strong>Projeto\u00a0\u00a0\u00a0\u00a0\u00a0\u00a0\u00a0\u00a0\u00a0\u00a0\u00a0\u00a0\u00a0\u00a0\u00a0\u00a0\u00a0\u00a0\u00a0\u00a0\u00a0\u00a0\u00a0\u00a0\u00a0\u00a0\u00a0\u00a0\u00a0\u00a0\u00a0\u00a0 <strong>\u00c1rea Regional: <\/strong>Munic\u00edpio de origem n\u00e3o informado<\/span><\/p>\n<p style=\"text-align: justify;\"><span style=\"font-size: 14pt;\"><strong>Status: <\/strong>Em execu\u00e7\u00e3o\u00a0 \u00a0 \u00a0 \u00a0 \u00a0 \u00a0 \u00a0 \u00a0 \u00a0 \u00a0<strong>Unidade: <\/strong>Unidade de origem n\u00e3o informada<\/span><\/p>\n<p style=\"text-align: justify;\"><strong><span style=\"font-size: 14pt;\">::: Problema\/ Oportunidade<\/span><\/strong><\/p>\n<p style=\"text-align: justify;\"><span style=\"font-size: 14pt;\">O PROJETO pretende alcan\u00e7ar o objetivo Institucional Nacional previsto na Resolu\u00e7\u00e3o CNMP 243\/2021, que Disp\u00f5e sobre a Pol\u00edtica Institucional de Prote\u00e7\u00e3o Integral e de Promo\u00e7\u00e3o de Direitos e Apoio as V\u00edtimas, alinhado ao Plano Estrat\u00e9gico MPAL 2023-2029, visando alcan\u00e7ar o objetivo social de PROMOVER o acolhimento de v\u00edtimas de crimes dolosos graves e v\u00edtimas de cat\u00e1strofes, realizando a\u00e7\u00f5es institucionais proativas de forma a assegurar o atendimento especializado, informando dos direitos e atuando de forma a garantir a dignidade como pessoa humana, minorando as consequ\u00eancias negativas suportadas com eventos traumatizantes como o crime e a cat\u00e1strofe, orientando a v\u00edtima e seus familiares sobre eventuais direitos, andamento processual e, sendo o caso, a v\u00edtima ou seus familiares ser\u00e3o encaminhados para atendimento assistencial e psicol\u00f3gico pela rede publica do Munic\u00edpio onde residir, com forma\u00e7\u00e3o de uma equipe especializada multidisciplinar, canal virtual de acesso e atendimento especializado pelo N\u00facleo de Defesa dos Direitos Humanos em conjunto com o N\u00facleo de Defesa da Mulher e o N\u00facleo de Combate ao Crime, integrantes do Centro de Apoio Operacional do Minist\u00e9rio Publico, em apoio operacional as Procuradorias e Promotorias de Justi\u00e7a e \u00f3rg\u00e3os especializados<\/span><\/p>\n<p style=\"text-align: justify;\"><strong><span style=\"font-size: 14pt;\">::: Objetivo<\/span><\/strong><\/p>\n<p style=\"text-align: justify;\"><span style=\"font-size: 14pt;\">O PROJETO pretende alcan\u00e7ar o objetivo Institucional Nacional previsto na Resolu\u00e7\u00e3o CNMP 243\/2021, que Disp\u00f5e sobre a Pol\u00edtica Institucional de Prote\u00e7\u00e3o Integral e de Promo\u00e7\u00e3o de Direitos e Apoio as V\u00edtimas, alinhado ao Plano Estrat\u00e9gico MPAL 2023-2029, visando alcan\u00e7ar o objetivo social de PROMOVER o acolhimento de v\u00edtimas de crimes dolosos graves e v\u00edtimas de cat\u00e1strofes, realizando a\u00e7\u00f5es institucionais proativas de forma a assegurar o atendimento especializado, informando dos direitos e atuando de forma a garantir a dignidade como pessoa humana, minorando as consequ\u00eancias negativas suportadas com eventos traumatizantes como o crime e a cat\u00e1strofe, orientando a v\u00edtima e seus familiares sobre eventuais direitos, andamento processual e, sendo o caso, a v\u00edtima ou seus familiares ser\u00e3o encaminhados para atendimento assistencial e psicol\u00f3gico pela rede publica do Munic\u00edpio onde residir, com forma\u00e7\u00e3o de uma equipe especializada multidisciplinar, canal virtual de acesso e atendimento especializado pelo N\u00facleo de Defesa dos Direitos Humanos em conjunto com o N\u00facleo de Defesa da Mulher e o N\u00facleo de Combate ao Crime, integrantes do Centro de Apoio Operacional do Minist\u00e9rio Publico, em apoio operacional as Procuradorias e Promotorias de Justi\u00e7a e \u00f3rg\u00e3os especializados. <\/span><\/p>\n<p style=\"text-align: justify; padding-left: 40px;\"><span style=\"font-size: 14pt;\">Considerandos da Resolu\u00e7\u00e3o CNMP 243 que integram e fundamentam o Projeto: Considerando que a Constitui\u00e7\u00e3o Federal \u00e9 regida pelo princ\u00edpio da preval\u00eancia dos direitos humanos (art. 4\u00ba, II), sendo a dignidade da pessoa humana (art. 1\u00ba, III) um de seus fundamentos;<\/span><\/p>\n<p style=\"text-align: justify; padding-left: 40px;\"><span style=\"font-size: 14pt;\">Considerando que a v\u00edtima de criminalidade merece especial prote\u00e7\u00e3o quanto aos seus direitos, inclusive direito \u00e0 repara\u00e7\u00e3o do dano decorrente do crime que sofreu, conforme disposto no art. 245 da Constitui\u00e7\u00e3o Federal;<\/span><\/p>\n<p style=\"text-align: justify; padding-left: 40px;\"><span style=\"font-size: 14pt;\">Considerando que os direitos e garantias expressos na Constitui\u00e7\u00e3o Federal n\u00e3o excluem outros decorrentes do regime e dos princ\u00edpios por ela adotados, ou dos tratados internacionais dos quais a Rep\u00fablica Federativa do Brasil seja parte;<\/span><\/p>\n<p style=\"text-align: justify; padding-left: 40px;\"><span style=\"font-size: 14pt;\">Considerando que a Resolu\u00e7\u00e3o n\u00ba 40\/34 da ONU, aprovada pela Assembleia Geral em 29 de novembro de 1985, al\u00e9m de trazer conceito amplo de v\u00edtima, recoloca-a em posi\u00e7\u00e3o mais relevante no processo penal e estabelece direitos, entre os quais, o acesso \u00e0 justi\u00e7a, o tratamento equitativo, o direito \u00e0 informa\u00e7\u00e3o sobre seus direitos, o direito \u00e0 r\u00e1pida restitui\u00e7\u00e3o e repara\u00e7\u00e3o, al\u00e9m da ado\u00e7\u00e3o de meios extrajudici\u00e1rios de solu\u00e7\u00e3o de conflitos, incluindo a media\u00e7\u00e3o, a arbitragem e as pr\u00e1ticas de direito consuetudin\u00e1rio ou as pr\u00e1ticas aut\u00f3ctones de justi\u00e7a, quando se revelem adequadas, para facilitar a concilia\u00e7\u00e3o e obter a repara\u00e7\u00e3o em favor das v\u00edtimas;<\/span><\/p>\n<p style=\"text-align: justify; padding-left: 40px;\"><span style=\"font-size: 14pt;\">Considerando que a criminalidade representa um dano para a sociedade, bem como uma viola\u00e7\u00e3o dos direitos individuais, e que, como tal, as v\u00edtimas da criminalidade dever\u00e3o ser reconhecidas e tratadas com o pertinente cuidado e profissionalismo;<\/span><\/p>\n<p style=\"text-align: justify; padding-left: 40px;\"><span style=\"font-size: 14pt;\">Considerando a necessidade de forma\u00e7\u00e3o, aperfei\u00e7oamento e qualifica\u00e7\u00e3o especificamente voltados \u00e0s pol\u00edticas de prote\u00e7\u00e3o de v\u00edtimas no processo penal; Considerando que se deve observar a situa\u00e7\u00e3o pessoal e as necessidades imediatas, a idade, o g\u00eanero, eventual defici\u00eancia e maturidade das v\u00edtimas, para que possa haver a correta e adequada prote\u00e7\u00e3o;<\/span><\/p>\n<p style=\"text-align: justify; padding-left: 40px;\"><span style=\"font-size: 14pt;\">Considerando que o Minist\u00e9rio P\u00fablico deve zelar pela correta aplicabilidade da legisla\u00e7\u00e3o (art. 91, I, do C\u00f3digo Penal; art. 387 do C\u00f3digo de Processo Penal; e art. 116 da Lei n\u00ba 8.069, de 13 de julho de 1990) e, para tanto, possui legitimidade para postular, no bojo da den\u00fancia ou da representa\u00e7\u00e3o, pedido de repara\u00e7\u00e3o m\u00ednima dos danos em favor da v\u00edtima de infra\u00e7\u00e3o penal ou ato infracional, bem como daquelas oriundas de desastres naturais, calamidades p\u00fablicas e graves viola\u00e7\u00f5es dos direitos humanos, garantindo a inser\u00e7\u00e3o da v\u00edtima no processo;<\/span><\/p>\n<p style=\"text-align: justify; padding-left: 40px;\"><span style=\"font-size: 14pt;\">Considerando que os postulados constitucionais e tratados internacionais de direitos humanos e de v\u00edtimas de criminalidade, ao assegurar a r\u00e1pida e integral repara\u00e7\u00e3o do dano reconhecida nas senten\u00e7as condenat\u00f3rias, referem n\u00e3o apenas ao dano material, mas tamb\u00e9m aos danos morais, integram os objetivos do projeto GAVCRIME, dando cumprimento as orienta\u00e7\u00f5es a Resolu\u00e7\u00e3o 243 CNMP e a<\/span><\/p>\n<p style=\"text-align: justify;\"><span style=\"font-size: 14pt;\">Recomenda\u00e7\u00e3o 101-CNMP, de 8 de agosto de 2023.<\/span><\/p>\n<p style=\"text-align: justify;\"><strong><span style=\"font-size: 14pt;\">::: Escopo<\/span><\/strong><\/p>\n<p style=\"text-align: justify;\"><span style=\"font-size: 14pt;\">A proposta do GAVCRIME \u00e9 fornecer \u00e0 sociedade um servi\u00e7o de apoio \u00e0s v\u00edtimas de crime de forma especializada e individualizada, atrav\u00e9s de um grupo de Promotores de Justi\u00e7a que integram a equipe do Projeto e dos Coordenadores dos N\u00facleos de Defesa dos Direitos Humanos, N\u00facleo de Defesa da Mulher e N\u00facleo de combate ao crime, atuando de forma ordenada e conjunta, segundo suas atribui\u00e7\u00f5es, integrando o Centro de Apoio Operacional do Minist\u00e9rio P\u00fablico de Alagoas, de forma a interiorizar suas a\u00e7\u00f5es, apoiando as Promotorias e Justi\u00e7a Criminal. <\/span><\/p>\n<p style=\"text-align: justify;\"><span style=\"font-size: 14pt;\">Pretende-se criar um ponto de apoio no F\u00f3rum de Macei\u00f3, junto \u00e0s Promotorias de Arapiraca e Penedo. A coordena\u00e7\u00e3o geral caber\u00e1 ao N\u00facleo de Defesa dos Direitos Humanos e de Apoio \u00e0s V\u00edtimas de Crime. Visando o integral apoio \u00e0s v\u00edtimas de crime, al\u00e9m da assist\u00eancia jur\u00eddica-processual, ser\u00e3o firmados termos de coopera\u00e7\u00e3o com \u00d3rg\u00e3o P\u00fablicos e privados objetivando a cria\u00e7\u00e3o de apoio multidisciplinar. O GAVCrime dever\u00e1 ser entregue at\u00e9 maio de 2024 com seu pleno funcionamento.<br \/>\n<\/span><\/p>\n<p style=\"text-align: justify;\"><strong><span style=\"font-size: 14pt;\">::: N\u00e3o Escopo<\/span><\/strong><\/p>\n<p style=\"text-align: justify; padding-left: 40px;\"><span style=\"font-size: 14pt;\">O GAVCRIME n\u00e3o atuar\u00e1 na rela\u00e7\u00e3o jur\u00eddica-processual, observando as atribui\u00e7\u00f5es do Promotor Natural. Em casos espec\u00edficos o atendimento primar\u00e1 pelo encaminhamento ao Promotor natural da causa. O Atendimento ser\u00e1 feito \u00e0s v\u00edtimas de crimes graves e de cat\u00e1strofe. O Atendimento multiprofissional, ap\u00f3s triagem e audi\u00eancia com o Coordenador dos N\u00facleos, ser\u00e1 realizado por meio de encaminhamento da v\u00edtima ou seus familiares \u00e0 rede de atendimento multidisciplinar.<\/span><\/p>\n<p style=\"text-align: justify;\"><strong><span style=\"font-size: 14pt;\">::: Premissas<\/span><\/strong><\/p>\n<p style=\"text-align: justify; padding-left: 40px;\"><span style=\"font-size: 14pt;\">1. Cria\u00e7\u00e3o e Estrutura\u00e7\u00e3o do GAVCRIME\/CAOP; <\/span><\/p>\n<p style=\"text-align: justify; padding-left: 40px;\"><span style=\"font-size: 14pt;\">2. Estabelecer um protocolo de atua\u00e7\u00e3o unificado de atendimento \u00e0s v\u00edtimas de rimes graves e cat\u00e1strofes; <\/span><\/p>\n<p style=\"text-align: justify; padding-left: 40px;\"><span style=\"font-size: 14pt;\">3. Expans\u00e3o do atendimento pelo GAVCRIME no interior; <\/span><\/p>\n<p style=\"text-align: justify; padding-left: 40px;\"><span style=\"font-size: 14pt;\">4. Divulga\u00e7\u00f5es das a\u00e7\u00f5es o objetivos na institui\u00e7\u00e3o; <\/span><\/p>\n<p style=\"text-align: justify; padding-left: 40px;\"><span style=\"font-size: 14pt;\">5. Forma\u00e7\u00e3o de uma rede de apoio multiprofissional.<\/span><\/p>\n<p style=\"text-align: justify;\"><strong><span style=\"font-size: 14pt;\">::: Restri\u00e7\u00f5es<\/span><\/strong><\/p>\n<p style=\"text-align: justify; padding-left: 40px;\"><span style=\"font-size: 14pt;\">Limites de pessoal e or\u00e7ament\u00e1rios<\/span><\/p>\n<\/div>\n<\/div>\n<\/div><div class=\"fusion-builder-row fusion-builder-row-inner fusion-row \"><div  class=\"fusion-layout-column fusion_builder_column fusion_builder_column_1_2  fusion-one-half fusion-column-first 1_2\"  style='margin-top: 30px;margin-bottom: 20px;width:50%;width:calc(50% - ( ( 4% ) * 0.5 ) );margin-right:4%;'><div class=\"fusion-column-wrapper fusion-column-wrapper-1\" style=\"padding: 0px 0px 0px 0px;background-position:left top;background-repeat:no-repeat;-webkit-background-size:cover;-moz-background-size:cover;-o-background-size:cover;background-size:cover;\"  data-bg-url=\"\"><style type=\"text\/css\"><\/style><div class=\"fusion-title title fusion-title-1 fusion-title-center fusion-title-text fusion-title-size-two\" style=\"margin-top:0px;margin-bottom:31px;\"><div class=\"title-sep-container title-sep-container-left\"><div class=\"title-sep sep-double sep-solid\" style=\"border-color:#e0dede;\"><\/div><\/div><h2 class=\"title-heading-center\" style=\"margin:0;\">RESPONS\u00c1VEIS<\/h2><div class=\"title-sep-container title-sep-container-right\"><div class=\"title-sep sep-double sep-solid\" style=\"border-color:#e0dede;\"><\/div><\/div><\/div><div class=\"fusion-text\"><p style=\"text-align: center;\"><span style=\"font-size: 14pt; color: #003866;\" data-raofz=\"14\">HYLZA PAIVA TORRES<\/span><\/p>\n<\/div><div class=\"fusion-text\"><p style=\"text-align: center;\"><span style=\"font-size: 14pt; color: #003866;\" data-raofz=\"14\">MARLUCE FALC\u00c3O DE OLIVEIRA<\/span><\/p>\n<\/div><div class=\"fusion-text\"><p style=\"text-align: center;\"><span style=\"font-size: 14pt; color: #003866;\" data-raofz=\"14\">MIRYA TAVARES PINTO CARDOSO FERRO<\/span><\/p>\n<\/div><div class=\"fusion-text\"><p style=\"text-align: center;\"><span style=\"font-size: 14pt; color: #003866;\" data-raofz=\"14\">SILVANA DE ALMEIDA ABREU<\/span><\/p>\n<\/div><div class=\"fusion-text\"><p style=\"text-align: center;\"><span style=\"font-size: 14pt; color: #003866;\" data-raofz=\"14\">SILVANA.ABREU<\/span><\/p>\n<\/div><div class=\"fusion-text\"><p style=\"text-align: center;\"><span style=\"font-size: 14pt; color: #003866;\" data-raofz=\"14\">THOMAZ AUGUSTO LUCENA FIREMAN<\/span><\/p>\n<\/div><\/div><\/div><div  class=\"fusion-layout-column fusion_builder_column fusion_builder_column_1_2  fusion-one-half fusion-column-last 1_2\"  style='margin-top: 30px;margin-bottom: 20px;width:50%;width:calc(50% - ( ( 4% ) * 0.5 ) );'><div class=\"fusion-column-wrapper fusion-column-wrapper-2\" style=\"padding: 0px 0px 0px 0px;background-position:left top;background-repeat:no-repeat;-webkit-background-size:cover;-moz-background-size:cover;-o-background-size:cover;background-size:cover;\"  data-bg-url=\"\"><style type=\"text\/css\"><\/style><div class=\"fusion-title title fusion-title-2 fusion-title-center fusion-title-text fusion-title-size-two\" style=\"margin-top:0px;margin-bottom:31px;\"><div class=\"title-sep-container title-sep-container-left\"><div class=\"title-sep sep-double sep-solid\" style=\"border-color:#e0dede;\"><\/div><\/div><h2 class=\"title-heading-center\" style=\"margin:0;\">CONTATOS<\/h2><div class=\"title-sep-container title-sep-container-right\"><div class=\"title-sep sep-double sep-solid\" style=\"border-color:#e0dede;\"><\/div><\/div><\/div><div class=\"fusion-text\"><p style=\"text-align: center;\"><span style=\"font-size: 14pt; color: #003866;\" data-raofz=\"14\">(82) 2122-3666<\/span><\/p>\n<\/div><div class=\"fusion-text\"><p style=\"text-align: center;\"><span style=\"font-size: 14pt; color: #003866;\" data-raofz=\"14\">(82) 9 9351-1989<\/span><\/p>\n<\/div><div class=\"fusion-text\"><p style=\"text-align: center;\"><span style=\"font-size: 14pt; color: #003866;\" data-raofz=\"14\">(82) 2122-3700<\/span><\/p>\n<\/div><div class=\"fusion-text\"><p style=\"text-align: center;\"><span style=\"font-size: 14pt; color: #003866;\" data-raofz=\"14\">(82) 2122-3500<\/span><\/p>\n<\/div><div class=\"fusion-text\"><p style=\"text-align: center;\"><span style=\"font-size: 14pt; color: #003866;\" data-raofz=\"14\">(82) 2122-3500<\/span><\/p>\n<\/div><div class=\"fusion-text\"><p style=\"text-align: center;\"><span style=\"font-size: 14pt; color: #003866;\" data-raofz=\"14\">(82) 2122-3500<\/span><\/p>\n<\/div><\/div><\/div><\/div><div class=\"fusion-sep-clear\"><\/div><div class=\"fusion-separator fusion-full-width-sep sep-none\" style=\"margin-left: auto;margin-right: auto;margin-top:10px;\"><\/div><style type=\"text\/css\"><\/style><div class=\"fusion-title title fusion-title-3 fusion-title-text fusion-title-size-three\" style=\"margin-top:40px;margin-bottom:31px;\"><h3 class=\"title-heading-left\" style=\"margin:0;color:#ffffff;\"><strong><span style=\"font-size: 14pt; color: #003866;\">Anexos<\/span><\/strong><\/h3><div class=\"title-sep-container\"><div class=\"title-sep sep-double sep-solid\" style=\"border-color:#003866;\"><\/div><\/div><\/div><div class=\"fusion-text\"><p><span style=\"font-size: 14pt;\"><i class=\"fontawesome-icon fa-file-pdf fas circle-no\" style=\"font-size:18px;margin-right:9px;color:#003866;\"><\/i><a href=\"https:\/\/www.mpal.mp.br\/wp-content\/uploads\/2024\/10\/INOVA-GAVCRIME-GRUPO-DE-APOIO-AS-VITIMAS-DE-CRIME.pdf\" target=\"_blank\" rel=\"noopener\">Projeto &#8211; GAVCRIME: Grupo de apoio \u00e0s v\u00edtimas de crime &#8211; INOVA<\/a><\/span><\/p>\n<\/div><div class=\"fusion-clearfix\"><\/div>\n\n\t\t\t\t\t<\/div>\n\t\t\t\t<\/div><\/div><\/div><div class=\"fusion-fullwidth fullwidth-box fusion-builder-row-2 nonhundred-percent-fullwidth non-hundred-percent-height-scrolling\"  style='background-color: #ffffff;background-position: center center;background-repeat: no-repeat;padding-top:0px;padding-right:0px;padding-bottom:0px;padding-left:0px;'><div class=\"fusion-builder-row fusion-row \"><div  class=\"fusion-layout-column fusion_builder_column fusion_builder_column_1_1 fusion-builder-column-2 fusion-one-full fusion-column-first fusion-column-last 1_1\"  style='margin-top:0px;margin-bottom:20px;'>\n\t\t\t\t\t<div class=\"fusion-column-wrapper\" style=\"padding: 0px 0px 0px 0px;background-position:left top;background-repeat:no-repeat;-webkit-background-size:cover;-moz-background-size:cover;-o-background-size:cover;background-size:cover;\"   data-bg-url=\"\">\n\t\t\t\t\t\t<style type=\"text\/css\"><\/style><div class=\"fusion-title title fusion-title-4 fusion-title-center fusion-title-text fusion-title-size-three\" style=\"margin-top:40px;margin-bottom:31px;\"><div class=\"title-sep-container title-sep-container-left\"><div class=\"title-sep sep-double sep-solid\" style=\"border-color:#003866;\"><\/div><\/div><h3 class=\"title-heading-center\" style=\"margin:0;color:#ffffff;\"><span style=\"color: #808080;\"><strong><span style=\"font-size: 14pt;\">\u00daltimos Projetos<\/span><\/strong><\/span><\/h3><div class=\"title-sep-container title-sep-container-right\"><div class=\"title-sep sep-double sep-solid\" style=\"border-color:#003866;\"><\/div><\/div><\/div><div class=\"fusion-recent-posts fusion-recent-posts-1 avada-container layout-default layout-columns-1\"><section class=\"fusion-columns columns fusion-columns-1 columns-1\"><article class=\"post fusion-column column col col-lg-12 col-md-12 col-sm-12\"><div class=\"recent-posts-content\"><span class=\"vcard\" style=\"display: none;\"><span class=\"fn\"><a href=\"https:\/\/www.mpal.mp.br\/?author=2\" title=\"Posts de Administrador03\" rel=\"author\">Administrador03<\/a><\/span><\/span><span class=\"updated\" style=\"display:none;\">2025-09-10T10:10:39-03:00<\/span><h4 class=\"entry-title\"><a href=\"https:\/\/www.mpal.mp.br\/?p=60868\">Projeto &#8211; PM: Quero Paz!<\/a><\/h4><\/div><\/article><article class=\"post fusion-column column col col-lg-12 col-md-12 col-sm-12\"><div class=\"recent-posts-content\"><span class=\"vcard\" style=\"display: none;\"><span class=\"fn\"><a href=\"https:\/\/www.mpal.mp.br\/?author=2\" title=\"Posts de Administrador03\" rel=\"author\">Administrador03<\/a><\/span><\/span><span class=\"updated\" style=\"display:none;\">2025-09-10T08:45:48-03:00<\/span><h4 class=\"entry-title\"><a href=\"https:\/\/www.mpal.mp.br\/?p=60799\">Projeto &#8211; Acolher para Proteger<\/a><\/h4><\/div><\/article><article class=\"post fusion-column column col col-lg-12 col-md-12 col-sm-12\"><div class=\"recent-posts-content\"><span class=\"vcard\" style=\"display: none;\"><span class=\"fn\"><a href=\"https:\/\/www.mpal.mp.br\/?author=2\" title=\"Posts de Administrador03\" rel=\"author\">Administrador03<\/a><\/span><\/span><span class=\"updated\" style=\"display:none;\">2025-09-11T10:08:18-03:00<\/span><h4 class=\"entry-title\"><a href=\"https:\/\/www.mpal.mp.br\/?p=60949\">Projeto &#8211; O Futuro \u00e9 agora &#8211; MPAL na luta contra a fome<\/a><\/h4><\/div><\/article><article class=\"post fusion-column column col col-lg-12 col-md-12 col-sm-12\"><div class=\"recent-posts-content\"><span class=\"vcard\" style=\"display: none;\"><span class=\"fn\"><a href=\"https:\/\/www.mpal.mp.br\/?author=2\" title=\"Posts de Administrador03\" rel=\"author\">Administrador03<\/a><\/span><\/span><span class=\"updated\" style=\"display:none;\">2025-09-10T09:53:04-03:00<\/span><h4 class=\"entry-title\"><a href=\"https:\/\/www.mpal.mp.br\/?p=60854\">Projeto &#8211; O Fomento do terceiro<\/a><\/h4><\/div><\/article><article class=\"post fusion-column column col col-lg-12 col-md-12 col-sm-12\"><div class=\"recent-posts-content\"><span class=\"vcard\" style=\"display: none;\"><span class=\"fn\"><a href=\"https:\/\/www.mpal.mp.br\/?author=2\" title=\"Posts de Administrador03\" rel=\"author\">Administrador03<\/a><\/span><\/span><span class=\"updated\" style=\"display:none;\">2025-09-10T09:45:49-03:00<\/span><h4 class=\"entry-title\"><a href=\"https:\/\/www.mpal.mp.br\/?p=60846\">Projeto &#8211; Nossa Educa\u00e7\u00e3o daria um Livro<\/a><\/h4><\/div><\/article><article class=\"post fusion-column column col col-lg-12 col-md-12 col-sm-12\"><div class=\"recent-posts-content\"><span class=\"vcard\" style=\"display: none;\"><span class=\"fn\"><a href=\"https:\/\/www.mpal.mp.br\/?author=2\" title=\"Posts de Administrador03\" rel=\"author\">Administrador03<\/a><\/span><\/span><span class=\"updated\" style=\"display:none;\">2025-09-10T08:56:41-03:00<\/span><h4 class=\"entry-title\"><a href=\"https:\/\/www.mpal.mp.br\/?p=60806\">Projeto &#8211; Educar e Proteger<\/a><\/h4><\/div><\/article><\/section><\/div><div class=\"fusion-clearfix\"><\/div>\n\n\t\t\t\t\t<\/div>\n\t\t\t\t<\/div><\/div><\/div><\/p>\n","protected":false},"excerpt":{"rendered":"","protected":false},"author":2,"featured_media":47792,"comment_status":"open","ping_status":"open","sticky":false,"template":"","format":"standard","meta":{"om_disable_all_campaigns":false,"_monsterinsights_skip_tracking":false,"_monsterinsights_sitenote_active":false,"_monsterinsights_sitenote_note":"","_monsterinsights_sitenote_category":0,"_uf_show_specific_survey":0,"_uf_disable_surveys":false,"footnotes":""},"categories":[28],"tags":[],"class_list":["post-47791","post","type-post","status-publish","format-standard","has-post-thumbnail","hentry","category-projetos"],"aioseo_notices":[],"_links":{"self":[{"href":"https:\/\/www.mpal.mp.br\/index.php?rest_route=\/wp\/v2\/posts\/47791","targetHints":{"allow":["GET"]}}],"collection":[{"href":"https:\/\/www.mpal.mp.br\/index.php?rest_route=\/wp\/v2\/posts"}],"about":[{"href":"https:\/\/www.mpal.mp.br\/index.php?rest_route=\/wp\/v2\/types\/post"}],"author":[{"embeddable":true,"href":"https:\/\/www.mpal.mp.br\/index.php?rest_route=\/wp\/v2\/users\/2"}],"replies":[{"embeddable":true,"href":"https:\/\/www.mpal.mp.br\/index.php?rest_route=%2Fwp%2Fv2%2Fcomments&post=47791"}],"version-history":[{"count":3,"href":"https:\/\/www.mpal.mp.br\/index.php?rest_route=\/wp\/v2\/posts\/47791\/revisions"}],"predecessor-version":[{"id":47797,"href":"https:\/\/www.mpal.mp.br\/index.php?rest_route=\/wp\/v2\/posts\/47791\/revisions\/47797"}],"wp:featuredmedia":[{"embeddable":true,"href":"https:\/\/www.mpal.mp.br\/index.php?rest_route=\/wp\/v2\/media\/47792"}],"wp:attachment":[{"href":"https:\/\/www.mpal.mp.br\/index.php?rest_route=%2Fwp%2Fv2%2Fmedia&parent=47791"}],"wp:term":[{"taxonomy":"category","embeddable":true,"href":"https:\/\/www.mpal.mp.br\/index.php?rest_route=%2Fwp%2Fv2%2Fcategories&post=47791"},{"taxonomy":"post_tag","embeddable":true,"href":"https:\/\/www.mpal.mp.br\/index.php?rest_route=%2Fwp%2Fv2%2Ftags&post=47791"}],"curies":[{"name":"wp","href":"https:\/\/api.w.org\/{rel}","templated":true}]}}