{"id":47762,"date":"2024-10-01T08:52:57","date_gmt":"2024-10-01T11:52:57","guid":{"rendered":"https:\/\/www.mpal.mp.br\/?p=47762"},"modified":"2025-06-03T13:18:35","modified_gmt":"2025-06-03T16:18:35","slug":"ia-corrupcao-e-desastres-climaticos-serao-tematicas-abordadas-no-8o-congresso-estadual-do-ministerio-de-al","status":"publish","type":"post","link":"https:\/\/www.mpal.mp.br\/?p=47762","title":{"rendered":"IA, corrup\u00e7\u00e3o e desastres clim\u00e1ticos ser\u00e3o tem\u00e1ticas abordadas no 8\u00ba Congresso Estadual do Minist\u00e9rio de Alagoas"},"content":{"rendered":"<p align=\"justify\"><span style=\"font-size: 12pt; font-family: helvetica, arial, sans-serif;\">Capacita\u00e7\u00e3o, grandes temas do Direito, troca de experi\u00eancias: ser\u00e1 com essa formata\u00e7\u00e3o que acontecer\u00e1, entre os dias 13 e 14 novembro, em Macei\u00f3, o 8\u00ba Congresso Estadual do Minist\u00e9rio P\u00fablico do Estado de Alagoas. O evento, que ser\u00e1 destinado a membros e servidores, ter\u00e1 como principais tem\u00e1ticas a IA generativa e sua aplica\u00e7\u00e3o nas atividades do MPAL, combate \u00e0 improbidade administrativa, desastres socioambientais e enfrentamento \u00e0s organiza\u00e7\u00f5es criminosas.<\/span><\/p>\n<p style=\"text-align: justify;\"><span style=\"font-size: 12pt; font-family: helvetica, arial, sans-serif;\">Durante dois dias, cerca de 300 pessoas estar\u00e3o ao lado de grandes nomes da ci\u00eancia jur\u00eddica abordando o que de mais atual existe em cada uma das \u00e1reas a serem discutidas. \u201cEsse tipo de capacita\u00e7\u00e3o \u00e9 fundamental porque nos traz ainda mais conhecimento, permitindo a identifica\u00e7\u00e3o de desafios e gargalos que podem ser enfrentados pelo \u00f3rg\u00e3o, fortalecendo, assim, a atua\u00e7\u00e3o de cada integrante da institui\u00e7\u00e3o. Com profissionais mais bem preparados, poderemos melhor servir em tudo aquilo que envolva interesse p\u00fablico, como direitos sociais, individuais ou coletivos\u201d, declarou o procurador-geral de Justi\u00e7a, Lean Ara\u00fajo.<\/span><\/p>\n<p style=\"text-align: justify;\" align=\"justify\"><span style=\"font-size: 12pt; font-family: helvetica, arial, sans-serif;\">O diretor da Escola Superior do Minist\u00e9rio P\u00fablico, promotor de Justi\u00e7a Marcus R\u00f4mulo Maia de Mello, explicou que o 8\u00ba Congresso foi pensado e voltado para membros e servidores do MP: \u201c\u00c9 um momento de congra\u00e7amento, em que promotores e servidores ter\u00e3o oportunidade de se encontrar, de melhor se conhecerem, de estreitar la\u00e7os, de discutir quest\u00f5es institucionais. \u00c9 importante a participa\u00e7\u00e3o de todos\u201d, refor\u00e7ou ele.<\/span><\/p>\n<p align=\"justify\"><span style=\"font-size: 12pt; font-family: helvetica, arial, sans-serif;\">As inscri\u00e7\u00f5es para participa\u00e7\u00e3o no evento, que ser\u00e1 realizado no <em><span style=\"color: #5f6368;\">Centro<\/span><\/em><span style=\"color: #4d5156;\">\u00a0<\/span><span style=\"color: #4d5156;\">de\u00a0<\/span><em><span style=\"color: #5f6368;\">Inova\u00e7\u00e3o<\/span><\/em><span style=\"color: #4d5156;\">\u00a0<\/span><span style=\"color: #4d5156;\">do Polo Tecnol\u00f3gic<\/span><span style=\"color: #4d5156;\">o, no Jaragu\u00e1,<\/span> s\u00e3o gratuitas e podem ser feitas pelo link <a href=\"https:\/\/ead.mpal.mp.br\/course\/view.php?id=61.\">https:\/\/ead.mpal.mp.br\/course\/view.php?id=61.<\/a><\/span><\/p>\n<p><span style=\"font-size: 12pt; font-family: helvetica, arial, sans-serif;\"><b>Tem\u00e1ticas <\/b> <\/span><\/p>\n<p style=\"text-align: justify;\"><span style=\"font-size: 12pt; font-family: helvetica, arial, sans-serif;\">\u201cInova\u00e7\u00f5es do ChatGPT e da IA generativa e suas poss\u00edveis aplica\u00e7\u00f5es no Minist\u00e9rio P\u00fablico\u201d ser\u00e1 o tema da palestra de abertura da manh\u00e3 do dia 13 de novembro, que ficar\u00e1 por conta de C\u00edntia Menezes Brunetta, ju\u00edza federal e conselheira do Conselho Nacional do Minist\u00e9rio P\u00fablico (CNMP). Em seguida, o procurador do Estado de Alagoas, atualmente na Chefia do Centro de Estudos da PGE, Luiz Vale, falar\u00e1 sobre \u201cO Minist\u00e9rio P\u00fablico e a sua atua\u00e7\u00e3o processual: novas premissas da Teoria Geral do Processo Tecnol\u00f3gico\u201d.<\/span><\/p>\n<p align=\"justify\"><span style=\"font-size: 12pt; font-family: helvetica, arial, sans-serif;\">\u00c0 tarde, o promotor de Justi\u00e7a do MP paulista e mestre em Direito, Alu\u00edsio Maciel, ministrar\u00e1 a palestra \u201cAutoria e participa\u00e7\u00e3o em contexto de Orcrim: aspectos pr\u00e1ticos da sustenta\u00e7\u00e3o em plen\u00e1rio\u201d. O primeiro dia de evento ser\u00e1 encerrado com a oficina \u201cInvestiga\u00e7\u00f5es em crimes cibern\u00e9ticos\u201d, que ser\u00e1 comandada pelo delegado da Pol\u00edcia Federal Francisco Luis Marques Ribeiro Filho e pelo delegado da Pol\u00edcia Civil de Alagoas, Jos\u00e9 Carlos Andr\u00e9.<\/span><\/p>\n<p align=\"justify\"><span style=\"font-size: 12pt; font-family: helvetica, arial, sans-serif;\">No dia seguinte, 14, \u201cAs mudan\u00e7as e desafios da Lei de Improbidade Administrativa\u201d ser\u00e1 a palestra do professor p\u00f3s-doutor e promotor de Justi\u00e7a do MP do Rio de Janeiro, Emerson Garcia. Na sequ\u00eancia, acontecer\u00e1 o painel \u201cAtua\u00e7\u00e3o do Minist\u00e9rio P\u00fablico em desastres socioambientais e mudan\u00e7as clim\u00e1ticas\u201d, que ser\u00e1 conduzido pela procuradora de Justi\u00e7a no MP do Amap\u00e1 e conselheira e ouvidora do CNMP, Ivana Cei. Ela dividir\u00e1 as discuss\u00f5es com a promotora de Justi\u00e7a do Minist\u00e9rio P\u00fablico do Estado de Goi\u00e1s e membra auxiliar do Conselho Nacional do Minist\u00e9rio P\u00fablico, Tarcila Santos Britto Gomes.<\/span><\/p>\n<p align=\"justify\"><span style=\"font-size: 12pt; font-family: helvetica, arial, sans-serif;\">A tarde da quinta-feira ficar\u00e1 por conta de Andr\u00e9 Pascoal da Silva, promotor de Justi\u00e7a do Minist\u00e9rio P\u00fablico do Estado de S\u00e3o Paulo e doutor em Direito pela Universidade de SP. \u201cImprobidade administrativa: varia\u00e7\u00f5es legislativas de combate \u00e0 corrup\u00e7\u00e3o\u201d ser\u00e1 o tema da palestra dele.<\/span><\/p>\n<p align=\"justify\"><span style=\"font-size: 12pt; font-family: helvetica, arial, sans-serif;\">E o congresso ser\u00e1 finalizado com as participa\u00e7\u00f5es dos professores doutores Flaviane de Magalh\u00e3es Barros Bolzan de Morais e Jos\u00e9 Luiz Bolzan de Morais, que palestrar\u00e3o sobre \u201cUma revis\u00e3o da no\u00e7\u00e3o de contradit\u00f3rio a partir dos protocolos de atua\u00e7\u00e3o por perspectiva de g\u00eanero\u201d e \u201cRevolu\u00e7\u00e3o digital, estado de Direito e prote\u00e7\u00e3o de Direitos Humanos\u201d.<\/span><\/p>\n","protected":false},"excerpt":{"rendered":"<p> [&hellip;]<\/p>\n","protected":false},"author":17,"featured_media":47770,"comment_status":"closed","ping_status":"closed","sticky":false,"template":"","format":"standard","meta":{"om_disable_all_campaigns":false,"_monsterinsights_skip_tracking":false,"_monsterinsights_sitenote_active":false,"_monsterinsights_sitenote_note":"","_monsterinsights_sitenote_category":0,"_uf_show_specific_survey":0,"_uf_disable_surveys":false,"footnotes":""},"categories":[19],"tags":[],"class_list":["post-47762","post","type-post","status-publish","format-standard","has-post-thumbnail","hentry","category-not_esmp"],"aioseo_notices":[],"_links":{"self":[{"href":"https:\/\/www.mpal.mp.br\/index.php?rest_route=\/wp\/v2\/posts\/47762","targetHints":{"allow":["GET"]}}],"collection":[{"href":"https:\/\/www.mpal.mp.br\/index.php?rest_route=\/wp\/v2\/posts"}],"about":[{"href":"https:\/\/www.mpal.mp.br\/index.php?rest_route=\/wp\/v2\/types\/post"}],"author":[{"embeddable":true,"href":"https:\/\/www.mpal.mp.br\/index.php?rest_route=\/wp\/v2\/users\/17"}],"replies":[{"embeddable":true,"href":"https:\/\/www.mpal.mp.br\/index.php?rest_route=%2Fwp%2Fv2%2Fcomments&post=47762"}],"version-history":[{"count":5,"href":"https:\/\/www.mpal.mp.br\/index.php?rest_route=\/wp\/v2\/posts\/47762\/revisions"}],"predecessor-version":[{"id":47836,"href":"https:\/\/www.mpal.mp.br\/index.php?rest_route=\/wp\/v2\/posts\/47762\/revisions\/47836"}],"wp:featuredmedia":[{"embeddable":true,"href":"https:\/\/www.mpal.mp.br\/index.php?rest_route=\/wp\/v2\/media\/47770"}],"wp:attachment":[{"href":"https:\/\/www.mpal.mp.br\/index.php?rest_route=%2Fwp%2Fv2%2Fmedia&parent=47762"}],"wp:term":[{"taxonomy":"category","embeddable":true,"href":"https:\/\/www.mpal.mp.br\/index.php?rest_route=%2Fwp%2Fv2%2Fcategories&post=47762"},{"taxonomy":"post_tag","embeddable":true,"href":"https:\/\/www.mpal.mp.br\/index.php?rest_route=%2Fwp%2Fv2%2Ftags&post=47762"}],"curies":[{"name":"wp","href":"https:\/\/api.w.org\/{rel}","templated":true}]}}