{"id":47619,"date":"2024-09-28T17:06:44","date_gmt":"2024-09-28T20:06:44","guid":{"rendered":"https:\/\/www.mpal.mp.br\/?p=47619"},"modified":"2024-09-30T14:05:57","modified_gmt":"2024-09-30T17:05:57","slug":"violencia-mp-eleitoral-requer-suspensao-dos-atos-de-campanha-em-taquarana","status":"publish","type":"post","link":"https:\/\/www.mpal.mp.br\/?p=47619","title":{"rendered":"Viol\u00eancia: MP Eleitoral requer suspens\u00e3o dos atos de campanha em Taquarana"},"content":{"rendered":"<p style=\"text-align: justify;\">O Minist\u00e9rio P\u00fablico Eleitoral requereu, neste s\u00e1bado (28), em car\u00e1ter liminar (decis\u00e3o judicial provis\u00f3ria), a suspens\u00e3o imediata dos atos de campanhas no munic\u00edpio de Taquarana, localizado no Agreste alagoano. Na a\u00e7\u00e3o ajuizada, o promotor Kleytionne Sousa argumentou que o acirramento pol\u00edtico, \u00e0s v\u00e9speras do pleito, tem provocado um \u201cestado de viol\u00eancia entre os mun\u00edcipes, abalando, assim, a popula\u00e7\u00e3o e o sentimento de seguran\u00e7a na cidade\u201d. O pedido requerido pelo MPE ser\u00e1 analisado pelo juiz que atua na 45\u00aa Zona Eleitoral.<\/p>\n<p style=\"text-align: justify;\">Na peti\u00e7\u00e3o, o Minist\u00e9rio P\u00fablico explicou que os of\u00edcios encaminhados pelas coliga\u00e7\u00f5es, bem como as informa\u00e7\u00f5es colhidas na inspe\u00e7\u00e3o das atividades de campanhas realizados neste s\u00e1bado, deixaram claro o preju\u00edzo \u00e0 ordem p\u00fablica: \u201cOs atos de viol\u00eancia referidos consistem, entre outros, em persegui\u00e7\u00e3o de candidatos, publica\u00e7\u00f5es e falas com teor violento aos candidatos da oposi\u00e7\u00e3o, como, por exemplo, publica\u00e7\u00e3o de v\u00eddeo dando chicotadas em um caix\u00e3o de papel que possu\u00eda a foto do candidato de oposi\u00e7\u00e3o. H\u00e1 tamb\u00e9m coment\u00e1rios em publica\u00e7\u00f5es com incita\u00e7\u00e3o ao \u00f3dio, como \u2018t\u00e1 com raiva, se mate\u2019, assim como eventos partid\u00e1rios que terminaram com abalo \u00e0 integridade f\u00edsica dos participantes, ocasionando colapso na sa\u00fade do munic\u00edpio\u201d.<\/p>\n<p style=\"text-align: justify;\">Segundo Kleytionne Sousa, um dos of\u00edcios encaminhados ao MP Eleitoral relatou que, durante um ato de campanha p\u00fablico, um apoiador de uma das coliga\u00e7\u00f5es confirmou que, no dia 06 de outubro, a vit\u00f3ria seria do grupo pol\u00edtico apoiado por ele e que, &#8216;ap\u00f3s \u00e0s 18h, o candidato derrotado \u2018iria apanhar e ficar calado\u2019, numa demonstra\u00e7\u00e3o do vi\u00e9s agressivo que os atos partid\u00e1rios est\u00e3o apresentando na cidade.<\/p>\n<p style=\"text-align: justify;\"><span style=\"font-size: 14pt;\"><strong>Os pedidos<\/strong><\/span><\/p>\n<p style=\"text-align: justify;\">Temendo que a manuten\u00e7\u00e3o dessas atividades possa acarretar em diversos outros crimes, tais como homic\u00eddios, o MPE requereu que todos os atos previstos para ocorrer at\u00e9 a data do pleito fossem suspensos, de modo a garantir a integridade dos mun\u00edcipes. Diz um outro trecho da a\u00e7\u00e3o: &#8220;Estas a\u00e7\u00f5es configuram clara viola\u00e7\u00e3o dos princ\u00edpios de civilidade e transpar\u00eancia que devem pautar qualquer processo eleitoral, colocando em risco a seguran\u00e7a dos cidad\u00e3os e a legitimidade do processo eleitoral&#8221;.<\/p>\n<p style=\"text-align: justify;\">O Minist\u00e9rio P\u00fablico solicitou ainda \u00e0 autoridade policial para que inicie investiga\u00e7\u00e3o com o intuito de apurar os respons\u00e1veis pelos atos violentos, com a consequente responsabiliza\u00e7\u00e3o criminal e eleitoral dos envolvidos.<\/p>\n","protected":false},"excerpt":{"rendered":"<p> [&hellip;]<\/p>\n","protected":false},"author":17,"featured_media":47679,"comment_status":"open","ping_status":"open","sticky":false,"template":"","format":"standard","meta":{"om_disable_all_campaigns":false,"_monsterinsights_skip_tracking":false,"_monsterinsights_sitenote_active":false,"_monsterinsights_sitenote_note":"","_monsterinsights_sitenote_category":0,"_uf_show_specific_survey":0,"_uf_disable_surveys":false,"footnotes":""},"categories":[62,2],"tags":[],"class_list":["post-47619","post","type-post","status-publish","format-standard","has-post-thumbnail","hentry","category-eleicoes-2024","category-not_mpal"],"aioseo_notices":[],"_links":{"self":[{"href":"https:\/\/www.mpal.mp.br\/index.php?rest_route=\/wp\/v2\/posts\/47619","targetHints":{"allow":["GET"]}}],"collection":[{"href":"https:\/\/www.mpal.mp.br\/index.php?rest_route=\/wp\/v2\/posts"}],"about":[{"href":"https:\/\/www.mpal.mp.br\/index.php?rest_route=\/wp\/v2\/types\/post"}],"author":[{"embeddable":true,"href":"https:\/\/www.mpal.mp.br\/index.php?rest_route=\/wp\/v2\/users\/17"}],"replies":[{"embeddable":true,"href":"https:\/\/www.mpal.mp.br\/index.php?rest_route=%2Fwp%2Fv2%2Fcomments&post=47619"}],"version-history":[{"count":7,"href":"https:\/\/www.mpal.mp.br\/index.php?rest_route=\/wp\/v2\/posts\/47619\/revisions"}],"predecessor-version":[{"id":47680,"href":"https:\/\/www.mpal.mp.br\/index.php?rest_route=\/wp\/v2\/posts\/47619\/revisions\/47680"}],"wp:featuredmedia":[{"embeddable":true,"href":"https:\/\/www.mpal.mp.br\/index.php?rest_route=\/wp\/v2\/media\/47679"}],"wp:attachment":[{"href":"https:\/\/www.mpal.mp.br\/index.php?rest_route=%2Fwp%2Fv2%2Fmedia&parent=47619"}],"wp:term":[{"taxonomy":"category","embeddable":true,"href":"https:\/\/www.mpal.mp.br\/index.php?rest_route=%2Fwp%2Fv2%2Fcategories&post=47619"},{"taxonomy":"post_tag","embeddable":true,"href":"https:\/\/www.mpal.mp.br\/index.php?rest_route=%2Fwp%2Fv2%2Ftags&post=47619"}],"curies":[{"name":"wp","href":"https:\/\/api.w.org\/{rel}","templated":true}]}}