{"id":47342,"date":"2024-08-15T13:58:59","date_gmt":"2024-08-15T16:58:59","guid":{"rendered":"https:\/\/www.mpal.mp.br\/?p=47342"},"modified":"2024-09-25T10:52:36","modified_gmt":"2024-09-25T13:52:36","slug":"projeto-pequenos-delitos-grandes-transtornos","status":"publish","type":"post","link":"https:\/\/www.mpal.mp.br\/?p=47342","title":{"rendered":"Projeto &#8211; Pequenos delitos, grandes transforma\u00e7\u00f5es"},"content":{"rendered":"<p><div class=\"fusion-fullwidth fullwidth-box fusion-builder-row-1 nonhundred-percent-fullwidth non-hundred-percent-height-scrolling\"  style='background-color: #ffffff;background-position: center center;background-repeat: no-repeat;padding-top:0px;padding-right:0px;padding-bottom:0px;padding-left:0px;'><div class=\"fusion-builder-row fusion-row \"><div  class=\"fusion-layout-column fusion_builder_column fusion_builder_column_1_1 fusion-builder-column-1 fusion-one-full fusion-column-first fusion-column-last 1_1\"  style='margin-top:0px;margin-bottom:20px;'>\n\t\t\t\t\t<div class=\"fusion-column-wrapper\" style=\"padding: 0px 0px 0px 0px;background-position:left top;background-repeat:no-repeat;-webkit-background-size:cover;-moz-background-size:cover;-o-background-size:cover;background-size:cover;\"   data-bg-url=\"\">\n\t\t\t\t\t\t<div class=\"fusion-text\"><div class=\"wpb_text_column wpb_content_element \" data-raofz=\"14\">\n<div id=\"ct_86stlyctqtlscocy50gx\" class=\"wpb_wrapper\" data-raofz=\"14\">\n<p style=\"text-align: justify;\"><strong><span style=\"font-size: 14pt;\">Minist\u00e9rio P\u00fablico do Estado de Alagoas<\/span><\/strong><\/p>\n<p style=\"text-align: justify;\"><span style=\"font-size: 14pt;\"><strong>INOVA <\/strong>| Sistema de Gest\u00e3o de Projetos e Processos<\/span><\/p>\n<p style=\"text-align: justify;\"><span style=\"font-size: 14pt;\">PEQUENOS DELITOS, GRANDES TRANSFORMA\u00c7\u00d5ES<\/span><\/p>\n<p style=\"text-align: justify;\"><span style=\"font-size: 14pt;\"><strong>Tipo: <\/strong>Projeto\u00a0\u00a0\u00a0\u00a0\u00a0\u00a0\u00a0\u00a0\u00a0\u00a0\u00a0\u00a0\u00a0\u00a0\u00a0\u00a0\u00a0\u00a0\u00a0\u00a0\u00a0\u00a0\u00a0\u00a0\u00a0\u00a0\u00a0\u00a0\u00a0\u00a0\u00a0\u00a0 <strong>\u00c1rea Regional: <\/strong>Munic\u00edpio de origem n\u00e3o informado<\/span><\/p>\n<p style=\"text-align: justify;\"><span style=\"font-size: 14pt;\"><strong>Status: <\/strong>Em execu\u00e7\u00e3o\u00a0 \u00a0 \u00a0 \u00a0 \u00a0 \u00a0 \u00a0 \u00a0 \u00a0 \u00a0<strong>Unidade: <\/strong>Unidade de origem n\u00e3o informada<\/span><\/p>\n<p style=\"text-align: justify;\"><strong><span style=\"font-size: 14pt;\">::: Problema\/ Oportunidade<\/span><\/strong><\/p>\n<p style=\"text-align: justify;\"><span style=\"font-size: 14pt;\">As 37\u00aa e 41\u00aa Promotorias de Justi\u00e7a atuam perante os Juizados Especiais Criminais da Capital, onde s\u00e3o processadas e julgadas as infra\u00e7\u00f5es de menor potencial ofensivo. Tais delitos t\u00eam como peculiaridade a aplica\u00e7\u00e3o da Lei n\u00ba 9.099\/95, que encampa a ideia de justi\u00e7a penal negociada como solu\u00e7\u00e3o dos conflitos penais. De tal fato decorre que a grande maioria dos procedimentos em curso perante os Juizados Criminais \u00e9 resolvida por meio de acordo entre as partes ou entre o Minist\u00e9rio P\u00fablico e o autor do fato, o que denota o protagonismo do Promotor de Justi\u00e7a. Por este motivo, sendo o Minist\u00e9rio P\u00fablico o titular da a\u00e7\u00e3o penal, todos os meses s\u00e3o realizadas dezenas de transa\u00e7\u00f5es penais, em que s\u00e3o aplicadas penas alternativas, atrav\u00e9s de acordo, como forma de encerrar o processo, sendo o Promotor de Justi\u00e7a quem determina a medida a ser adotada pelo autor do fato. No entanto, por serem muitas vezes encaminhadas para fiscaliza\u00e7\u00e3o pelo CEAPA \u2013 Central de Penas Alternativas, n\u00e3o h\u00e1 nenhum controle quanto ao resultado obtido, inviabilizando um controle sistem\u00e1tico das a\u00e7\u00f5es adotadas. Tal prerrogativa legal do Minist\u00e9rio P\u00fablico enquanto agente atuante nos Juizados faz com que as transa\u00e7\u00f5es penais possam ser utilizadas como importantes mecanismos de empoderamento institucional e, mais do que isso, como forma de colocar o Promotor de Justi\u00e7a como agente diretamente respons\u00e1vel por promover efetivas melhorias sociais e contemplar projetos que beneficiem diretamente a comunidade violada pela conduta do autor do fato.<\/span><\/p>\n<p style=\"text-align: justify;\"><strong><span style=\"font-size: 14pt;\">::: Objetivo<\/span><\/strong><\/p>\n<p style=\"text-align: justify;\"><span style=\"font-size: 14pt;\">Assim, tendo em vista que j\u00e1 existem destina\u00e7\u00f5es espec\u00edficas para as transa\u00e7\u00f5es penais, realizadas todos os dias pelos Promotores de Justi\u00e7a, muitas vezes contemplando a presta\u00e7\u00e3o de servi\u00e7os \u00e0 comunidade ou a doa\u00e7\u00e3o de determinados objetos a causas espec\u00edficas, o escopo do projeto \u00e9 trazer maior sistematiza\u00e7\u00e3o e abrang\u00eancia ao procedimento e, ainda, privilegiar novas formas de se atingir o efeito restaurador da conduta do autor do fato, mediante 5 \u201ceixos transformadores\u201d: <\/span><\/p>\n<p style=\"text-align: justify;\"><span style=\"font-size: 14pt;\">1) Eixo de reestrutura\u00e7\u00e3o de \u00f3rg\u00e3os p\u00fablicos: mapeamento de \u00f3rg\u00e3os p\u00fablicos cuja atividade tem rela\u00e7\u00e3o com as atribui\u00e7\u00f5es do MP e destina\u00e7\u00e3o de objetos para a melhoria da estrutura f\u00edsica destas institui\u00e7\u00f5es = conex\u00e3o com o PROJETO PRE\u00c7O DO CRIME e MP AMIGO DAS BASES <\/span><\/p>\n<p style=\"text-align: justify;\"><span style=\"font-size: 14pt;\">2) Eixo humanit\u00e1rio = transa\u00e7\u00e3o penal consistente na doa\u00e7\u00e3o de sangue ou de medula para a HEMOAL, a fim de minimizar os constantes epis\u00f3dios de baixo estoque de sangue para transfus\u00e3o. Transa\u00e7\u00e3o penal consistente em presta\u00e7\u00e3o de servi\u00e7os \u00e0 comunidade, com prefer\u00eancia em institui\u00e7\u00f5es (mapeadas e cadastradas) situadas na mesma localidade onde a infra\u00e7\u00e3o foi cometida, como forma de reparar o dano causado \u00e0quela comunidade. <\/span><\/p>\n<p style=\"text-align: justify;\"><span style=\"font-size: 14pt;\">3) Eixo emancipat\u00f3rio = em casos de infra\u00e7\u00f5es espec\u00edficas envolvendo autores com depend\u00eancia qu\u00edmica ou decorrente de conflitos familiares, a transa\u00e7\u00e3o penal consistir\u00e1 no encaminhamento do autor para programas p\u00fablicos e\/ou privados de tratamento para depend\u00eancia ou, ainda, de centrais de media\u00e7\u00e3o para a solu\u00e7\u00e3o de conflitos familiares. CONEX\u00c3O COM O PROJETO ANPP RESTAURADOR. <\/span><\/p>\n<p style=\"text-align: justify;\"><span style=\"font-size: 14pt;\">4) Eixo reparador = no caso de crimes que, por exemplo, degradem o meio ambiente, em todos os seus aspectos, a transa\u00e7\u00e3o penal consistir\u00e1 na ado\u00e7\u00e3o de medidas que reparem de alguma forma o dano causado, mediante atividade consultiva do \u00f3rg\u00e3o ambiental. <\/span><\/p>\n<p style=\"text-align: justify;\"><span style=\"font-size: 14pt;\">5) Eixo de transforma\u00e7\u00e3o social = Aproxima\u00e7\u00e3o do Minist\u00e9rio P\u00fablico com a popula\u00e7\u00e3o. Em parceria com a Defensoria P\u00fablica do Estado de Alagoas (expresso da cidadania), ser\u00e3o realizadas visitas peri\u00f3dicas em \u00e1reas de grande vulnerabilidade social, a fim de mapear as car\u00eancias que podem ser supridas mediante a estrutura\u00e7\u00e3o de projetos mediante doa\u00e7\u00e3o ou a presta\u00e7\u00e3o de servi\u00e7os naquele local. H\u00e1 a possibilidade ainda de que tal eixo conte com participa\u00e7\u00e3o efetiva da Promotoria com atribui\u00e7\u00e3o na defesa dos direitos humanos, a fim de que participe das visitas e tome conhecimento das demandas da popula\u00e7\u00e3o local. H\u00e1 ainda a parceria com a Faculdade de Servi\u00e7o Social da UFAL, em que ser\u00e3o informadas entidades e projetos a serem beneficiados e fornecido apoio t\u00e9cnico e de pessoal. Assim, eleito um local de grande vulnerabilidade a ser contemplado, ser\u00e3o visitadas escolas, unidades de sa\u00fade ou projetos sociais que prestem servi\u00e7o relevante e que necessitem de atendimento a uma demanda espec\u00edfica. <\/span><\/p>\n<p style=\"text-align: justify;\"><span style=\"font-size: 14pt;\">Tal contribui\u00e7\u00e3o pode consistir na destina\u00e7\u00e3o de verbas de transa\u00e7\u00e3o penal para a constru\u00e7\u00e3o de bibliotecas, salas de inform\u00e1tica ou reforma de espa\u00e7os de conv\u00edvio social e comunit\u00e1rio. Detectado o benefici\u00e1rio, as transa\u00e7\u00f5es penais ser\u00e3o direcionadas a realizar, de forma priorit\u00e1ria e em curto prazo, a demanda eleita. Ap\u00f3s a realiza\u00e7\u00e3o do projeto em determinado local, o Minist\u00e9rio P\u00fablica far\u00e1 posterior visita para registrar e certificar o atingimento da finalidade pretendida.<\/span><\/p>\n<p style=\"text-align: justify;\"><strong><span style=\"font-size: 14pt;\">::: Escopo<\/span><\/strong><\/p>\n<p style=\"text-align: justify;\"><span style=\"font-size: 14pt;\">Em um primeiro momento, do ponto de vista institucional, o projeto contribui para protagonismo ao Minist\u00e9rio P\u00fablico como agente definidor das demandas a serem atendidas atrav\u00e9s das propostas de transa\u00e7\u00e3o penal. Do ponto de vista final\u00edstico, o projeto visa dar destina\u00e7\u00e3o social e humanit\u00e1ria \u00e0s transa\u00e7\u00f5es penais, trazendo benef\u00edcios de variadas esp\u00e9cies para a popula\u00e7\u00e3o, como a melhoria no estoque nos bancos de sangue e estrutura\u00e7\u00e3o de a\u00e7\u00f5es em comunidades carentes, beneficiando a\u00e7\u00f5es comunit\u00e1rias de sucesso (ex: equipar bibliotecas, criar salas de inform\u00e1tica, adquirir equipamentos em centros de cuidado a idosos, etc.)<\/span><\/p>\n<p style=\"text-align: justify;\"><strong><span style=\"font-size: 14pt;\">::: N\u00e3o Escopo<\/span><\/strong><\/p>\n<p style=\"text-align: justify; padding-left: 40px;\"><span style=\"font-size: 14pt;\">Dados n\u00e3o informados<\/span><\/p>\n<p style=\"text-align: justify;\"><strong><span style=\"font-size: 14pt;\">::: Premissas<\/span><\/strong><\/p>\n<p style=\"text-align: justify; padding-left: 40px;\"><span style=\"font-size: 14pt;\">*Dados n\u00e3o informados.<\/span><\/p>\n<p style=\"text-align: justify;\"><strong><span style=\"font-size: 14pt;\">::: Restri\u00e7\u00f5es<\/span><\/strong><\/p>\n<p style=\"text-align: justify; padding-left: 40px;\"><span style=\"font-size: 14pt;\">&#8211; Dados n\u00e3o informados.<\/span><\/p>\n<\/div>\n<\/div>\n<\/div><div class=\"fusion-builder-row fusion-builder-row-inner fusion-row \"><div  class=\"fusion-layout-column fusion_builder_column fusion_builder_column_1_2  fusion-one-half fusion-column-first 1_2\"  style='margin-top: 30px;margin-bottom: 20px;width:50%;width:calc(50% - ( ( 4% ) * 0.5 ) );margin-right:4%;'><div class=\"fusion-column-wrapper fusion-column-wrapper-1\" style=\"padding: 0px 0px 0px 0px;background-position:left top;background-repeat:no-repeat;-webkit-background-size:cover;-moz-background-size:cover;-o-background-size:cover;background-size:cover;\"  data-bg-url=\"\"><style type=\"text\/css\"><\/style><div class=\"fusion-title title fusion-title-1 fusion-title-center fusion-title-text fusion-title-size-two\" style=\"margin-top:0px;margin-bottom:31px;\"><div class=\"title-sep-container title-sep-container-left\"><div class=\"title-sep sep-double sep-solid\" style=\"border-color:#e0dede;\"><\/div><\/div><h2 class=\"title-heading-center\" style=\"margin:0;\">RESPONS\u00c1VEIS<\/h2><div class=\"title-sep-container title-sep-container-right\"><div class=\"title-sep sep-double sep-solid\" style=\"border-color:#e0dede;\"><\/div><\/div><\/div><div class=\"fusion-text\"><p style=\"text-align: center;\"><span style=\"font-size: 14pt; color: #003866;\" data-raofz=\"14\">Bruno de Souza Martins Baptista<\/span><\/p>\n<\/div><div class=\"fusion-text\"><p style=\"text-align: center;\"><span style=\"font-size: 14pt; color: #003866;\" data-raofz=\"14\">Sandra Malta Prata Lima<\/span><\/p>\n<\/div><div class=\"fusion-text\"><p style=\"text-align: center;\"><span style=\"font-size: 14pt; color: #003866;\" data-raofz=\"14\">Vict\u00f3ria Tavares<\/span><\/p>\n<\/div><\/div><\/div><div  class=\"fusion-layout-column fusion_builder_column fusion_builder_column_1_2  fusion-one-half fusion-column-last 1_2\"  style='margin-top: 30px;margin-bottom: 20px;width:50%;width:calc(50% - ( ( 4% ) * 0.5 ) );'><div class=\"fusion-column-wrapper fusion-column-wrapper-2\" style=\"padding: 0px 0px 0px 0px;background-position:left top;background-repeat:no-repeat;-webkit-background-size:cover;-moz-background-size:cover;-o-background-size:cover;background-size:cover;\"  data-bg-url=\"\"><style type=\"text\/css\"><\/style><div class=\"fusion-title title fusion-title-2 fusion-title-center fusion-title-text fusion-title-size-two\" style=\"margin-top:0px;margin-bottom:31px;\"><div class=\"title-sep-container title-sep-container-left\"><div class=\"title-sep sep-double sep-solid\" style=\"border-color:#e0dede;\"><\/div><\/div><h2 class=\"title-heading-center\" style=\"margin:0;\">CONTATOS<\/h2><div class=\"title-sep-container title-sep-container-right\"><div class=\"title-sep sep-double sep-solid\" style=\"border-color:#e0dede;\"><\/div><\/div><\/div><div class=\"fusion-text\"><p style=\"text-align: center;\"><span style=\"font-size: 14pt; color: #003866;\" data-raofz=\"14\">(82) 9 9117-6996<\/span><\/p>\n<\/div><div class=\"fusion-text\"><p style=\"text-align: center;\"><span style=\"font-size: 14pt; color: #003866;\" data-raofz=\"14\">(82) 2122-3500<\/span><\/p>\n<\/div><div class=\"fusion-text\"><p style=\"text-align: center;\"><span style=\"font-size: 14pt; color: #003866;\" data-raofz=\"14\">(82) 2122-0754<\/span><\/p>\n<\/div><\/div><\/div><\/div><div class=\"fusion-sep-clear\"><\/div><div class=\"fusion-separator fusion-full-width-sep sep-none\" style=\"margin-left: auto;margin-right: auto;margin-top:10px;\"><\/div><style type=\"text\/css\"><\/style><div class=\"fusion-title title fusion-title-3 fusion-title-text fusion-title-size-three\" style=\"margin-top:40px;margin-bottom:31px;\"><h3 class=\"title-heading-left\" style=\"margin:0;color:#ffffff;\"><strong><span style=\"font-size: 14pt; color: #003866;\">Anexos<\/span><\/strong><\/h3><div class=\"title-sep-container\"><div class=\"title-sep sep-double sep-solid\" style=\"border-color:#003866;\"><\/div><\/div><\/div><div class=\"fusion-text\"><p><span style=\"font-size: 14pt;\"><i class=\"fontawesome-icon fa-file-pdf fas circle-no\" style=\"font-size:18px;margin-right:9px;color:#003866;\"><\/i><a href=\"https:\/\/www.mpal.mp.br\/wp-content\/uploads\/2024\/09\/INOVA-Pequenos-delitos-grandes-transformacoes.pdf\" target=\"_blank\" rel=\"noopener\">Projeto &#8211; Pequenos delitos, grandes transforma\u00e7\u00f5es &#8211; INOVA<\/a><\/span><\/p>\n<\/div><div class=\"fusion-clearfix\"><\/div>\n\n\t\t\t\t\t<\/div>\n\t\t\t\t<\/div><\/div><\/div><div class=\"fusion-fullwidth fullwidth-box fusion-builder-row-2 nonhundred-percent-fullwidth non-hundred-percent-height-scrolling\"  style='background-color: #ffffff;background-position: center center;background-repeat: no-repeat;padding-top:0px;padding-right:0px;padding-bottom:0px;padding-left:0px;'><div class=\"fusion-builder-row fusion-row \"><div  class=\"fusion-layout-column fusion_builder_column fusion_builder_column_1_1 fusion-builder-column-2 fusion-one-full fusion-column-first fusion-column-last 1_1\"  style='margin-top:0px;margin-bottom:20px;'>\n\t\t\t\t\t<div class=\"fusion-column-wrapper\" style=\"padding: 0px 0px 0px 0px;background-position:left top;background-repeat:no-repeat;-webkit-background-size:cover;-moz-background-size:cover;-o-background-size:cover;background-size:cover;\"   data-bg-url=\"\">\n\t\t\t\t\t\t<style type=\"text\/css\"><\/style><div class=\"fusion-title title fusion-title-4 fusion-title-center fusion-title-text fusion-title-size-three\" style=\"margin-top:40px;margin-bottom:31px;\"><div class=\"title-sep-container title-sep-container-left\"><div class=\"title-sep sep-double sep-solid\" style=\"border-color:#003866;\"><\/div><\/div><h3 class=\"title-heading-center\" style=\"margin:0;color:#ffffff;\"><span style=\"color: #808080;\"><strong><span style=\"font-size: 14pt;\">\u00daltimos Projetos<\/span><\/strong><\/span><\/h3><div class=\"title-sep-container title-sep-container-right\"><div class=\"title-sep sep-double sep-solid\" style=\"border-color:#003866;\"><\/div><\/div><\/div><div class=\"fusion-recent-posts fusion-recent-posts-1 avada-container layout-default layout-columns-1\"><section class=\"fusion-columns columns fusion-columns-1 columns-1\"><article class=\"post fusion-column column col col-lg-12 col-md-12 col-sm-12\"><div class=\"recent-posts-content\"><span class=\"vcard\" style=\"display: none;\"><span class=\"fn\"><a href=\"https:\/\/www.mpal.mp.br\/?author=2\" title=\"Posts de Administrador03\" rel=\"author\">Administrador03<\/a><\/span><\/span><span class=\"updated\" style=\"display:none;\">2025-09-10T10:10:39-03:00<\/span><h4 class=\"entry-title\"><a href=\"https:\/\/www.mpal.mp.br\/?p=60868\">Projeto &#8211; PM: Quero Paz!<\/a><\/h4><\/div><\/article><article class=\"post fusion-column column col col-lg-12 col-md-12 col-sm-12\"><div class=\"recent-posts-content\"><span class=\"vcard\" style=\"display: none;\"><span class=\"fn\"><a href=\"https:\/\/www.mpal.mp.br\/?author=2\" title=\"Posts de Administrador03\" rel=\"author\">Administrador03<\/a><\/span><\/span><span class=\"updated\" style=\"display:none;\">2025-09-10T08:45:48-03:00<\/span><h4 class=\"entry-title\"><a href=\"https:\/\/www.mpal.mp.br\/?p=60799\">Projeto &#8211; Acolher para Proteger<\/a><\/h4><\/div><\/article><article class=\"post fusion-column column col col-lg-12 col-md-12 col-sm-12\"><div class=\"recent-posts-content\"><span class=\"vcard\" style=\"display: none;\"><span class=\"fn\"><a href=\"https:\/\/www.mpal.mp.br\/?author=2\" title=\"Posts de Administrador03\" rel=\"author\">Administrador03<\/a><\/span><\/span><span class=\"updated\" style=\"display:none;\">2025-09-11T10:08:18-03:00<\/span><h4 class=\"entry-title\"><a href=\"https:\/\/www.mpal.mp.br\/?p=60949\">Projeto &#8211; O Futuro \u00e9 agora &#8211; MPAL na luta contra a fome<\/a><\/h4><\/div><\/article><article class=\"post fusion-column column col col-lg-12 col-md-12 col-sm-12\"><div class=\"recent-posts-content\"><span class=\"vcard\" style=\"display: none;\"><span class=\"fn\"><a href=\"https:\/\/www.mpal.mp.br\/?author=2\" title=\"Posts de Administrador03\" rel=\"author\">Administrador03<\/a><\/span><\/span><span class=\"updated\" style=\"display:none;\">2025-09-10T09:53:04-03:00<\/span><h4 class=\"entry-title\"><a href=\"https:\/\/www.mpal.mp.br\/?p=60854\">Projeto &#8211; O Fomento do terceiro<\/a><\/h4><\/div><\/article><article class=\"post fusion-column column col col-lg-12 col-md-12 col-sm-12\"><div class=\"recent-posts-content\"><span class=\"vcard\" style=\"display: none;\"><span class=\"fn\"><a href=\"https:\/\/www.mpal.mp.br\/?author=2\" title=\"Posts de Administrador03\" rel=\"author\">Administrador03<\/a><\/span><\/span><span class=\"updated\" style=\"display:none;\">2025-09-10T09:45:49-03:00<\/span><h4 class=\"entry-title\"><a href=\"https:\/\/www.mpal.mp.br\/?p=60846\">Projeto &#8211; Nossa Educa\u00e7\u00e3o daria um Livro<\/a><\/h4><\/div><\/article><article class=\"post fusion-column column col col-lg-12 col-md-12 col-sm-12\"><div class=\"recent-posts-content\"><span class=\"vcard\" style=\"display: none;\"><span class=\"fn\"><a href=\"https:\/\/www.mpal.mp.br\/?author=2\" title=\"Posts de Administrador03\" rel=\"author\">Administrador03<\/a><\/span><\/span><span class=\"updated\" style=\"display:none;\">2025-09-10T08:56:41-03:00<\/span><h4 class=\"entry-title\"><a href=\"https:\/\/www.mpal.mp.br\/?p=60806\">Projeto &#8211; Educar e Proteger<\/a><\/h4><\/div><\/article><\/section><\/div><div class=\"fusion-clearfix\"><\/div>\n\n\t\t\t\t\t<\/div>\n\t\t\t\t<\/div><\/div><\/div><\/p>\n","protected":false},"excerpt":{"rendered":"","protected":false},"author":2,"featured_media":47343,"comment_status":"open","ping_status":"open","sticky":false,"template":"","format":"standard","meta":{"om_disable_all_campaigns":false,"_monsterinsights_skip_tracking":false,"_monsterinsights_sitenote_active":false,"_monsterinsights_sitenote_note":"","_monsterinsights_sitenote_category":0,"_uf_show_specific_survey":0,"_uf_disable_surveys":false,"footnotes":""},"categories":[28],"tags":[],"class_list":["post-47342","post","type-post","status-publish","format-standard","has-post-thumbnail","hentry","category-projetos"],"aioseo_notices":[],"_links":{"self":[{"href":"https:\/\/www.mpal.mp.br\/index.php?rest_route=\/wp\/v2\/posts\/47342","targetHints":{"allow":["GET"]}}],"collection":[{"href":"https:\/\/www.mpal.mp.br\/index.php?rest_route=\/wp\/v2\/posts"}],"about":[{"href":"https:\/\/www.mpal.mp.br\/index.php?rest_route=\/wp\/v2\/types\/post"}],"author":[{"embeddable":true,"href":"https:\/\/www.mpal.mp.br\/index.php?rest_route=\/wp\/v2\/users\/2"}],"replies":[{"embeddable":true,"href":"https:\/\/www.mpal.mp.br\/index.php?rest_route=%2Fwp%2Fv2%2Fcomments&post=47342"}],"version-history":[{"count":4,"href":"https:\/\/www.mpal.mp.br\/index.php?rest_route=\/wp\/v2\/posts\/47342\/revisions"}],"predecessor-version":[{"id":47440,"href":"https:\/\/www.mpal.mp.br\/index.php?rest_route=\/wp\/v2\/posts\/47342\/revisions\/47440"}],"wp:featuredmedia":[{"embeddable":true,"href":"https:\/\/www.mpal.mp.br\/index.php?rest_route=\/wp\/v2\/media\/47343"}],"wp:attachment":[{"href":"https:\/\/www.mpal.mp.br\/index.php?rest_route=%2Fwp%2Fv2%2Fmedia&parent=47342"}],"wp:term":[{"taxonomy":"category","embeddable":true,"href":"https:\/\/www.mpal.mp.br\/index.php?rest_route=%2Fwp%2Fv2%2Fcategories&post=47342"},{"taxonomy":"post_tag","embeddable":true,"href":"https:\/\/www.mpal.mp.br\/index.php?rest_route=%2Fwp%2Fv2%2Ftags&post=47342"}],"curies":[{"name":"wp","href":"https:\/\/api.w.org\/{rel}","templated":true}]}}