{"id":4692,"date":"2018-10-10T14:14:27","date_gmt":"2018-10-10T17:14:27","guid":{"rendered":"https:\/\/www.mpal.mp.br\/?p=4692"},"modified":"2022-04-25T14:28:24","modified_gmt":"2022-04-25T17:28:24","slug":"projeto-fale-educacao","status":"publish","type":"post","link":"https:\/\/www.mpal.mp.br\/?p=4692","title":{"rendered":"Projeto &#8211; Fale Educa\u00e7\u00e3o"},"content":{"rendered":"<p><div class=\"fusion-fullwidth fullwidth-box fusion-builder-row-1 nonhundred-percent-fullwidth non-hundred-percent-height-scrolling\"  style='background-color: #ffffff;background-position: center center;background-repeat: no-repeat;padding-top:0px;padding-right:0px;padding-bottom:0px;padding-left:0px;'><div class=\"fusion-builder-row fusion-row \"><div  class=\"fusion-layout-column fusion_builder_column fusion_builder_column_1_1 fusion-builder-column-1 fusion-one-full fusion-column-first fusion-column-last 1_1\"  style='margin-top:0px;margin-bottom:20px;'>\n\t\t\t\t\t<div class=\"fusion-column-wrapper\" style=\"padding: 0px 0px 0px 0px;background-position:left top;background-repeat:no-repeat;-webkit-background-size:cover;-moz-background-size:cover;-o-background-size:cover;background-size:cover;\"   data-bg-url=\"\">\n\t\t\t\t\t\t<div class=\"fusion-text\"><div class=\"wpb_text_column wpb_content_element \" data-raofz=\"14\">\n<div id=\"ct_86stlyctqtlscocy50gx\" class=\"wpb_wrapper\" data-raofz=\"14\">\n<p data-raofz=\"14\"><span style=\"font-size: 14pt;\" data-raofz=\"18\"><strong>ANO &#8211; 2018<\/strong><\/span><\/p>\n<p data-raofz=\"14\"><span style=\"font-size: 14pt;\">Vincula\u00e7\u00e3o Estrat\u00e9gica \u2013 PE 2011-2022 MPAL<\/span><\/p>\n<p data-raofz=\"14\"><span style=\"font-size: 14pt;\" data-raofz=\"18\"><strong>PLANO ESTRAT\u00c9GICO 2011-2022<\/strong><\/span><\/p>\n<p data-raofz=\"14\"><span style=\"font-size: 14pt;\"><strong>OBJETIVO ESTRAT\u00c9GICO<\/strong><\/span><\/p>\n<p data-raofz=\"14\"><span style=\"font-size: 14pt;\">3. Promover a Educa\u00e7\u00e3o P\u00fablica de Qualidade<\/span><\/p>\n<p data-raofz=\"14\"><span style=\"font-size: 14pt;\"><strong>ESTRAT\u00c9GIA<\/strong><\/span><\/p>\n<p data-raofz=\"14\"><span style=\"font-size: 14pt;\">3.3 Construir alian\u00e7as estrat\u00e9gicas em defesa da educa\u00e7\u00e3o p\u00fablica de qualidade.<\/span><\/p>\n<p data-raofz=\"14\"><span style=\"font-size: 14pt;\"><strong>INICIATIVA ESTRAT\u00c9GICA<\/strong><\/span><\/p>\n<p data-raofz=\"14\"><span style=\"font-size: 14pt;\">3.2.1 Adotar medidas judiciais ou extrajudiciais tendentes a garantir que o ensino, no Estado de Alagoas, tenho o m\u00ednimo de qualidade preconizada pela Lei de Diretrizes e Bases da Educa\u00e7\u00e3o Nacional;<\/span><\/p>\n<p data-raofz=\"14\"><span style=\"font-size: 14pt;\">3.3.1 Parcerias com institui\u00e7\u00f5es privadas visando \u00e0 cria\u00e7\u00e3o de eventos culturais e cient\u00edficos, com est\u00edmulos para alunos da rede p\u00fablica de ensino.<\/span><\/p>\n<p data-raofz=\"14\"><span style=\"font-size: 14pt;\"><strong>Objetivo Geral<\/strong><\/span><\/p>\n<p style=\"text-align: justify;\" data-raofz=\"14\"><span style=\"font-size: 14pt;\">O projeto visa, por meio de suas a\u00e7\u00f5es, a amplia\u00e7\u00e3o da visibilidade da educa\u00e7\u00e3o p\u00fablica para o Poder P\u00fablico e para a sociedade civil, a aproxima\u00e7\u00e3o entre o Minist\u00e9rio P\u00fablico e a comunidade bem como est\u00edmulo ao uso eficiente dos instrumentos democr\u00e1ticos.<\/span><\/p>\n<p style=\"text-align: center;\" data-raofz=\"14\"><span style=\"font-size: 14pt;\" data-raofz=\"18\"><strong>OBJETIVOS ESPEC\u00cdFICOS<\/strong><\/span><\/p>\n<ul>\n<li style=\"text-align: justify;\" data-raofz=\"14\"><span style=\"font-size: 14pt;\">Integra\u00e7\u00e3o Cidadania &#8211; <em><strong>N\u00ba de a\u00e7\u00f5es:<\/strong><\/em> 225.<\/span><\/li>\n<li style=\"text-align: justify;\" data-raofz=\"14\"><span style=\"font-size: 14pt;\">Integra\u00e7\u00e3o Forma\u00e7\u00e3o Docentes &#8211; <em><strong>N\u00ba de a\u00e7\u00f5es:<\/strong><\/em> 07.<\/span><\/li>\n<li style=\"text-align: justify;\" data-raofz=\"14\"><span style=\"font-size: 14pt;\">Integra\u00e7\u00e3o Ambiental &#8211; <em><strong>N\u00ba de a\u00e7\u00f5es:<\/strong><\/em> 28.<\/span><\/li>\n<li style=\"text-align: justify;\" data-raofz=\"14\"><span style=\"font-size: 14pt;\">Integra\u00e7\u00e3o Alimenta\u00e7\u00e3o &#8211; <em><strong>N\u00ba de a\u00e7\u00f5es:<\/strong><\/em> 15.<\/span><\/li>\n<li style=\"text-align: justify;\" data-raofz=\"14\"><span style=\"font-size: 14pt;\">Integra\u00e7\u00e3o Valores &#8211; <em><strong>N\u00ba de a\u00e7\u00f5es:<\/strong><\/em> 30.<\/span><\/li>\n<li style=\"text-align: justify;\" data-raofz=\"14\"><span style=\"font-size: 14pt;\">Integra\u00e7\u00e3o Her\u00f3is Humanos &#8211; <em><strong>N\u00ba de a\u00e7\u00f5es:<\/strong><\/em> 150.<\/span><\/li>\n<li style=\"text-align: justify;\" data-raofz=\"14\"><span style=\"font-size: 14pt;\">Est\u00edmulo \u00e0 continuidade dos estudos em n\u00edvel superior &#8211; <em><strong>N\u00ba de a\u00e7\u00f5es:<\/strong><\/em> 30.<\/span><\/li>\n<li style=\"text-align: justify;\" data-raofz=\"14\"><span style=\"font-size: 14pt;\">Atividade de Leitura \u201c Conhe\u00e7a Anne\u201d &#8211; <em><strong>N\u00ba de a\u00e7\u00f5es:<\/strong><\/em> 30.<\/span><\/li>\n<\/ul>\n<p style=\"text-align: center;\"><span style=\"font-size: 14pt;\"><strong>INDICADORES<\/strong><\/span><\/p>\n<table style=\"width: 100%; height: 189px;\" border=\"1\">\n<tbody>\n<tr style=\"background-color: #d5eff7;\">\n<td style=\"text-align: center; height: 28px; width: 19.523%;\"><span style=\"font-size: 12pt;\"><strong>Indicadores de esfor\u00e7o\u00a0<\/strong><\/span><\/td>\n<td style=\"text-align: center; height: 28px; width: 13.4276%;\"><span style=\"font-size: 12pt;\"><strong>Meta<\/strong><\/span><\/td>\n<\/tr>\n<tr style=\"height: 88px;\">\n<td style=\"height: 10px; width: 19.523%; text-align: left;\">\n<p data-raofz=\"14\"><span style=\"font-size: 12pt;\">Reuni\u00e3o com a equipe de trabalho do projeto<\/span><\/p>\n<\/td>\n<td style=\"height: 10px; width: 13.4276%; text-align: center;\"><span style=\"font-size: 12pt;\">07<\/span><\/td>\n<\/tr>\n<tr style=\"height: 56px;\">\n<td style=\"height: 20px; width: 19.523%; text-align: left;\"><span style=\"font-size: 12pt;\">Reuni\u00f5es com parceiros<\/span><\/td>\n<td style=\"height: 20px; width: 13.4276%; text-align: center;\"><span style=\"font-size: 12pt;\">30<\/span><\/td>\n<\/tr>\n<tr style=\"height: 56px;\">\n<td style=\"height: 30px; width: 19.523%; text-align: left;\"><span style=\"font-size: 12pt;\">Di\u00e1logo com a sociedade civil<\/span><\/td>\n<td style=\"height: 30px; width: 13.4276%; text-align: center;\"><span style=\"font-size: 12pt;\">02 por m\u00eas<\/span><\/td>\n<\/tr>\n<tr style=\"height: 56px;\">\n<td style=\"height: 35px; width: 19.523%; text-align: left;\"><span style=\"font-size: 12pt;\">Reuni\u00f5es com Promotores e advogados apoiadores<\/span><\/td>\n<td style=\"height: 35px; width: 13.4276%; text-align: center;\"><span style=\"font-size: 12pt;\">15<\/span><\/td>\n<\/tr>\n<tr style=\"height: 56px;\">\n<td style=\"height: 28px; width: 19.523%; text-align: left;\"><span style=\"font-size: 12pt;\">Reuni\u00e3o com diretores\/representantes das escolas participantes<\/span><\/td>\n<td style=\"height: 28px; width: 13.4276%; text-align: center;\"><span style=\"font-size: 12pt;\">05<\/span><\/td>\n<\/tr>\n<tr style=\"height: 56px;\">\n<td style=\"height: 28px; width: 19.523%; text-align: left;\"><span style=\"font-size: 12pt;\">Documentos relativos aos eventos realizados<\/span><\/td>\n<td style=\"height: 28px; width: 13.4276%; text-align: center;\"><span style=\"font-size: 12pt;\">930<\/span><\/td>\n<\/tr>\n<tr style=\"height: 56px;\">\n<td style=\"height: 10px; width: 19.523%; text-align: left;\"><span style=\"font-size: 12pt;\">Planilhas avaliativas<\/span><\/td>\n<td style=\"height: 10px; width: 13.4276%; text-align: center;\"><span style=\"font-size: 12pt;\">05<\/span><\/td>\n<\/tr>\n<\/tbody>\n<\/table>\n<p style=\"text-align: center;\"><span style=\"font-size: 14pt;\"><strong>INDICADOR DE RESULTADO<\/strong><\/span><\/p>\n<table style=\"width: 99.2933%;\" border=\"1\">\n<tbody>\n<tr style=\"background-color: #d5eff7;\">\n<td style=\"text-align: center; width: 547px;\"><span style=\"font-size: 12pt;\"><strong>Indicadores de esfor\u00e7o\u00a0<\/strong><\/span><\/td>\n<td style=\"text-align: center; width: 577px;\"><span style=\"font-size: 12pt;\"><strong>Meta<\/strong><\/span><\/td>\n<\/tr>\n<tr>\n<td style=\"text-align: left; width: 547px;\"><span style=\"font-size: 12pt;\">N\u00edvel de assimila\u00e7\u00e3o de conte\u00fado<\/span><\/td>\n<td style=\"text-align: center; width: 577px;\"><span style=\"font-size: 12pt;\">Replica\u00e7\u00e3o, em todas as escolas participantes, dos conte\u00fados administrados<\/span><\/td>\n<\/tr>\n<tr>\n<td style=\"text-align: left; width: 547px;\"><span style=\"font-size: 12pt;\">N\u00edvel de conscientiza\u00e7\u00e3o e aplica\u00e7\u00e3o do conte\u00fado administrado<\/span><\/td>\n<td style=\"text-align: center; width: 577px;\"><span style=\"font-size: 12pt;\">Aplica\u00e7\u00e3o, em todas as escolas participantes, dos conte\u00fados apresentados, bem como manuten\u00e7\u00e3o das boas pr\u00e1ticas ensinadas atrav\u00e9s das diversas etapas do projeto.<\/span><\/td>\n<\/tr>\n<\/tbody>\n<\/table>\n<p style=\"text-align: justify;\" data-raofz=\"14\"><span style=\"font-size: 14pt;\"><strong>Prazo de execu\u00e7\u00e3o: <\/strong><\/span><span style=\"font-size: 14pt;\">Dezembro 2017 \u2013 Novembro 2018<\/span><\/p>\n<p style=\"text-align: justify;\" data-raofz=\"14\"><sub><strong>Fonte:<\/strong> Escrit\u00f3rios de Projetos \u2013 Asplage<\/sub><\/p>\n<\/div>\n<\/div>\n<\/div><div class=\"fusion-builder-row fusion-builder-row-inner fusion-row \"><div  class=\"fusion-layout-column fusion_builder_column fusion_builder_column_1_2  fusion-one-half fusion-column-first 1_2\"  style='margin-top: 30px;margin-bottom: 20px;width:50%;width:calc(50% - ( ( 4% ) * 0.5 ) );margin-right:4%;'><div class=\"fusion-column-wrapper fusion-column-wrapper-1\" style=\"padding: 0px 0px 0px 0px;background-position:left top;background-repeat:no-repeat;-webkit-background-size:cover;-moz-background-size:cover;-o-background-size:cover;background-size:cover;\"  data-bg-url=\"\"><style type=\"text\/css\"><\/style><div class=\"fusion-title title fusion-title-1 fusion-title-center fusion-title-text fusion-title-size-two\" style=\"margin-top:0px;margin-bottom:31px;\"><div class=\"title-sep-container title-sep-container-left\"><div class=\"title-sep sep-double sep-solid\" style=\"border-color:#e0dede;\"><\/div><\/div><h2 class=\"title-heading-center\" style=\"margin:0;\">RESPONS\u00c1VEIS<\/h2><div class=\"title-sep-container title-sep-container-right\"><div class=\"title-sep sep-double sep-solid\" style=\"border-color:#e0dede;\"><\/div><\/div><\/div><div class=\"fusion-text\"><p style=\"text-align: center;\"><span style=\"font-size: 14pt; color: #003866;\" data-raofz=\"14\">Dra. Maria Cec\u00edlia Pontes Carna\u00faba<\/span><\/p>\n<p style=\"text-align: center;\"><span style=\"font-size: 14pt; color: #003866;\" data-raofz=\"14\">Isabelle Nicole Ramos de Ara\u00fajo<\/span><\/p>\n<p style=\"text-align: center;\"><span style=\"font-size: 14pt; color: #003866;\" data-raofz=\"14\">Thiago Ferreira da Silva<\/span><\/p>\n<p style=\"text-align: center;\"><span style=\"font-size: 14pt; color: #003866;\" data-raofz=\"14\">Maria Cristina Mendes Cavalcante<\/span><\/p>\n<\/div><\/div><\/div><div  class=\"fusion-layout-column fusion_builder_column fusion_builder_column_1_2  fusion-one-half fusion-column-last 1_2\"  style='margin-top: 30px;margin-bottom: 20px;width:50%;width:calc(50% - ( ( 4% ) * 0.5 ) );'><div class=\"fusion-column-wrapper fusion-column-wrapper-2\" style=\"padding: 0px 0px 0px 0px;background-position:left top;background-repeat:no-repeat;-webkit-background-size:cover;-moz-background-size:cover;-o-background-size:cover;background-size:cover;\"  data-bg-url=\"\"><style type=\"text\/css\"><\/style><div class=\"fusion-title title fusion-title-2 fusion-title-center fusion-title-text fusion-title-size-two\" style=\"margin-top:0px;margin-bottom:31px;\"><div class=\"title-sep-container title-sep-container-left\"><div class=\"title-sep sep-double sep-solid\" style=\"border-color:#e0dede;\"><\/div><\/div><h2 class=\"title-heading-center\" style=\"margin:0;\">CONTATOS<\/h2><div class=\"title-sep-container title-sep-container-right\"><div class=\"title-sep sep-double sep-solid\" style=\"border-color:#e0dede;\"><\/div><\/div><\/div><div class=\"fusion-text\"><p style=\"text-align: center;\"><span style=\"font-size: 14pt; color: #003866;\" data-raofz=\"14\">(82) 2122-3514<\/span><\/p>\n<p style=\"text-align: center;\"><span style=\"font-size: 14pt; color: #003866;\" data-raofz=\"14\">isabelle.araujo@mpal.mp.br<\/span><\/p>\n<\/div><\/div><\/div><\/div><div class=\"fusion-sep-clear\"><\/div><div class=\"fusion-separator fusion-full-width-sep sep-none\" style=\"margin-left: auto;margin-right: auto;margin-top:10px;\"><\/div><style type=\"text\/css\"><\/style><div class=\"fusion-title title fusion-title-3 fusion-title-text fusion-title-size-three\" style=\"margin-top:40px;margin-bottom:31px;\"><h3 class=\"title-heading-left\" style=\"margin:0;color:#ffffff;\"><strong><span style=\"font-size: 14pt; color: #003866;\">Anexos<\/span><\/strong><\/h3><div class=\"title-sep-container\"><div class=\"title-sep sep-double sep-solid\" style=\"border-color:#003866;\"><\/div><\/div><\/div><div class=\"fusion-text\"><p><span style=\"font-size: 14pt;\"><i class=\"fontawesome-icon fa-file-pdf fas circle-no\" style=\"font-size:18px;margin-right:9px;color:#003866;\"><\/i><a href=\"https:\/\/www.mpal.mp.br\/wp-content\/uploads\/2018\/10\/rtel_final_fale_educacao.pdf\" target=\"_blank\" rel=\"noopener\">Projeto \u2013 Fale Educa\u00e7\u00e3o \u2013 Relat\u00f3rio final<\/a><\/span><\/p>\n<p><span style=\"font-size: 14pt;\"><i class=\"fontawesome-icon fa-file-pdf fas circle-no\" style=\"font-size:18px;margin-right:9px;color:#003866;\"><\/i><a href=\"https:\/\/www.mpal.mp.br\/wp-content\/uploads\/2022\/04\/inf_gerais_fe.pdf\" target=\"_blank\" rel=\"noopener\">Projeto \u2013 Fale Educa\u00e7\u00e3o \u2013 Informa\u00e7\u00f5es Gerais<\/a><\/span><\/p>\n<p><span style=\"font-size: 14pt;\"><i class=\"fontawesome-icon fa-file-pdf fas circle-no\" style=\"font-size:18px;margin-right:9px;color:#003866;\"><\/i><a href=\"https:\/\/www.mpal.mp.br\/wp-content\/uploads\/2022\/04\/decl_esc_fe.pdf\" target=\"_blank\" rel=\"noopener\">Projeto \u2013 Fale Educa\u00e7\u00e3o \u2013 Declara\u00e7\u00e3o de Escopo<\/a><\/span><\/p>\n<\/div><div class=\"fusion-clearfix\"><\/div>\n\n\t\t\t\t\t<\/div>\n\t\t\t\t<\/div><\/div><\/div><div class=\"fusion-fullwidth fullwidth-box fusion-builder-row-2 nonhundred-percent-fullwidth non-hundred-percent-height-scrolling\"  style='background-color: #ffffff;background-position: center center;background-repeat: no-repeat;padding-top:0px;padding-right:0px;padding-bottom:0px;padding-left:0px;'><div class=\"fusion-builder-row fusion-row \"><div  class=\"fusion-layout-column fusion_builder_column fusion_builder_column_1_1 fusion-builder-column-2 fusion-one-full fusion-column-first fusion-column-last 1_1\"  style='margin-top:0px;margin-bottom:20px;'>\n\t\t\t\t\t<div class=\"fusion-column-wrapper\" style=\"padding: 0px 0px 0px 0px;background-position:left top;background-repeat:no-repeat;-webkit-background-size:cover;-moz-background-size:cover;-o-background-size:cover;background-size:cover;\"   data-bg-url=\"\">\n\t\t\t\t\t\t<style type=\"text\/css\"><\/style><div class=\"fusion-title title fusion-title-4 fusion-title-center fusion-title-text fusion-title-size-three\" style=\"margin-top:40px;margin-bottom:31px;\"><div class=\"title-sep-container title-sep-container-left\"><div class=\"title-sep sep-double sep-solid\" style=\"border-color:#003866;\"><\/div><\/div><h3 class=\"title-heading-center\" style=\"margin:0;color:#ffffff;\"><span style=\"color: #808080;\"><strong><span style=\"font-size: 14pt;\">\u00daltimos Projetos<\/span><\/strong><\/span><\/h3><div class=\"title-sep-container title-sep-container-right\"><div class=\"title-sep sep-double sep-solid\" style=\"border-color:#003866;\"><\/div><\/div><\/div><div class=\"fusion-recent-posts fusion-recent-posts-1 avada-container layout-default layout-columns-1\"><section class=\"fusion-columns columns fusion-columns-1 columns-1\"><article class=\"post fusion-column column col col-lg-12 col-md-12 col-sm-12\"><div class=\"recent-posts-content\"><span class=\"vcard\" style=\"display: none;\"><span class=\"fn\"><a href=\"https:\/\/www.mpal.mp.br\/?author=2\" title=\"Posts de Administrador03\" rel=\"author\">Administrador03<\/a><\/span><\/span><span class=\"updated\" style=\"display:none;\">2025-09-10T10:10:39-03:00<\/span><h4 class=\"entry-title\"><a href=\"https:\/\/www.mpal.mp.br\/?p=60868\">Projeto &#8211; PM: Quero Paz!<\/a><\/h4><\/div><\/article><article class=\"post fusion-column column col col-lg-12 col-md-12 col-sm-12\"><div class=\"recent-posts-content\"><span class=\"vcard\" style=\"display: none;\"><span class=\"fn\"><a href=\"https:\/\/www.mpal.mp.br\/?author=2\" title=\"Posts de Administrador03\" rel=\"author\">Administrador03<\/a><\/span><\/span><span class=\"updated\" style=\"display:none;\">2025-09-10T08:45:48-03:00<\/span><h4 class=\"entry-title\"><a href=\"https:\/\/www.mpal.mp.br\/?p=60799\">Projeto &#8211; Acolher para Proteger<\/a><\/h4><\/div><\/article><article class=\"post fusion-column column col col-lg-12 col-md-12 col-sm-12\"><div class=\"recent-posts-content\"><span class=\"vcard\" style=\"display: none;\"><span class=\"fn\"><a href=\"https:\/\/www.mpal.mp.br\/?author=2\" title=\"Posts de Administrador03\" rel=\"author\">Administrador03<\/a><\/span><\/span><span class=\"updated\" style=\"display:none;\">2025-09-11T10:08:18-03:00<\/span><h4 class=\"entry-title\"><a href=\"https:\/\/www.mpal.mp.br\/?p=60949\">Projeto &#8211; O Futuro \u00e9 agora &#8211; MPAL na luta contra a fome<\/a><\/h4><\/div><\/article><article class=\"post fusion-column column col col-lg-12 col-md-12 col-sm-12\"><div class=\"recent-posts-content\"><span class=\"vcard\" style=\"display: none;\"><span class=\"fn\"><a href=\"https:\/\/www.mpal.mp.br\/?author=2\" title=\"Posts de Administrador03\" rel=\"author\">Administrador03<\/a><\/span><\/span><span class=\"updated\" style=\"display:none;\">2025-09-10T09:53:04-03:00<\/span><h4 class=\"entry-title\"><a href=\"https:\/\/www.mpal.mp.br\/?p=60854\">Projeto &#8211; O Fomento do terceiro<\/a><\/h4><\/div><\/article><article class=\"post fusion-column column col col-lg-12 col-md-12 col-sm-12\"><div class=\"recent-posts-content\"><span class=\"vcard\" style=\"display: none;\"><span class=\"fn\"><a href=\"https:\/\/www.mpal.mp.br\/?author=2\" title=\"Posts de Administrador03\" rel=\"author\">Administrador03<\/a><\/span><\/span><span class=\"updated\" style=\"display:none;\">2025-09-10T09:45:49-03:00<\/span><h4 class=\"entry-title\"><a href=\"https:\/\/www.mpal.mp.br\/?p=60846\">Projeto &#8211; Nossa Educa\u00e7\u00e3o daria um Livro<\/a><\/h4><\/div><\/article><article class=\"post fusion-column column col col-lg-12 col-md-12 col-sm-12\"><div class=\"recent-posts-content\"><span class=\"vcard\" style=\"display: none;\"><span class=\"fn\"><a href=\"https:\/\/www.mpal.mp.br\/?author=2\" title=\"Posts de Administrador03\" rel=\"author\">Administrador03<\/a><\/span><\/span><span class=\"updated\" style=\"display:none;\">2025-09-10T08:56:41-03:00<\/span><h4 class=\"entry-title\"><a href=\"https:\/\/www.mpal.mp.br\/?p=60806\">Projeto &#8211; Educar e Proteger<\/a><\/h4><\/div><\/article><\/section><\/div><div class=\"fusion-clearfix\"><\/div>\n\n\t\t\t\t\t<\/div>\n\t\t\t\t<\/div><\/div><\/div><\/p>\n","protected":false},"excerpt":{"rendered":"","protected":false},"author":2,"featured_media":4693,"comment_status":"open","ping_status":"open","sticky":false,"template":"","format":"standard","meta":{"om_disable_all_campaigns":false,"_monsterinsights_skip_tracking":false,"_monsterinsights_sitenote_active":false,"_monsterinsights_sitenote_note":"","_monsterinsights_sitenote_category":0,"_uf_show_specific_survey":0,"_uf_disable_surveys":false,"footnotes":""},"categories":[28],"tags":[],"class_list":["post-4692","post","type-post","status-publish","format-standard","has-post-thumbnail","hentry","category-projetos"],"aioseo_notices":[],"_links":{"self":[{"href":"https:\/\/www.mpal.mp.br\/index.php?rest_route=\/wp\/v2\/posts\/4692","targetHints":{"allow":["GET"]}}],"collection":[{"href":"https:\/\/www.mpal.mp.br\/index.php?rest_route=\/wp\/v2\/posts"}],"about":[{"href":"https:\/\/www.mpal.mp.br\/index.php?rest_route=\/wp\/v2\/types\/post"}],"author":[{"embeddable":true,"href":"https:\/\/www.mpal.mp.br\/index.php?rest_route=\/wp\/v2\/users\/2"}],"replies":[{"embeddable":true,"href":"https:\/\/www.mpal.mp.br\/index.php?rest_route=%2Fwp%2Fv2%2Fcomments&post=4692"}],"version-history":[{"count":3,"href":"https:\/\/www.mpal.mp.br\/index.php?rest_route=\/wp\/v2\/posts\/4692\/revisions"}],"predecessor-version":[{"id":4700,"href":"https:\/\/www.mpal.mp.br\/index.php?rest_route=\/wp\/v2\/posts\/4692\/revisions\/4700"}],"wp:featuredmedia":[{"embeddable":true,"href":"https:\/\/www.mpal.mp.br\/index.php?rest_route=\/wp\/v2\/media\/4693"}],"wp:attachment":[{"href":"https:\/\/www.mpal.mp.br\/index.php?rest_route=%2Fwp%2Fv2%2Fmedia&parent=4692"}],"wp:term":[{"taxonomy":"category","embeddable":true,"href":"https:\/\/www.mpal.mp.br\/index.php?rest_route=%2Fwp%2Fv2%2Fcategories&post=4692"},{"taxonomy":"post_tag","embeddable":true,"href":"https:\/\/www.mpal.mp.br\/index.php?rest_route=%2Fwp%2Fv2%2Ftags&post=4692"}],"curies":[{"name":"wp","href":"https:\/\/api.w.org\/{rel}","templated":true}]}}