{"id":46882,"date":"2024-09-14T11:44:16","date_gmt":"2024-09-14T14:44:16","guid":{"rendered":"https:\/\/www.mpal.mp.br\/?p=46882"},"modified":"2024-09-15T11:48:11","modified_gmt":"2024-09-15T14:48:11","slug":"pgj-lean-araujo-participa-de-reuniao-do-cnpg-que-aprova-estatuto-do-instituto-roberto-lyra","status":"publish","type":"post","link":"https:\/\/www.mpal.mp.br\/?p=46882","title":{"rendered":"PGJ Lean Ara\u00fajo participa de reuni\u00e3o do CNPG que aprova Estatuto do Instituto Roberto Lyra"},"content":{"rendered":"<div class=\"fusion-fullwidth fullwidth-box fusion-builder-row-1 nonhundred-percent-fullwidth non-hundred-percent-height-scrolling\"  style='background-color: #ffffff;background-position: center center;background-repeat: no-repeat;padding-top:0px;padding-right:0px;padding-bottom:0px;padding-left:0px;'><div class=\"fusion-builder-row fusion-row \"><div  class=\"fusion-layout-column fusion_builder_column fusion_builder_column_1_1 fusion-builder-column-1 fusion-one-full fusion-column-first fusion-column-last 1_1\"  style='margin-top:0px;margin-bottom:0px;'>\n\t\t\t\t\t<div class=\"fusion-column-wrapper\" style=\"padding: 0px 0px 0px 0px;background-position:left top;background-repeat:no-repeat;-webkit-background-size:cover;-moz-background-size:cover;-o-background-size:cover;background-size:cover;\"   data-bg-url=\"\">\n\t\t\t\t\t\t<div class=\"fusion-text\"><p class=\"p1\" style=\"text-align: justify;\"><span class=\"s1\">O procurador-geral de Justi\u00e7a de Alagoas, Lean Ara\u00fajo, participou, nesta sexta-feira (13), da 8\u00aa Reuni\u00e3o Ordin\u00e1ria do Conselho Nacional dos Procuradores-Gerais do Minist\u00e9rio P\u00fablico dos Estados e da Uni\u00e3o (CNPG), realizada nesta sexta-feira (13\/09), em Belo Horizonte. Durante o encontro, os chefes dos MPs de todo o Brasil aprovaram a cria\u00e7\u00e3o do <\/span><\/p>\n<p class=\"p1\" style=\"text-align: justify;\"><span class=\"s1\">Instituto do Minist\u00e9rio P\u00fablico Brasileiro Roberto Lyra (IRL), entidade que contribuir\u00e1 para o aprimoramento e desenvolvimento das atividades dos Minist\u00e9rios P\u00fablicos.<\/span><\/p>\n<p class=\"p1\" style=\"text-align: justify;\"><span class=\"s1\">De acordo com o Estatuto Social do Instituto, entre os seus objetivos est\u00e1 a pesquisa e o estudo de m\u00e9todos para o aperfei\u00e7oamento de suas fun\u00e7\u00f5es, al\u00e9m da promo\u00e7\u00e3o e incentivo \u00e0 realiza\u00e7\u00e3o de eventos como congressos, semin\u00e1rios e cursos de capacita\u00e7\u00e3o, tanto presenciais quanto \u00e0 dist\u00e2ncia. \u201cEle tamb\u00e9m ir\u00e1 criar e publicar obras t\u00e9cnicas e peri\u00f3dicos, mantendo, assim, o interc\u00e2mbio com estudiosos e especialistas em not\u00f3rio saber jur\u00eddico, al\u00e9m de celebrar conv\u00eanios com institui\u00e7\u00f5es nacionais. Tudo isso para que os integrantes da carreira do Minist\u00e9rio P\u00fablico possam ser capacitar ainda mais. Assim, eles estar\u00e3o cada vez mais preparados para bem servir a sociedade\u201d, afirmou Lean Ara\u00fajo. <\/span><\/p>\n<p class=\"p1\" style=\"text-align: justify;\"><span class=\"s1\">Outras a\u00e7\u00f5es incluem prestar assist\u00eancia t\u00e9cnica \u00e0s unidades do Minist\u00e9rio P\u00fablico e institui\u00e7\u00f5es p\u00fablicas e privadas, atender \u00e0 melhoria de suas fun\u00e7\u00f5es, e fornecer informa\u00e7\u00f5es e documentos sobre entidades de interesse. Por meio dele, o CNPG ainda pretende instituir concursos com pr\u00eamios em forma de est\u00e1gios e treinamentos, compilar e distribuir c\u00f3pias da legisla\u00e7\u00e3o pertinente, manter um banco de dados atualizado com informa\u00e7\u00f5es relevantes, e acompanhar a tramita\u00e7\u00e3o de legisla\u00e7\u00e3o.<\/span><\/p>\n<p class=\"p1\" style=\"text-align: justify;\"><span class=\"s1\">Por fim, o Instituto vai buscar divulgar informa\u00e7\u00f5es sobre temas de interesse, promover a forma\u00e7\u00e3o continuada dos membros, elaborar diretrizes uniformizadas e apoiar a implementa\u00e7\u00e3o de normas.<\/span><\/p>\n<p class=\"p1\"><strong><span class=\"s1\">Outros temas<\/span><\/strong><\/p>\n<p class=\"p1\" style=\"text-align: justify;\"><span class=\"s1\">A reuni\u00e3o do CNPG tamb\u00e9m tratou de repassar informa\u00e7\u00f5es atualizadas sobre as estrat\u00e9gicas dos Grupos Nacionais de Acompanhamento Processual (GNP), de Acompanhamento Legislativo (GNL) e de Comunica\u00e7\u00e3o, Transpar\u00eancia e Publicidade (GNCOM).<\/span><\/p>\n<p class=\"p1\" style=\"text-align: justify;\"><span class=\"s1\">O colegiado ainda debateu o requerimento do Movimento Nacional de Mulheres do Minist\u00e9rio P\u00fablico e do Movimento ELAS do Minist\u00e9rio P\u00fablico do Estado de Minas Gerais para implementa\u00e7\u00e3o de medidas afirmativas no intuito de corrigir as desigualdades de g\u00eanero no \u00e2mbito do Minist\u00e9rio P\u00fablico.<\/span><\/p>\n<p class=\"p1\" style=\"text-align: justify;\"><span class=\"s1\">Al\u00e9m dos procuradores-gerais dos Minist\u00e9rios P\u00fablicos, o procurador-geral da Rep\u00fablica, Paulo Gonet, participou da reuni\u00e3o. \u201cO Minist\u00e9rio P\u00fablico \u00e9 uma institui\u00e7\u00e3o nacional. Temos que atuar em conjunto, sem ci\u00fames, disputas, com os olhos voltados para o resultado que \u00e9 o cumprimento da fun\u00e7\u00e3o constitucional do MP. Fico muito tranquilo porque sei que todos que est\u00e3o aqui, comungam desta mesma vis\u00e3o. E l\u00e1 no CNMP estamos todos unidos neste mesmo prop\u00f3sito\u201d, declarou ele. <\/span><\/p>\n<p class=\"p1\" style=\"text-align: justify;\"><span class=\"s1\">A 8\u00aa Reuni\u00e3o Ordin\u00e1ria do Conselho Nacional dos Procuradores-Gerais do Minist\u00e9rio P\u00fablico dos Estados e da Uni\u00e3o aconteceu no Pal\u00e1cio da Liberdade, antiga sede do Governo do Estado de Minas Gerais.<\/span><\/p>\n<p>*Fotos do MPMG.<\/p>\n<\/div><style type=\"text\/css\">.fusion-gallery-1 .fusion-gallery-image {border:0px solid #f6f6f6;-webkit-border-radius:5px;-moz-border-radius:5px;border-radius:5px;}<\/style><div class=\"fusion-gallery fusion-gallery-container fusion-grid-3 fusion-columns-total-0 fusion-gallery-layout-grid fusion-gallery-1\" style=\"margin:-5px;\"><div style=\"padding:5px;\" class=\"fusion-grid-column fusion-gallery-column fusion-gallery-column-3 hover-type-none\"><div class=\"fusion-gallery-image\"><a href=\"https:\/\/www.mpal.mp.br\/wp-content\/uploads\/2024\/09\/Lean-2.jpg\" rel=\"noreferrer\" data-rel=\"iLightbox[gallery_image_1]\" class=\"fusion-lightbox\" target=\"_self\"><img loading=\"lazy\" decoding=\"async\" src=\"https:\/\/www.mpal.mp.br\/wp-content\/uploads\/2024\/09\/Lean-2.jpg\" width=\"1600\" height=\"1200\" alt=\"\" title=\"Lean 2\" aria-label=\"Lean 2\" class=\"img-responsive wp-image-46879\" \/><\/a><\/div><\/div><\/div><div class=\"fusion-clearfix\"><\/div>\n\n\t\t\t\t\t<\/div>\n\t\t\t\t<\/div><\/div><\/div>\n","protected":false},"excerpt":{"rendered":"","protected":false},"author":17,"featured_media":46877,"comment_status":"open","ping_status":"open","sticky":false,"template":"","format":"standard","meta":{"om_disable_all_campaigns":false,"_monsterinsights_skip_tracking":false,"_monsterinsights_sitenote_active":false,"_monsterinsights_sitenote_note":"","_monsterinsights_sitenote_category":0,"_uf_show_specific_survey":0,"_uf_disable_surveys":false,"footnotes":""},"categories":[61,49],"tags":[],"class_list":["post-46882","post","type-post","status-publish","format-standard","has-post-thumbnail","hentry","category-not_ngi","category-not_pgj"],"aioseo_notices":[],"_links":{"self":[{"href":"https:\/\/www.mpal.mp.br\/index.php?rest_route=\/wp\/v2\/posts\/46882","targetHints":{"allow":["GET"]}}],"collection":[{"href":"https:\/\/www.mpal.mp.br\/index.php?rest_route=\/wp\/v2\/posts"}],"about":[{"href":"https:\/\/www.mpal.mp.br\/index.php?rest_route=\/wp\/v2\/types\/post"}],"author":[{"embeddable":true,"href":"https:\/\/www.mpal.mp.br\/index.php?rest_route=\/wp\/v2\/users\/17"}],"replies":[{"embeddable":true,"href":"https:\/\/www.mpal.mp.br\/index.php?rest_route=%2Fwp%2Fv2%2Fcomments&post=46882"}],"version-history":[{"count":2,"href":"https:\/\/www.mpal.mp.br\/index.php?rest_route=\/wp\/v2\/posts\/46882\/revisions"}],"predecessor-version":[{"id":46886,"href":"https:\/\/www.mpal.mp.br\/index.php?rest_route=\/wp\/v2\/posts\/46882\/revisions\/46886"}],"wp:featuredmedia":[{"embeddable":true,"href":"https:\/\/www.mpal.mp.br\/index.php?rest_route=\/wp\/v2\/media\/46877"}],"wp:attachment":[{"href":"https:\/\/www.mpal.mp.br\/index.php?rest_route=%2Fwp%2Fv2%2Fmedia&parent=46882"}],"wp:term":[{"taxonomy":"category","embeddable":true,"href":"https:\/\/www.mpal.mp.br\/index.php?rest_route=%2Fwp%2Fv2%2Fcategories&post=46882"},{"taxonomy":"post_tag","embeddable":true,"href":"https:\/\/www.mpal.mp.br\/index.php?rest_route=%2Fwp%2Fv2%2Ftags&post=46882"}],"curies":[{"name":"wp","href":"https:\/\/api.w.org\/{rel}","templated":true}]}}