{"id":46703,"date":"2024-06-02T12:02:50","date_gmt":"2024-06-02T15:02:50","guid":{"rendered":"https:\/\/www.mpal.mp.br\/?p=46703"},"modified":"2024-09-11T12:59:23","modified_gmt":"2024-09-11T15:59:23","slug":"projeto-intolerancias","status":"publish","type":"post","link":"https:\/\/www.mpal.mp.br\/?p=46703","title":{"rendered":"Projeto &#8211; Intoler\u00e2ncias"},"content":{"rendered":"<p><div class=\"fusion-fullwidth fullwidth-box fusion-builder-row-1 nonhundred-percent-fullwidth non-hundred-percent-height-scrolling\"  style='background-color: #ffffff;background-position: center center;background-repeat: no-repeat;padding-top:0px;padding-right:0px;padding-bottom:0px;padding-left:0px;'><div class=\"fusion-builder-row fusion-row \"><div  class=\"fusion-layout-column fusion_builder_column fusion_builder_column_1_1 fusion-builder-column-1 fusion-one-full fusion-column-first fusion-column-last 1_1\"  style='margin-top:0px;margin-bottom:20px;'>\n\t\t\t\t\t<div class=\"fusion-column-wrapper\" style=\"padding: 0px 0px 0px 0px;background-position:left top;background-repeat:no-repeat;-webkit-background-size:cover;-moz-background-size:cover;-o-background-size:cover;background-size:cover;\"   data-bg-url=\"\">\n\t\t\t\t\t\t<div class=\"fusion-text\"><div class=\"wpb_text_column wpb_content_element \" data-raofz=\"14\">\n<div id=\"ct_86stlyctqtlscocy50gx\" class=\"wpb_wrapper\" data-raofz=\"14\">\n<p style=\"text-align: justify;\"><strong><span style=\"font-size: 14pt;\">Minist\u00e9rio P\u00fablico do Estado de Alagoas<\/span><\/strong><\/p>\n<p style=\"text-align: justify;\"><span style=\"font-size: 14pt;\"><strong>INOVA <\/strong>| Sistema de Gest\u00e3o de Projetos e Processos<\/span><\/p>\n<p style=\"text-align: justify;\"><span style=\"font-size: 14pt;\">INTOLER\u00c2NCIAS<\/span><\/p>\n<p style=\"text-align: justify;\"><span style=\"font-size: 14pt;\"><strong>Tipo: <\/strong>Projeto\u00a0\u00a0\u00a0\u00a0\u00a0\u00a0\u00a0\u00a0\u00a0\u00a0\u00a0\u00a0\u00a0\u00a0\u00a0\u00a0\u00a0\u00a0\u00a0\u00a0\u00a0\u00a0\u00a0\u00a0\u00a0\u00a0\u00a0\u00a0\u00a0\u00a0\u00a0\u00a0 <strong>\u00c1rea Regional: <\/strong>Munic\u00edpio de origem n\u00e3o informado<\/span><\/p>\n<p style=\"text-align: justify;\"><span style=\"font-size: 14pt;\"><strong>Status: <\/strong>Em execu\u00e7\u00e3o\u00a0 \u00a0 \u00a0 \u00a0 \u00a0 \u00a0 <strong>Unidade: <\/strong>Unidade de origem n\u00e3o informada<\/span><\/p>\n<p style=\"text-align: justify;\"><strong><span style=\"font-size: 14pt;\">::: Problema\/ Oportunidade<\/span><\/strong><\/p>\n<p style=\"text-align: justify;\"><span style=\"font-size: 14pt;\">A a\u00e7\u00e3o \u00e9 necess\u00e1ria porque a intoler\u00e2ncia racial, sexual e religiosa \u00e9 um problema persistente na sociedade e, em Alagoas, n\u00e3o \u00e9 diferente. Essa intoler\u00e2ncia se manifesta atrav\u00e9s de discrimina\u00e7\u00e3o, preconceito e viol\u00eancia, afetando negativamente as v\u00edtimas e causando divis\u00f5es e conflitos sociais. Existem v\u00e1rias raz\u00f5es pelas quais essa a\u00e7\u00e3o \u00e9 necess\u00e1ria: Promo\u00e7\u00e3o da igualdade e justi\u00e7a: A intoler\u00e2ncia \u00e9 uma viola\u00e7\u00e3o dos direitos humanos fundamentais. Todos devem ter igualdade de oportunidades e tratamento justo, independentemente de sua ra\u00e7a, orienta\u00e7\u00e3o sexual ou religi\u00e3o. Constru\u00e7\u00e3o de sociedades inclusivas: A diversidade \u00e9 uma caracter\u00edstica natural e valiosa de qualquer sociedade. Ao promover o respeito e a valoriza\u00e7\u00e3o da diversidade, podemos construir comunidades mais inclusivas, onde todos se sintam aceitos e pertencentes. Preven\u00e7\u00e3o de conflitos e viol\u00eancia: A intoler\u00e2ncia pode levar a conflitos sociais, viol\u00eancia e at\u00e9 mesmo crimes de \u00f3dio. Ao combater a intoler\u00e2ncia, estamos trabalhando para criar um ambiente mais pac\u00edfico e seguro para todos. Educa\u00e7\u00e3o e conscientiza\u00e7\u00e3o: Muitas vezes, a intoler\u00e2ncia \u00e9 resultado de estere\u00f3tipos, falta de conhecimento e falta de exposi\u00e7\u00e3o a diferentes culturas e experi\u00eancias. A a\u00e7\u00e3o \u00e9 necess\u00e1ria para educar e conscientizar as pessoas sobre a diversidade humana e os danos causados pela intoler\u00e2ncia. Fortalecimento das rela\u00e7\u00f5es sociais: Ao promover o respeito e a toler\u00e2ncia, podemos fortalecer as rela\u00e7\u00f5es entre os diversos grupos da sociedade. Isso contribui para um senso de coes\u00e3o social e colabora\u00e7\u00e3o m\u00fatua. Em resumo, a a\u00e7\u00e3o \u00e9 necess\u00e1ria para combater a intoler\u00e2ncia racial, sexual e religiosa, visando criar uma sociedade mais justa, inclusiva, pac\u00edfica e harmoniosa. A necessidade de realizar a campanha contra a intoler\u00e2ncia racial, sexual e religiosa \u00e9 impulsionada por v\u00e1rios fatores e eventos que destacam a urg\u00eancia de abordar esse problema. Alguns motivos que geraram essa necessidade incluem: Aumento dos casos de discrimina\u00e7\u00e3o: Observa-se um aumento de casos de discrimina\u00e7\u00e3o com base na ra\u00e7a, orienta\u00e7\u00e3o sexual e religi\u00e3o com o passar dos anos e isso exige a\u00e7\u00f5es imediatas de conscientiza\u00e7\u00e3o. Desigualdades persistentes: Apesar dos avan\u00e7os em dire\u00e7\u00e3o \u00e0 igualdade, ainda existem disparidades significativas em termos de acesso a oportunidades, recursos e tratamento justo para pessoas pertencentes a minorias raciais, sexuais e religiosas. Conflitos e tens\u00f5es sociais: A intoler\u00e2ncia racial, sexual e religiosa muitas vezes resulta em conflitos e tens\u00f5es sociais. Esses conflitos podem dividir comunidades, prejudicar as rela\u00e7\u00f5es interpessoais e at\u00e9 mesmo levar a dist\u00farbios civis. Impacto negativo na sa\u00fade mental e bem-estar: Aqueles que s\u00e3o alvos de intoler\u00e2ncia enfrentam um impacto negativo significativo em sua sa\u00fade mental e bem- estar. O estigma, a discrimina\u00e7\u00e3o e a exclus\u00e3o social podem levar a problemas como ansiedade, depress\u00e3o e baixa autoestima. Necessidade de construir comunidades inclusivas: Para construir sociedades mais justas e inclusivas, \u00e9 essencial promover o respeito pela diversidade e combater a intoler\u00e2ncia. Somente por meio do respeito m\u00fatuo e da valoriza\u00e7\u00e3o das diferen\u00e7as \u00e9 poss\u00edvel alcan\u00e7ar uma coexist\u00eancia pac\u00edfica e harmoniosa. Responsabilidade social: Como membros de uma sociedade, temos a responsabilidade de defender a igualdade, a justi\u00e7a e os direitos humanos. Ao tomar medidas para combater a intoler\u00e2ncia, estamos contribuindo para a constru\u00e7\u00e3o de um mundo melhor para as gera\u00e7\u00f5es presentes e futuras. Esses s\u00e3o alguns dos motivos que geraram a necessidade de realizar uma campanha contra a intoler\u00e2ncia racial, sexual e religiosa. Ao abordar esses problemas, buscamos criar um ambiente mais inclusivo, respeitoso e equitativo para todos.<\/span><\/p>\n<p style=\"text-align: justify;\"><strong><span style=\"font-size: 14pt;\">::: Objetivo<\/span><\/strong><\/p>\n<p style=\"text-align: justify;\"><span style=\"font-size: 14pt;\">A campanha contra a intoler\u00e2ncia racial, sexual e religiosa busca alcan\u00e7ar uma s\u00e9rie de benef\u00edcios importantes. Aqui est\u00e3o alguns benef\u00edcios esperados dessa campanha: Sensibiliza\u00e7\u00e3o e conscientiza\u00e7\u00e3o: A campanha tem como objetivo aumentar a conscientiza\u00e7\u00e3o sobre os impactos negativos da intoler\u00e2ncia e destacar a import\u00e2ncia da igualdade, do respeito e da valoriza\u00e7\u00e3o da diversidade. Espera-se que isso promova uma mudan\u00e7a de mentalidade e atitudes em rela\u00e7\u00e3o \u00e0 toler\u00e2ncia. Redu\u00e7\u00e3o da intoler\u00e2ncia: Atrav\u00e9s da educa\u00e7\u00e3o e da promo\u00e7\u00e3o do di\u00e1logo, a campanha pretende reduzir a intoler\u00e2ncia racial, sexual e religiosa. Ao desafiar estere\u00f3tipos, preconceitos e discrimina\u00e7\u00e3o, espera-se criar um ambiente mais inclusivo e acolhedor para todas as pessoas. Constru\u00e7\u00e3o de comunidades mais fortes: Ao promover a toler\u00e2ncia e o respeito, a campanha busca construir comunidades mais fortes e coesas. Ao aceitar e valorizar a diversidade, as pessoas s\u00e3o incentivadas a trabalhar juntas e a construir relacionamentos positivos entre os diferentes grupos sociais. Combate \u00e0 discrimina\u00e7\u00e3o e desigualdade: A campanha tem como objetivo combater a discrimina\u00e7\u00e3o e a desigualdade, oferecendo oportunidades iguais para todos, independentemente de sua ra\u00e7a, orienta\u00e7\u00e3o sexual ou religi\u00e3o. Espera-se que isso ajude a criar uma sociedade mais justa e equitativa. Preven\u00e7\u00e3o de conflitos e viol\u00eancia: Ao promover a toler\u00e2ncia, a campanha busca prevenir conflitos e viol\u00eancia motivados pela intoler\u00e2ncia. Ao melhorar a compreens\u00e3o e o respeito entre os diferentes grupos, espera-se reduzir a hostilidade e promover a resolu\u00e7\u00e3o pac\u00edfica de conflitos. Fortalecimento do tecido social: Ao promover a igualdade e a diversidade, a campanha busca fortalecer o tecido social. Isso inclui a promo\u00e7\u00e3o da coexist\u00eancia pac\u00edfica, a valoriza\u00e7\u00e3o da contribui\u00e7\u00e3o de cada indiv\u00edduo e a cria\u00e7\u00e3o de uma sociedade mais coesa e harmoniosa. Esses s\u00e3o alguns dos benef\u00edcios esperados da campanha contra a intoler\u00e2ncia racial, sexual e religiosa. No entanto, \u00e9 importante lembrar que a mudan\u00e7a social \u00e9 um processo cont\u00ednuo e que esses benef\u00edcios podem levar tempo para serem alcan\u00e7ados completamente.<\/span><\/p>\n<p style=\"text-align: justify;\"><strong><span style=\"font-size: 14pt;\">::: Escopo<\/span><\/strong><\/p>\n<p style=\"text-align: justify;\"><span style=\"font-size: 14pt;\">O projeto tem como objetivo alcan\u00e7ar ao menos 75 mil pessoas da sociedade alagoana<\/span><\/p>\n<p style=\"text-align: justify;\"><strong><span style=\"font-size: 14pt;\">::: N\u00e3o Escopo<\/span><\/strong><\/p>\n<p style=\"text-align: justify; padding-left: 40px;\"><span style=\"font-size: 14pt;\">Dados n\u00e3o informados<\/span><\/p>\n<p style=\"text-align: justify;\"><strong><span style=\"font-size: 14pt;\">::: Premissas<\/span><\/strong><\/p>\n<p><span style=\"font-size: 14pt;\">Dados n\u00e3o informados<\/span><\/p>\n<p style=\"text-align: justify;\"><strong><span style=\"font-size: 14pt;\">::: Restri\u00e7\u00f5es<\/span><\/strong><\/p>\n<p style=\"text-align: justify; padding-left: 40px;\"><span style=\"font-size: 14pt;\">&#8211; Dados n\u00e3o informados<\/span><\/p>\n<\/div>\n<\/div>\n<\/div><div class=\"fusion-builder-row fusion-builder-row-inner fusion-row \"><div  class=\"fusion-layout-column fusion_builder_column fusion_builder_column_1_2  fusion-one-half fusion-column-first 1_2\"  style='margin-top: 30px;margin-bottom: 20px;width:50%;width:calc(50% - ( ( 4% ) * 0.5 ) );margin-right:4%;'><div class=\"fusion-column-wrapper fusion-column-wrapper-1\" style=\"padding: 0px 0px 0px 0px;background-position:left top;background-repeat:no-repeat;-webkit-background-size:cover;-moz-background-size:cover;-o-background-size:cover;background-size:cover;\"  data-bg-url=\"\"><style type=\"text\/css\"><\/style><div class=\"fusion-title title fusion-title-1 fusion-title-center fusion-title-text fusion-title-size-two\" style=\"margin-top:0px;margin-bottom:31px;\"><div class=\"title-sep-container title-sep-container-left\"><div class=\"title-sep sep-double sep-solid\" style=\"border-color:#e0dede;\"><\/div><\/div><h2 class=\"title-heading-center\" style=\"margin:0;\">RESPONS\u00c1VEIS<\/h2><div class=\"title-sep-container title-sep-container-right\"><div class=\"title-sep sep-double sep-solid\" style=\"border-color:#e0dede;\"><\/div><\/div><\/div><div class=\"fusion-text\"><p style=\"text-align: center;\"><span style=\"font-size: 14pt; color: #003866;\" data-raofz=\"14\">Fl\u00e1via P\u00e2mela de Lima<\/span><\/p>\n<\/div><div class=\"fusion-text\"><p style=\"text-align: center;\"><span style=\"font-size: 14pt; color: #003866;\" data-raofz=\"14\">Janaina Soares Ribeiro<\/span><\/p>\n<\/div><div class=\"fusion-text\"><p style=\"text-align: center;\"><span style=\"font-size: 14pt; color: #003866;\" data-raofz=\"14\">Jo\u00e3o Alcides de S\u00e1 Cerqueira<\/span><\/p>\n<\/div><div class=\"fusion-text\"><p style=\"text-align: center;\"><span style=\"font-size: 14pt; color: #003866;\" data-raofz=\"14\">Thiago Henrique Ferreira<\/span><\/p>\n<\/div><\/div><\/div><div  class=\"fusion-layout-column fusion_builder_column fusion_builder_column_1_2  fusion-one-half fusion-column-last 1_2\"  style='margin-top: 30px;margin-bottom: 20px;width:50%;width:calc(50% - ( ( 4% ) * 0.5 ) );'><div class=\"fusion-column-wrapper fusion-column-wrapper-2\" style=\"padding: 0px 0px 0px 0px;background-position:left top;background-repeat:no-repeat;-webkit-background-size:cover;-moz-background-size:cover;-o-background-size:cover;background-size:cover;\"  data-bg-url=\"\"><style type=\"text\/css\"><\/style><div class=\"fusion-title title fusion-title-2 fusion-title-center fusion-title-text fusion-title-size-two\" style=\"margin-top:0px;margin-bottom:31px;\"><div class=\"title-sep-container title-sep-container-left\"><div class=\"title-sep sep-double sep-solid\" style=\"border-color:#e0dede;\"><\/div><\/div><h2 class=\"title-heading-center\" style=\"margin:0;\">CONTATOS<\/h2><div class=\"title-sep-container title-sep-container-right\"><div class=\"title-sep sep-double sep-solid\" style=\"border-color:#e0dede;\"><\/div><\/div><\/div><div class=\"fusion-text\"><p style=\"text-align: center;\"><span style=\"font-size: 14pt; color: #003866;\" data-raofz=\"14\">(82) 2122-3516<\/span><\/p>\n<\/div><div class=\"fusion-text\"><p style=\"text-align: center;\"><span style=\"font-size: 14pt; color: #003866;\" data-raofz=\"14\">(82) 2122-3516<\/span><\/p>\n<\/div><div class=\"fusion-text\"><p style=\"text-align: center;\"><span style=\"font-size: 14pt; color: #003866;\" data-raofz=\"14\">(82) 2122-3516<\/span><\/p>\n<\/div><div class=\"fusion-text\"><p style=\"text-align: center;\"><span style=\"font-size: 14pt; color: #003866;\" data-raofz=\"14\">(82) 2122-3516<\/span><\/p>\n<\/div><\/div><\/div><\/div><div class=\"fusion-sep-clear\"><\/div><div class=\"fusion-separator fusion-full-width-sep sep-none\" style=\"margin-left: auto;margin-right: auto;margin-top:10px;\"><\/div><style type=\"text\/css\"><\/style><div class=\"fusion-title title fusion-title-3 fusion-title-text fusion-title-size-three\" style=\"margin-top:40px;margin-bottom:31px;\"><h3 class=\"title-heading-left\" style=\"margin:0;color:#ffffff;\"><strong><span style=\"font-size: 14pt; color: #003866;\">Anexos<\/span><\/strong><\/h3><div class=\"title-sep-container\"><div class=\"title-sep sep-double sep-solid\" style=\"border-color:#003866;\"><\/div><\/div><\/div><div class=\"fusion-text\"><p><span style=\"font-size: 14pt;\"><i class=\"fontawesome-icon fa-file-pdf fas circle-no\" style=\"font-size:18px;margin-right:9px;color:#003866;\"><\/i><a href=\"https:\/\/www.mpal.mp.br\/wp-content\/uploads\/2024\/06\/Proj_intolerancias.pdf\" target=\"_blank\" rel=\"noopener\">Projeto &#8211; Intoler\u00e2ncias &#8211; Projeto INOVA<\/a><\/span><\/p>\n<\/div><div class=\"fusion-clearfix\"><\/div>\n\n\t\t\t\t\t<\/div>\n\t\t\t\t<\/div><\/div><\/div><div class=\"fusion-fullwidth fullwidth-box fusion-builder-row-2 nonhundred-percent-fullwidth non-hundred-percent-height-scrolling\"  style='background-color: #ffffff;background-position: center center;background-repeat: no-repeat;padding-top:0px;padding-right:0px;padding-bottom:0px;padding-left:0px;'><div class=\"fusion-builder-row fusion-row \"><div  class=\"fusion-layout-column fusion_builder_column fusion_builder_column_1_1 fusion-builder-column-2 fusion-one-full fusion-column-first fusion-column-last 1_1\"  style='margin-top:0px;margin-bottom:20px;'>\n\t\t\t\t\t<div class=\"fusion-column-wrapper\" style=\"padding: 0px 0px 0px 0px;background-position:left top;background-repeat:no-repeat;-webkit-background-size:cover;-moz-background-size:cover;-o-background-size:cover;background-size:cover;\"   data-bg-url=\"\">\n\t\t\t\t\t\t<style type=\"text\/css\"><\/style><div class=\"fusion-title title fusion-title-4 fusion-title-center fusion-title-text fusion-title-size-three\" style=\"margin-top:40px;margin-bottom:31px;\"><div class=\"title-sep-container title-sep-container-left\"><div class=\"title-sep sep-double sep-solid\" style=\"border-color:#003866;\"><\/div><\/div><h3 class=\"title-heading-center\" style=\"margin:0;color:#ffffff;\"><span style=\"color: #808080;\"><strong><span style=\"font-size: 14pt;\">\u00daltimos Projetos<\/span><\/strong><\/span><\/h3><div class=\"title-sep-container title-sep-container-right\"><div class=\"title-sep sep-double sep-solid\" style=\"border-color:#003866;\"><\/div><\/div><\/div><div class=\"fusion-recent-posts fusion-recent-posts-1 avada-container layout-default layout-columns-1\"><section class=\"fusion-columns columns fusion-columns-1 columns-1\"><article class=\"post fusion-column column col col-lg-12 col-md-12 col-sm-12\"><div class=\"recent-posts-content\"><span class=\"vcard\" style=\"display: none;\"><span class=\"fn\"><a href=\"https:\/\/www.mpal.mp.br\/?author=2\" title=\"Posts de Administrador03\" rel=\"author\">Administrador03<\/a><\/span><\/span><span class=\"updated\" style=\"display:none;\">2025-09-10T10:10:39-03:00<\/span><h4 class=\"entry-title\"><a href=\"https:\/\/www.mpal.mp.br\/?p=60868\">Projeto &#8211; PM: Quero Paz!<\/a><\/h4><\/div><\/article><article class=\"post fusion-column column col col-lg-12 col-md-12 col-sm-12\"><div class=\"recent-posts-content\"><span class=\"vcard\" style=\"display: none;\"><span class=\"fn\"><a href=\"https:\/\/www.mpal.mp.br\/?author=2\" title=\"Posts de Administrador03\" rel=\"author\">Administrador03<\/a><\/span><\/span><span class=\"updated\" style=\"display:none;\">2025-09-10T08:45:48-03:00<\/span><h4 class=\"entry-title\"><a href=\"https:\/\/www.mpal.mp.br\/?p=60799\">Projeto &#8211; Acolher para Proteger<\/a><\/h4><\/div><\/article><article class=\"post fusion-column column col col-lg-12 col-md-12 col-sm-12\"><div class=\"recent-posts-content\"><span class=\"vcard\" style=\"display: none;\"><span class=\"fn\"><a href=\"https:\/\/www.mpal.mp.br\/?author=2\" title=\"Posts de Administrador03\" rel=\"author\">Administrador03<\/a><\/span><\/span><span class=\"updated\" style=\"display:none;\">2025-09-11T10:08:18-03:00<\/span><h4 class=\"entry-title\"><a href=\"https:\/\/www.mpal.mp.br\/?p=60949\">Projeto &#8211; O Futuro \u00e9 agora &#8211; MPAL na luta contra a fome<\/a><\/h4><\/div><\/article><article class=\"post fusion-column column col col-lg-12 col-md-12 col-sm-12\"><div class=\"recent-posts-content\"><span class=\"vcard\" style=\"display: none;\"><span class=\"fn\"><a href=\"https:\/\/www.mpal.mp.br\/?author=2\" title=\"Posts de Administrador03\" rel=\"author\">Administrador03<\/a><\/span><\/span><span class=\"updated\" style=\"display:none;\">2025-09-10T09:53:04-03:00<\/span><h4 class=\"entry-title\"><a href=\"https:\/\/www.mpal.mp.br\/?p=60854\">Projeto &#8211; O Fomento do terceiro<\/a><\/h4><\/div><\/article><article class=\"post fusion-column column col col-lg-12 col-md-12 col-sm-12\"><div class=\"recent-posts-content\"><span class=\"vcard\" style=\"display: none;\"><span class=\"fn\"><a href=\"https:\/\/www.mpal.mp.br\/?author=2\" title=\"Posts de Administrador03\" rel=\"author\">Administrador03<\/a><\/span><\/span><span class=\"updated\" style=\"display:none;\">2025-09-10T09:45:49-03:00<\/span><h4 class=\"entry-title\"><a href=\"https:\/\/www.mpal.mp.br\/?p=60846\">Projeto &#8211; Nossa Educa\u00e7\u00e3o daria um Livro<\/a><\/h4><\/div><\/article><article class=\"post fusion-column column col col-lg-12 col-md-12 col-sm-12\"><div class=\"recent-posts-content\"><span class=\"vcard\" style=\"display: none;\"><span class=\"fn\"><a href=\"https:\/\/www.mpal.mp.br\/?author=2\" title=\"Posts de Administrador03\" rel=\"author\">Administrador03<\/a><\/span><\/span><span class=\"updated\" style=\"display:none;\">2025-09-10T08:56:41-03:00<\/span><h4 class=\"entry-title\"><a href=\"https:\/\/www.mpal.mp.br\/?p=60806\">Projeto &#8211; Educar e Proteger<\/a><\/h4><\/div><\/article><\/section><\/div><div class=\"fusion-clearfix\"><\/div>\n\n\t\t\t\t\t<\/div>\n\t\t\t\t<\/div><\/div><\/div><\/p>\n","protected":false},"excerpt":{"rendered":"","protected":false},"author":2,"featured_media":46704,"comment_status":"open","ping_status":"open","sticky":false,"template":"","format":"standard","meta":{"om_disable_all_campaigns":false,"_monsterinsights_skip_tracking":false,"_monsterinsights_sitenote_active":false,"_monsterinsights_sitenote_note":"","_monsterinsights_sitenote_category":0,"_uf_show_specific_survey":0,"_uf_disable_surveys":false,"footnotes":""},"categories":[28],"tags":[],"class_list":["post-46703","post","type-post","status-publish","format-standard","has-post-thumbnail","hentry","category-projetos"],"aioseo_notices":[],"_links":{"self":[{"href":"https:\/\/www.mpal.mp.br\/index.php?rest_route=\/wp\/v2\/posts\/46703","targetHints":{"allow":["GET"]}}],"collection":[{"href":"https:\/\/www.mpal.mp.br\/index.php?rest_route=\/wp\/v2\/posts"}],"about":[{"href":"https:\/\/www.mpal.mp.br\/index.php?rest_route=\/wp\/v2\/types\/post"}],"author":[{"embeddable":true,"href":"https:\/\/www.mpal.mp.br\/index.php?rest_route=\/wp\/v2\/users\/2"}],"replies":[{"embeddable":true,"href":"https:\/\/www.mpal.mp.br\/index.php?rest_route=%2Fwp%2Fv2%2Fcomments&post=46703"}],"version-history":[{"count":4,"href":"https:\/\/www.mpal.mp.br\/index.php?rest_route=\/wp\/v2\/posts\/46703\/revisions"}],"predecessor-version":[{"id":46709,"href":"https:\/\/www.mpal.mp.br\/index.php?rest_route=\/wp\/v2\/posts\/46703\/revisions\/46709"}],"wp:featuredmedia":[{"embeddable":true,"href":"https:\/\/www.mpal.mp.br\/index.php?rest_route=\/wp\/v2\/media\/46704"}],"wp:attachment":[{"href":"https:\/\/www.mpal.mp.br\/index.php?rest_route=%2Fwp%2Fv2%2Fmedia&parent=46703"}],"wp:term":[{"taxonomy":"category","embeddable":true,"href":"https:\/\/www.mpal.mp.br\/index.php?rest_route=%2Fwp%2Fv2%2Fcategories&post=46703"},{"taxonomy":"post_tag","embeddable":true,"href":"https:\/\/www.mpal.mp.br\/index.php?rest_route=%2Fwp%2Fv2%2Ftags&post=46703"}],"curies":[{"name":"wp","href":"https:\/\/api.w.org\/{rel}","templated":true}]}}