{"id":4650,"date":"2020-12-22T12:11:09","date_gmt":"2020-12-22T15:11:09","guid":{"rendered":"https:\/\/www.mpal.mp.br\/?p=4650"},"modified":"2023-04-26T10:24:57","modified_gmt":"2023-04-26T13:24:57","slug":"projeto-recomecar-oficina-de-jovens-aprendizes","status":"publish","type":"post","link":"https:\/\/www.mpal.mp.br\/?p=4650","title":{"rendered":"Projeto &#8211; Recome\u00e7ar: Oficina de Jovens aprendizes"},"content":{"rendered":"<p><div class=\"fusion-fullwidth fullwidth-box fusion-builder-row-1 nonhundred-percent-fullwidth non-hundred-percent-height-scrolling\"  style='background-color: #ffffff;background-position: center center;background-repeat: no-repeat;padding-top:0px;padding-right:0px;padding-bottom:0px;padding-left:0px;'><div class=\"fusion-builder-row fusion-row \"><div  class=\"fusion-layout-column fusion_builder_column fusion_builder_column_1_1 fusion-builder-column-1 fusion-one-full fusion-column-first fusion-column-last 1_1\"  style='margin-top:0px;margin-bottom:20px;'>\n\t\t\t\t\t<div class=\"fusion-column-wrapper\" style=\"padding: 0px 0px 0px 0px;background-position:left top;background-repeat:no-repeat;-webkit-background-size:cover;-moz-background-size:cover;-o-background-size:cover;background-size:cover;\"   data-bg-url=\"\">\n\t\t\t\t\t\t<div class=\"fusion-text\"><div class=\"wpb_text_column wpb_content_element \" data-raofz=\"14\">\n<div id=\"ct_86stlyctqtlscocy50gx\" class=\"wpb_wrapper\" data-raofz=\"14\">\n<p style=\"text-align: justify;\"><strong><span style=\"font-size: 14pt;\">Minist\u00e9rio P\u00fablico do Estado de Alagoas<\/span><\/strong><\/p>\n<p style=\"text-align: justify;\"><span style=\"font-size: 14pt;\"><strong>INOVA <\/strong>| Sistema de Gest\u00e3o de Projetos e Processos<\/span><\/p>\n<p style=\"text-align: justify;\"><span style=\"font-size: 14pt;\"><strong>RECOME\u00c7AR &#8211; OFICINA DE JOVENS APRENDIZES<\/strong><\/span><\/p>\n<p style=\"text-align: justify;\"><span style=\"font-size: 14pt;\"><strong>Tipo: <\/strong>Projeto\u00a0\u00a0\u00a0\u00a0\u00a0\u00a0\u00a0\u00a0\u00a0\u00a0\u00a0\u00a0\u00a0\u00a0\u00a0\u00a0\u00a0\u00a0\u00a0\u00a0\u00a0\u00a0\u00a0\u00a0\u00a0\u00a0\u00a0\u00a0\u00a0\u00a0\u00a0\u00a0 <strong>\u00c1rea Regional: <\/strong>Munic\u00edpio de origem n\u00e3o informado<\/span><\/p>\n<p style=\"text-align: justify;\"><span style=\"font-size: 14pt;\"><strong>Status: <\/strong>Finalizado\u00a0 \u00a0 \u00a0 \u00a0 \u00a0 \u00a0 \u00a0 \u00a0 \u00a0 \u00a0 \u00a0 \u00a0 <strong>Unidade: <\/strong>Unidade de origem n\u00e3o informada<\/span><\/p>\n<p style=\"text-align: justify;\"><strong><span style=\"font-size: 14pt;\">::: Problema\/ Oportunidade<\/span><\/strong><\/p>\n<p style=\"text-align: justify;\"><span style=\"font-size: 14pt;\">O Minist\u00e9rio P\u00fablico do Estado de Alagoas, por interm\u00e9dio da 7\u00aa Promotoria de Justi\u00e7a de Arapiraca, com atribui\u00e7\u00e3o na \u00e1rea da inf\u00e2ncia e juventude, idealizou o Projeto Recome\u00e7ar \u2013 Oficina de Jovens Aprendizes, que visa a promo\u00e7\u00e3o da prote\u00e7\u00e3o do adolescente e jovens que vivem em condi\u00e7\u00e3o de vulnerabilidade social ou em cumprimento de medida socioeducativa. H\u00e1 consenso, nos dias atuais, de que os adolescentes est\u00e3o se envolvendo em pr\u00e1ticas de atos infracionais de propor\u00e7\u00f5es cada vez mais graves e com in\u00edcio cada vez mais precoce, ao mesmo tempo em que se tornam as maiores v\u00edtimas de viol\u00eancia. Prevenir, proteger e contribuir para que os adolescentes e jovens saiam dessa realidade foi a motiva\u00e7\u00e3o desse Projeto. Entende-se que a a\u00e7\u00e3o preventiva \u00e9 o ponto de partida para o crescimento individual, pois favorece a reflex\u00e3o e o despertar de uma consci\u00eancia cr\u00edtica da sociedade, levando a um direcionamento de vida baseado em valores. Prevenir \u00e9 contribuir a m\u00e9dio ou longo prazo na cidadania, na igualdade e para a justi\u00e7a social. \u00c9 a busca por se evitar que haja um direcionamento para o cometimento de pr\u00e1ticas il\u00edcitas. A preven\u00e7\u00e3o materializa-se na ado\u00e7\u00e3o de uma atitude respons\u00e1vel direcionada aos adolescentes, com o objetivo de evitar que uns n\u00e3o se envolvam em situa\u00e7\u00f5es de risco e, consequentemente, n\u00e3o causem danos pessoais e sociais relacionados a esse envolvimento de atos infracionais. Com esse prop\u00f3sito, um trabalho preventivo desenvolver-se-\u00e1 na forma\u00e7\u00e3o e no fortalecimento dos v\u00ednculos familiares, comunit\u00e1rios e na gera\u00e7\u00e3o de emprego. Outro rumo do projeto \u00e9 o compromisso social de tentar contribuir na transforma\u00e7\u00e3o daqueles que cumprem medidas socioeducativas em meio aberto por terem cometidos atos infracionais, possibilitando a eles tamb\u00e9m a oportunidade de se capacitarem e estarem mais preparados para o mercado de trabalho. Afinal, a falta de oportunidade e a perspectiva de vida limitada, associada \u00e0 desestrutura\u00e7\u00e3o familiar e a pobreza, s\u00e3o fatores que, fortemente, influenciam os adolescentes a cometerem atos il\u00edcitos, com \u00eanfase em patrim\u00f4nio e drogas. O Projeto se fundamenta no art. 227 da Constitui\u00e7\u00e3o Federal de 1988, aduz que \u00e9 dever da fam\u00edlia, da sociedade e do Estado assegurar \u00e0 crian\u00e7a e ao adolescente, com absoluta prioridade, o direito \u00e0 vida, \u00e0 sa\u00fade, \u00e0 alimenta\u00e7\u00e3o, \u00e0 educa\u00e7\u00e3o, ao lazer, \u00e0 profissionaliza\u00e7\u00e3o, \u00e0 cultura, \u00e0 dignidade, ao respeito, \u00e0 liberdade e \u00e0 conviv\u00eancia comunit\u00e1ria, al\u00e9m de coloc\u00e1-los a salvo de toda forma de neglig\u00eancia, discrimina\u00e7\u00e3o, explora\u00e7\u00e3o, viol\u00eancia, crueldade e opress\u00e3o; bem como no artigo 76 e seguintes da Lei do Sinase, que asseguram prioridade absoluta ao direito \u00e0 profissionaliza\u00e7\u00e3o do adolescente, sua inser\u00e7\u00e3o no mercado de trabalho e sua participa\u00e7\u00e3o nos cursos dos sistemas \u201cS\u201d. Por fim, faz parte do projeto a busca por parcerias com institui\u00e7\u00f5es p\u00fablicas e de iniciativa privada que possam ofertar cursos e, posteriormente, vagas de trabalho para os adolescentes e jovens ap\u00f3s as capacita\u00e7\u00f5es e orienta\u00e7\u00f5es que eles receber\u00e3o. Pretende-se, dessa forma, com o Projeto \u201cRecome\u00e7ar \u2013 Oficina de Jovens Aprendizes\u201d, capacitar, gerar oportunidade de emprego e mudan\u00e7a de vida aos adolescentes e jovens em condi\u00e7\u00f5es de vulnerabilidade social, especialmente aqueles que est\u00e3o cumprindo medidas socioeducativas.<\/span><\/p>\n<p style=\"text-align: justify;\"><strong><span style=\"font-size: 14pt;\">::: Objetivo<\/span><\/strong><\/p>\n<p style=\"text-align: justify;\"><span style=\"font-size: 14pt;\">OBJETIVO GERAL Atuar de forma preventiva e protetiva, por meio da promo\u00e7\u00e3o de capacita\u00e7\u00e3o para o mercado de trabalho de adolescentes e jovens em condi\u00e7\u00e3o de vulnerabilidade social, em especial aos que cumprem medida socioeducativa, possibilitando mudan\u00e7a de vida e transforma\u00e7\u00e3o social. OBJETIVOS ESPEC\u00cdFICOS 1. Promover cursos profissionalizantes, por meio de parcerias, com objetivo de capacitar para o mercado de trabalho, seja ele formal ou informal, os adolescentes e jovens contemplados pelo projeto; 2. Acompanhar a participa\u00e7\u00e3o dos adolescentes e jovens em condi\u00e7\u00e3o de vulnerabilidade social e\/ou em cumprimento de medida socioeducativa no curso e no mercado de trabalho dentro do programa jovem aprendiz; 3. Promover a instala\u00e7\u00e3o de laborat\u00f3rios de inform\u00e1tica com ofertas de cursos, nos bairros que apresentem vulnerabilidade social, por meio de parceria, objetivando a inser\u00e7\u00e3o de jovens e adolescentes que se enquadrem no perfil do Projeto; 4 \u2013 Aproximar o Minist\u00e9rio<\/span><\/p>\n<p style=\"text-align: justify;\"><span style=\"font-size: 14pt;\">P\u00fablico da sociedade, na constru\u00e7\u00e3o de a\u00e7\u00f5es que convergem e contribuem para a maior efici\u00eancia da institui\u00e7\u00e3o na prote\u00e7\u00e3o da crian\u00e7a e do adolescente; 5. &#8211; Consolidar o Projeto Recome\u00e7ar tornando suas a\u00e7\u00f5es permanentes. Oferta cont\u00ednua e perene de cursos de inform\u00e1tica pelo SENAC nos laborat\u00f3rios instalados no bairro Planalto e em constru\u00e7\u00e3o no bairro Manoel Teles. 6. &#8211; Incentivar conv\u00eanio entre o munic\u00edpio de Arapiraca e as associa\u00e7\u00f5es que venham disponibilizar cursos de inform\u00e1tica nos bairros deste munic\u00edpio, com custeio de manuten\u00e7\u00e3o de computadores e consumo de energia el\u00e9trica por parte do poder p\u00fablico.<\/span><\/p>\n<p style=\"text-align: justify;\"><strong><span style=\"font-size: 14pt;\">::: Escopo<\/span><\/strong><\/p>\n<p style=\"text-align: justify;\"><span style=\"font-size: 14pt;\">O Projeto Recome\u00e7ar \u2013 Oficina de Jovens Aprendizes pretende contribuir para que 160 adolescentes\/jovens infratores e outros adolescentes\/jovens em condi\u00e7\u00e3o de vulnerabilidade social sejam capacitados para o mercado de trabalho. Espera-se contribuir para que haja diminui\u00e7\u00e3o no n\u00famero de reincid\u00eancia no cometimento de atos infracionais pelos adolescentes que cumprem medida socioeducativa e que forem contemplados pelo projeto, com foco nos que efetivamentre foram inseridos no mercado de trabalho. Outrossim, pretende-se contribuir para que os adolescentes e jovens que vivem em situa\u00e7\u00e3o de vulnerabilidade social n\u00e3o enveredem no caminho do crime, busquem construir suas hist\u00f3rias de forma digna e \u00e9tica.<\/span><\/p>\n<p style=\"text-align: justify;\"><strong><span style=\"font-size: 14pt;\">::: N\u00e3o Escopo<\/span><\/strong><\/p>\n<p style=\"text-align: justify;\"><span style=\"font-size: 14pt;\">Dados n\u00e3o informados<\/span><\/p>\n<p style=\"text-align: justify;\"><strong><span style=\"font-size: 14pt;\">::: Premissas<\/span><\/strong><\/p>\n<p style=\"text-align: justify;\"><span style=\"font-size: 14pt;\">Dados n\u00e3o informados<\/span><\/p>\n<p style=\"text-align: justify;\"><strong><span style=\"font-size: 14pt;\">::: Restri\u00e7\u00f5es<\/span><\/strong><\/p>\n<p style=\"text-align: justify;\"><span style=\"font-size: 14pt;\">Dados n\u00e3o informados<\/span><\/p>\n<\/div>\n<\/div>\n<\/div><div class=\"fusion-builder-row fusion-builder-row-inner fusion-row \"><div  class=\"fusion-layout-column fusion_builder_column fusion_builder_column_1_2  fusion-one-half fusion-column-first 1_2\"  style='margin-top: 30px;margin-bottom: 20px;width:50%;width:calc(50% - ( ( 4% ) * 0.5 ) );margin-right:4%;'><div class=\"fusion-column-wrapper fusion-column-wrapper-1\" style=\"padding: 0px 0px 0px 0px;background-position:left top;background-repeat:no-repeat;-webkit-background-size:cover;-moz-background-size:cover;-o-background-size:cover;background-size:cover;\"  data-bg-url=\"\"><style type=\"text\/css\"><\/style><div class=\"fusion-title title fusion-title-1 fusion-title-center fusion-title-text fusion-title-size-two\" style=\"margin-top:0px;margin-bottom:31px;\"><div class=\"title-sep-container title-sep-container-left\"><div class=\"title-sep sep-double sep-solid\" style=\"border-color:#e0dede;\"><\/div><\/div><h2 class=\"title-heading-center\" style=\"margin:0;\">RESPONS\u00c1VEIS<\/h2><div class=\"title-sep-container title-sep-container-right\"><div class=\"title-sep sep-double sep-solid\" style=\"border-color:#e0dede;\"><\/div><\/div><\/div><div class=\"fusion-text\"><p style=\"text-align: center;\"><span style=\"font-size: 14pt; color: #003866;\" data-raofz=\"14\">Dr. Maur\u00edcio Amaral Wanderley<\/span><\/p>\n<p style=\"text-align: center;\"><span style=\"font-size: 14pt; color: #003866;\" data-raofz=\"14\">Amanda Eloyse Silva Costa<\/span><\/p>\n<\/div><\/div><\/div><div  class=\"fusion-layout-column fusion_builder_column fusion_builder_column_1_2  fusion-one-half fusion-column-last 1_2\"  style='margin-top: 30px;margin-bottom: 20px;width:50%;width:calc(50% - ( ( 4% ) * 0.5 ) );'><div class=\"fusion-column-wrapper fusion-column-wrapper-2\" style=\"padding: 0px 0px 0px 0px;background-position:left top;background-repeat:no-repeat;-webkit-background-size:cover;-moz-background-size:cover;-o-background-size:cover;background-size:cover;\"  data-bg-url=\"\"><style type=\"text\/css\"><\/style><div class=\"fusion-title title fusion-title-2 fusion-title-center fusion-title-text fusion-title-size-two\" style=\"margin-top:0px;margin-bottom:31px;\"><div class=\"title-sep-container title-sep-container-left\"><div class=\"title-sep sep-double sep-solid\" style=\"border-color:#e0dede;\"><\/div><\/div><h2 class=\"title-heading-center\" style=\"margin:0;\">CONTATOS<\/h2><div class=\"title-sep-container title-sep-container-right\"><div class=\"title-sep sep-double sep-solid\" style=\"border-color:#e0dede;\"><\/div><\/div><\/div><div class=\"fusion-text\"><p style=\"text-align: center;\"><span style=\"font-size: 14pt; color: #003866;\" data-raofz=\"14\">(82) 2122-3631<\/span><\/p>\n<p style=\"text-align: center;\"><span style=\"font-size: 14pt; color: #003866;\" data-raofz=\"14\">amanda.costa@mpal.mp.br<\/span><\/p>\n<\/div><\/div><\/div><\/div><div class=\"fusion-sep-clear\"><\/div><div class=\"fusion-separator fusion-full-width-sep sep-none\" style=\"margin-left: auto;margin-right: auto;margin-top:10px;\"><\/div><style type=\"text\/css\"><\/style><div class=\"fusion-title title fusion-title-3 fusion-title-text fusion-title-size-three\" style=\"margin-top:40px;margin-bottom:31px;\"><h3 class=\"title-heading-left\" style=\"margin:0;color:#ffffff;\"><strong><span style=\"font-size: 14pt; color: #003866;\">Anexos<\/span><\/strong><\/h3><div class=\"title-sep-container\"><div class=\"title-sep sep-double sep-solid\" style=\"border-color:#003866;\"><\/div><\/div><\/div><div class=\"fusion-text\"><p><span style=\"font-size: 14pt;\"><i class=\"fontawesome-icon fa-file-pdf fas circle-no\" style=\"font-size:18px;margin-right:9px;color:#003866;\"><\/i><a href=\"https:\/\/www.mpal.mp.br\/wp-content\/uploads\/2022\/04\/Links-de-video-institucional-e-reportagens.odt\" target=\"_blank\" rel=\"noopener\">Links de v\u00eddeo institucional e reportagem<\/a><\/span><\/p>\n<p><span style=\"font-size: 14pt;\"><i class=\"fontawesome-icon fa-file-pdf fas circle-no\" style=\"font-size:18px;margin-right:9px;color:#003866;\"><\/i><a href=\"https:\/\/www.mpal.mp.br\/wp-content\/uploads\/2019\/12\/Fotos-do-projeto.pdf\" target=\"_blank\" rel=\"noopener\">Fotos do Projeto<\/a><\/span><\/p>\n<p><span style=\"font-size: 14pt;\"><i class=\"fontawesome-icon fa-file-pdf fas circle-no\" style=\"font-size:18px;margin-right:9px;color:#003866;\"><\/i><a href=\"https:\/\/www.mpal.mp.br\/wp-content\/uploads\/2019\/12\/Fotos-do-projeto.pdf\" target=\"_blank\" rel=\"noopener\">Projeto &#8211; Trajet\u00f3ria<\/a><\/span><\/p>\n<p><span style=\"font-size: 14pt;\"><i class=\"fontawesome-icon fa-file-pdf fas circle-no\" style=\"font-size:18px;margin-right:9px;color:#003866;\"><\/i><a href=\"https:\/\/www.mpal.mp.br\/wp-content\/uploads\/2020\/12\/PROJETO-RECOMECAR-OFICINA-DE-JOVENS-APRENDIZES.pdf\" target=\"_blank\" rel=\"noopener\">Projeto Recome\u00e7ar<\/a><\/span><\/p>\n<\/div><div class=\"fusion-clearfix\"><\/div>\n\n\t\t\t\t\t<\/div>\n\t\t\t\t<\/div><\/div><\/div><div class=\"fusion-fullwidth fullwidth-box fusion-builder-row-2 nonhundred-percent-fullwidth non-hundred-percent-height-scrolling\"  style='background-color: #ffffff;background-position: center center;background-repeat: no-repeat;padding-top:0px;padding-right:0px;padding-bottom:0px;padding-left:0px;'><div class=\"fusion-builder-row fusion-row \"><div  class=\"fusion-layout-column fusion_builder_column fusion_builder_column_1_1 fusion-builder-column-2 fusion-one-full fusion-column-first fusion-column-last 1_1\"  style='margin-top:0px;margin-bottom:20px;'>\n\t\t\t\t\t<div class=\"fusion-column-wrapper\" style=\"padding: 0px 0px 0px 0px;background-position:left top;background-repeat:no-repeat;-webkit-background-size:cover;-moz-background-size:cover;-o-background-size:cover;background-size:cover;\"   data-bg-url=\"\">\n\t\t\t\t\t\t<style type=\"text\/css\"><\/style><div class=\"fusion-title title fusion-title-4 fusion-title-center fusion-title-text fusion-title-size-three\" style=\"margin-top:40px;margin-bottom:31px;\"><div class=\"title-sep-container title-sep-container-left\"><div class=\"title-sep sep-double sep-solid\" style=\"border-color:#003866;\"><\/div><\/div><h3 class=\"title-heading-center\" style=\"margin:0;color:#ffffff;\"><span style=\"color: #808080;\"><strong><span style=\"font-size: 14pt;\">\u00daltimos Projetos<\/span><\/strong><\/span><\/h3><div class=\"title-sep-container title-sep-container-right\"><div class=\"title-sep sep-double sep-solid\" style=\"border-color:#003866;\"><\/div><\/div><\/div><div class=\"fusion-recent-posts fusion-recent-posts-1 avada-container layout-default layout-columns-1\"><section class=\"fusion-columns columns fusion-columns-1 columns-1\"><article class=\"post fusion-column column col col-lg-12 col-md-12 col-sm-12\"><div class=\"recent-posts-content\"><span class=\"vcard\" style=\"display: none;\"><span class=\"fn\"><a href=\"https:\/\/www.mpal.mp.br\/?author=2\" title=\"Posts de Administrador03\" rel=\"author\">Administrador03<\/a><\/span><\/span><span class=\"updated\" style=\"display:none;\">2025-09-10T10:10:39-03:00<\/span><h4 class=\"entry-title\"><a href=\"https:\/\/www.mpal.mp.br\/?p=60868\">Projeto &#8211; PM: Quero Paz!<\/a><\/h4><\/div><\/article><article class=\"post fusion-column column col col-lg-12 col-md-12 col-sm-12\"><div class=\"recent-posts-content\"><span class=\"vcard\" style=\"display: none;\"><span class=\"fn\"><a href=\"https:\/\/www.mpal.mp.br\/?author=2\" title=\"Posts de Administrador03\" rel=\"author\">Administrador03<\/a><\/span><\/span><span class=\"updated\" style=\"display:none;\">2025-09-10T08:45:48-03:00<\/span><h4 class=\"entry-title\"><a href=\"https:\/\/www.mpal.mp.br\/?p=60799\">Projeto &#8211; Acolher para Proteger<\/a><\/h4><\/div><\/article><article class=\"post fusion-column column col col-lg-12 col-md-12 col-sm-12\"><div class=\"recent-posts-content\"><span class=\"vcard\" style=\"display: none;\"><span class=\"fn\"><a href=\"https:\/\/www.mpal.mp.br\/?author=2\" title=\"Posts de Administrador03\" rel=\"author\">Administrador03<\/a><\/span><\/span><span class=\"updated\" style=\"display:none;\">2025-09-11T10:08:18-03:00<\/span><h4 class=\"entry-title\"><a href=\"https:\/\/www.mpal.mp.br\/?p=60949\">Projeto &#8211; O Futuro \u00e9 agora &#8211; MPAL na luta contra a fome<\/a><\/h4><\/div><\/article><article class=\"post fusion-column column col col-lg-12 col-md-12 col-sm-12\"><div class=\"recent-posts-content\"><span class=\"vcard\" style=\"display: none;\"><span class=\"fn\"><a href=\"https:\/\/www.mpal.mp.br\/?author=2\" title=\"Posts de Administrador03\" rel=\"author\">Administrador03<\/a><\/span><\/span><span class=\"updated\" style=\"display:none;\">2025-09-10T09:53:04-03:00<\/span><h4 class=\"entry-title\"><a href=\"https:\/\/www.mpal.mp.br\/?p=60854\">Projeto &#8211; O Fomento do terceiro<\/a><\/h4><\/div><\/article><article class=\"post fusion-column column col col-lg-12 col-md-12 col-sm-12\"><div class=\"recent-posts-content\"><span class=\"vcard\" style=\"display: none;\"><span class=\"fn\"><a href=\"https:\/\/www.mpal.mp.br\/?author=2\" title=\"Posts de Administrador03\" rel=\"author\">Administrador03<\/a><\/span><\/span><span class=\"updated\" style=\"display:none;\">2025-09-10T09:45:49-03:00<\/span><h4 class=\"entry-title\"><a href=\"https:\/\/www.mpal.mp.br\/?p=60846\">Projeto &#8211; Nossa Educa\u00e7\u00e3o daria um Livro<\/a><\/h4><\/div><\/article><article class=\"post fusion-column column col col-lg-12 col-md-12 col-sm-12\"><div class=\"recent-posts-content\"><span class=\"vcard\" style=\"display: none;\"><span class=\"fn\"><a href=\"https:\/\/www.mpal.mp.br\/?author=2\" title=\"Posts de Administrador03\" rel=\"author\">Administrador03<\/a><\/span><\/span><span class=\"updated\" style=\"display:none;\">2025-09-10T08:56:41-03:00<\/span><h4 class=\"entry-title\"><a href=\"https:\/\/www.mpal.mp.br\/?p=60806\">Projeto &#8211; Educar e Proteger<\/a><\/h4><\/div><\/article><\/section><\/div><div class=\"fusion-clearfix\"><\/div>\n\n\t\t\t\t\t<\/div>\n\t\t\t\t<\/div><\/div><\/div><\/p>\n","protected":false},"excerpt":{"rendered":"","protected":false},"author":2,"featured_media":25762,"comment_status":"open","ping_status":"open","sticky":false,"template":"","format":"standard","meta":{"om_disable_all_campaigns":false,"_monsterinsights_skip_tracking":false,"_monsterinsights_sitenote_active":false,"_monsterinsights_sitenote_note":"","_monsterinsights_sitenote_category":0,"_uf_show_specific_survey":0,"_uf_disable_surveys":false,"footnotes":""},"categories":[28],"tags":[],"class_list":["post-4650","post","type-post","status-publish","format-standard","has-post-thumbnail","hentry","category-projetos"],"aioseo_notices":[],"_links":{"self":[{"href":"https:\/\/www.mpal.mp.br\/index.php?rest_route=\/wp\/v2\/posts\/4650","targetHints":{"allow":["GET"]}}],"collection":[{"href":"https:\/\/www.mpal.mp.br\/index.php?rest_route=\/wp\/v2\/posts"}],"about":[{"href":"https:\/\/www.mpal.mp.br\/index.php?rest_route=\/wp\/v2\/types\/post"}],"author":[{"embeddable":true,"href":"https:\/\/www.mpal.mp.br\/index.php?rest_route=\/wp\/v2\/users\/2"}],"replies":[{"embeddable":true,"href":"https:\/\/www.mpal.mp.br\/index.php?rest_route=%2Fwp%2Fv2%2Fcomments&post=4650"}],"version-history":[{"count":6,"href":"https:\/\/www.mpal.mp.br\/index.php?rest_route=\/wp\/v2\/posts\/4650\/revisions"}],"predecessor-version":[{"id":5725,"href":"https:\/\/www.mpal.mp.br\/index.php?rest_route=\/wp\/v2\/posts\/4650\/revisions\/5725"}],"wp:featuredmedia":[{"embeddable":true,"href":"https:\/\/www.mpal.mp.br\/index.php?rest_route=\/wp\/v2\/media\/25762"}],"wp:attachment":[{"href":"https:\/\/www.mpal.mp.br\/index.php?rest_route=%2Fwp%2Fv2%2Fmedia&parent=4650"}],"wp:term":[{"taxonomy":"category","embeddable":true,"href":"https:\/\/www.mpal.mp.br\/index.php?rest_route=%2Fwp%2Fv2%2Fcategories&post=4650"},{"taxonomy":"post_tag","embeddable":true,"href":"https:\/\/www.mpal.mp.br\/index.php?rest_route=%2Fwp%2Fv2%2Ftags&post=4650"}],"curies":[{"name":"wp","href":"https:\/\/api.w.org\/{rel}","templated":true}]}}