{"id":4645,"date":"2019-12-12T11:55:13","date_gmt":"2019-12-12T14:55:13","guid":{"rendered":"https:\/\/www.mpal.mp.br\/?p=4645"},"modified":"2022-04-25T11:56:41","modified_gmt":"2022-04-25T14:56:41","slug":"projeto-destine-esperanca","status":"publish","type":"post","link":"https:\/\/www.mpal.mp.br\/?p=4645","title":{"rendered":"Projeto &#8211; Destine Esperan\u00e7a"},"content":{"rendered":"<p><div class=\"fusion-fullwidth fullwidth-box fusion-builder-row-1 nonhundred-percent-fullwidth non-hundred-percent-height-scrolling\"  style='background-color: #ffffff;background-position: center center;background-repeat: no-repeat;padding-top:0px;padding-right:0px;padding-bottom:0px;padding-left:0px;'><div class=\"fusion-builder-row fusion-row \"><div  class=\"fusion-layout-column fusion_builder_column fusion_builder_column_1_1 fusion-builder-column-1 fusion-one-full fusion-column-first fusion-column-last 1_1\"  style='margin-top:0px;margin-bottom:20px;'>\n\t\t\t\t\t<div class=\"fusion-column-wrapper\" style=\"padding: 0px 0px 0px 0px;background-position:left top;background-repeat:no-repeat;-webkit-background-size:cover;-moz-background-size:cover;-o-background-size:cover;background-size:cover;\"   data-bg-url=\"\">\n\t\t\t\t\t\t<div class=\"fusion-text\"><div class=\"wpb_text_column wpb_content_element \" data-raofz=\"14\">\n<div id=\"ct_86stlyctqtlscocy50gx\" class=\"wpb_wrapper\" data-raofz=\"14\">\n<p data-raofz=\"14\"><span style=\"font-size: 14pt;\" data-raofz=\"18\"><strong>ANO &#8211; 2019<\/strong><\/span><\/p>\n<p data-raofz=\"14\"><span style=\"font-size: 14pt;\">Vincula\u00e7\u00e3o Estrat\u00e9gica \u2013 PE 2011-2022 MPAL<\/span><\/p>\n<p data-raofz=\"14\"><span style=\"font-size: 14pt;\" data-raofz=\"18\"><strong>PLANO ESTRAT\u00c9GICO 2011-2022<\/strong><\/span><\/p>\n<p data-raofz=\"14\"><span style=\"font-size: 14pt;\"><strong>OBJETIVO ESTRAT\u00c9GICO<\/strong><\/span><\/p>\n<p data-raofz=\"14\"><span style=\"font-size: 14pt;\">Objetivo Estrat\u00e9gico 5 \u2013 Promover a prote\u00e7\u00e3o da crian\u00e7a e do adolescente<\/span><\/p>\n<p data-raofz=\"14\"><span style=\"font-size: 14pt;\"><strong>ESTRAT\u00c9GIA<\/strong><\/span><\/p>\n<p data-raofz=\"14\"><span style=\"font-size: 14pt;\">5.1. Buscar a implementa\u00e7\u00e3o das pol\u00edticas p\u00fablicas de atendimento integral e de prote\u00e7\u00e3o \u00e0 crian\u00e7a e ao adolescente.<\/span><\/p>\n<p data-raofz=\"14\"><span style=\"font-size: 14pt;\"><strong>INICIATIVA ESTRAT\u00c9GICA<\/strong><\/span><\/p>\n<p data-raofz=\"14\"><span style=\"font-size: 14pt;\">5.1.6. Promover atividades judiciais ou extrajudiciais com o objetivo de garantir destina\u00e7\u00e3o or\u00e7ament\u00e1ria espec\u00edfica para a \u00e1rea da inf\u00e2ncia e da juventude e fiscalizar a aplica\u00e7\u00e3o das verbas dos fundos de direitos da crian\u00e7a e do adolescente em todos os munic\u00edpios do estado de Alagoas;<\/span><\/p>\n<p data-raofz=\"14\"><span style=\"font-size: 14pt;\">5.1.7. Elaborar e implementar projeto para a implanta\u00e7\u00e3o e a estrutura\u00e7\u00e3o do Sistema de Garantias dos Direitos da Inf\u00e2ncia e da Juventude.<\/span><\/p>\n<p data-raofz=\"14\"><span style=\"font-size: 14pt;\"><strong>Objetivo Geral<\/strong><\/span><\/p>\n<p style=\"text-align: justify;\" data-raofz=\"14\"><span style=\"font-size: 14pt;\">O Projeto \u201cDestine Esperan\u00e7a\u201d tem como objetivo geral promover prioritariamente a garantia dos direitos de crian\u00e7as e adolescentes como sujeitos de direitos e seres em desenvolvimento, atrav\u00e9s da possibilidade de participa\u00e7\u00e3o e interven\u00e7\u00e3o direta da sociedade na realidade social deste segmento especial, com a utiliza\u00e7\u00e3o de ferramenta de preven\u00e7\u00e3o e controle que se destina ao direcionamento de percentual do imposto de renda devido para o Fundo para Inf\u00e2ncia e Adolesc\u00eancia \u2013 FIA, por ocasi\u00e3o da realiza\u00e7\u00e3o pelo contribuinte da sua declara\u00e7\u00e3o de imposto de renda, como instrumento inserido na pol\u00edtica de prote\u00e7\u00e3o infanto-juvenil.<\/span><\/p>\n<p style=\"text-align: center;\" data-raofz=\"14\"><span style=\"font-size: 14pt;\" data-raofz=\"18\"><strong>OBJETIVOS ESPEC\u00cdFICOS<\/strong><\/span><\/p>\n<ul>\n<li style=\"text-align: justify;\" data-raofz=\"14\"><span style=\"font-size: 14pt;\">Fomentar a cultura do protagonismo da sociedade na realidade social de crian\u00e7as e adolescentes inf\u00e2ncia, por meio das destina\u00e7\u00f5es do percentual do imposto de renda devido para o Fundo da Inf\u00e2ncia e da Adolesc\u00eancia \u2013 FIA &#8211; <em><strong>N\u00ba de a\u00e7\u00f5es:<\/strong><\/em> 03.<\/span><\/li>\n<li style=\"text-align: justify;\" data-raofz=\"14\"><span style=\"font-size: 14pt;\">Promover o acompanhamento do resultado das destina\u00e7\u00f5es em<br \/>cada Munic\u00edpio do Estado de Alagoas &#8211; <em><strong>N\u00ba de a\u00e7\u00f5es:<\/strong><\/em> 02.<\/span><\/li>\n<li style=\"text-align: justify;\" data-raofz=\"14\"><span style=\"font-size: 14pt;\">Fazer o acompanhamento cont\u00ednuo das entidades do munic\u00edpio de Macei\u00f3 beneficiadas com projetos contemplados pela aprova\u00e7\u00e3o dos respectivos Conselho de Direitos &#8211; <em><strong>N\u00ba de a\u00e7\u00f5es:<\/strong><\/em> 02.<\/span><\/li>\n<li style=\"text-align: justify;\" data-raofz=\"14\"><span style=\"font-size: 14pt;\">Prestar contas \u00e0 sociedade acerca aplica\u00e7\u00e3o dos recursos<br \/>destinados, dando publicidade dos resultados obtidos para obten\u00e7\u00e3o de credibilidade voltada \u00e0 a\u00e7\u00f5es futuras, com vistas ao incremento progressivo do aporte de recursos destinado \u00e0 Alagoas. &#8211; <em><strong>N\u00ba de a\u00e7\u00f5es:<\/strong><\/em> 01.<\/span><\/li>\n<\/ul>\n<p style=\"text-align: center;\"><span style=\"font-size: 14pt;\"><strong>INDICADORES<\/strong><\/span><\/p>\n<table style=\"width: 100%; height: 172px;\" border=\"1\">\n<tbody>\n<tr style=\"background-color: #d5eff7;\">\n<td style=\"text-align: center; height: 28px; width: 19.523%;\"><span style=\"font-size: 12pt;\"><strong>Indicadores de esfor\u00e7o\u00a0<\/strong><\/span><\/td>\n<td style=\"text-align: center; height: 28px; width: 66.1661%;\"><span style=\"font-size: 12pt;\"><strong>Descri\u00e7\u00e3o<\/strong><\/span><\/td>\n<td style=\"text-align: center; height: 28px; width: 13.4276%;\"><span style=\"font-size: 12pt;\"><strong>Meta<\/strong><\/span><\/td>\n<\/tr>\n<tr style=\"height: 88px;\">\n<td style=\"height: 88px; width: 19.523%; text-align: left;\">\n<p data-raofz=\"14\"><span style=\"font-size: 12pt;\">A\u00e7\u00f5es de divulga\u00e7\u00e3o do projeto<\/span><\/p>\n<\/td>\n<td style=\"height: 88px; width: 66.1661%; text-align: left;\"><span style=\"font-size: 12pt;\">Mede a quantidade de a\u00e7\u00f5es (reuni\u00f5es, eventos, elabora\u00e7\u00e3o de cartilha informativa) promovidas com o objetivo de divulga\u00e7\u00e3o do projeto.<\/span><\/td>\n<td style=\"height: 88px; width: 13.4276%; text-align: center;\"><span style=\"font-size: 12pt;\">30<\/span><\/td>\n<\/tr>\n<tr style=\"height: 56px;\">\n<td style=\"height: 56px; width: 19.523%; text-align: left;\"><span style=\"font-size: 12pt;\">A\u00e7\u00f5es de acompanhamento e controle<\/span><\/td>\n<td style=\"height: 56px; width: 66.1661%; text-align: left;\"><span style=\"font-size: 12pt;\">Visitas \u00e0s institui\u00e7\u00f5es e of\u00edcios de acompanhamento<\/span><\/td>\n<td style=\"height: 56px; width: 13.4276%; text-align: center;\"><span style=\"font-size: 12pt;\">30<\/span><\/td>\n<\/tr>\n<\/tbody>\n<\/table>\n<p style=\"text-align: center;\"><span style=\"font-size: 14pt;\"><strong>INDICADOR DE RESULTADO<\/strong><\/span><\/p>\n<table border=\"1\">\n<tbody>\n<tr style=\"background-color: #d5eff7;\">\n<td style=\"text-align: center;\"><span style=\"font-size: 12pt;\"><strong>Indicadores de esfor\u00e7o\u00a0<\/strong><\/span><\/td>\n<td style=\"text-align: center;\"><span style=\"font-size: 12pt;\"><strong>Descri\u00e7\u00e3o<\/strong><\/span><\/td>\n<td style=\"text-align: center;\"><span style=\"font-size: 12pt;\"><strong>Meta<\/strong><\/span><\/td>\n<\/tr>\n<tr>\n<td style=\"text-align: left;\"><span style=\"font-size: 12pt;\">Projetos que receberam recursos advindos do FIA, atrav\u00e9s do recurso destinado pelo imposto de renda devido percentual de aumento do aporte de recursos relativo ao exerc\u00edcio de 2018<\/span><\/td>\n<td style=\"text-align: left;\"><span style=\"font-size: 12pt;\">Mede a quantidade de projetos contemplados pela destina\u00e7\u00e3o de recursos direcionados ao FIA<\/span><\/td>\n<td style=\"text-align: center;\"><span style=\"font-size: 12pt;\">6<\/span><\/td>\n<\/tr>\n<tr>\n<td style=\"text-align: left;\"><span style=\"font-size: 12pt;\">Percentual de aumento do aporte de recursos relativo ao exerc\u00edcio de 2018<\/span><\/td>\n<td style=\"text-align: left;\"><span style=\"font-size: 12pt;\">Percentual de aumento do aporte de recursos relativo ao exerc\u00edcio de 2018<\/span><\/td>\n<td style=\"text-align: center;\"><span style=\"font-size: 12pt;\">100%<\/span><\/td>\n<\/tr>\n<\/tbody>\n<\/table>\n<p style=\"text-align: justify;\" data-raofz=\"14\"><span style=\"font-size: 14pt;\"><strong>Prazo de execu\u00e7\u00e3o: <\/strong><\/span><span style=\"font-size: 14pt;\">Fevereiro de 2019 \u2013 Abril de 2020<\/span><\/p>\n<p style=\"text-align: justify;\" data-raofz=\"14\"><sub><strong>Fonte:<\/strong> Escrit\u00f3rios de Projetos \u2013 Asplage<\/sub><\/p>\n<\/div>\n<\/div>\n<\/div><div class=\"fusion-builder-row fusion-builder-row-inner fusion-row \"><div  class=\"fusion-layout-column fusion_builder_column fusion_builder_column_1_2  fusion-one-half fusion-column-first 1_2\"  style='margin-top: 30px;margin-bottom: 20px;width:50%;width:calc(50% - ( ( 4% ) * 0.5 ) );margin-right:4%;'><div class=\"fusion-column-wrapper fusion-column-wrapper-1\" style=\"padding: 0px 0px 0px 0px;background-position:left top;background-repeat:no-repeat;-webkit-background-size:cover;-moz-background-size:cover;-o-background-size:cover;background-size:cover;\"  data-bg-url=\"\"><style type=\"text\/css\"><\/style><div class=\"fusion-title title fusion-title-1 fusion-title-center fusion-title-text fusion-title-size-two\" style=\"margin-top:0px;margin-bottom:31px;\"><div class=\"title-sep-container title-sep-container-left\"><div class=\"title-sep sep-double sep-solid\" style=\"border-color:#e0dede;\"><\/div><\/div><h2 class=\"title-heading-center\" style=\"margin:0;\">RESPONS\u00c1VEIS<\/h2><div class=\"title-sep-container title-sep-container-right\"><div class=\"title-sep sep-double sep-solid\" style=\"border-color:#e0dede;\"><\/div><\/div><\/div><div class=\"fusion-text\"><p style=\"text-align: center;\"><span style=\"font-size: 14pt; color: #003866;\" data-raofz=\"14\">Dra. Mar\u00edlia Cerqueira Lima<\/span><\/p>\n<p style=\"text-align: center;\"><span style=\"font-size: 14pt; color: #003866;\" data-raofz=\"14\">Renata de Negreiros Guerra<\/span><\/p>\n<\/div><\/div><\/div><div  class=\"fusion-layout-column fusion_builder_column fusion_builder_column_1_2  fusion-one-half fusion-column-last 1_2\"  style='margin-top: 30px;margin-bottom: 20px;width:50%;width:calc(50% - ( ( 4% ) * 0.5 ) );'><div class=\"fusion-column-wrapper fusion-column-wrapper-2\" style=\"padding: 0px 0px 0px 0px;background-position:left top;background-repeat:no-repeat;-webkit-background-size:cover;-moz-background-size:cover;-o-background-size:cover;background-size:cover;\"  data-bg-url=\"\"><style type=\"text\/css\"><\/style><div class=\"fusion-title title fusion-title-2 fusion-title-center fusion-title-text fusion-title-size-two\" style=\"margin-top:0px;margin-bottom:31px;\"><div class=\"title-sep-container title-sep-container-left\"><div class=\"title-sep sep-double sep-solid\" style=\"border-color:#e0dede;\"><\/div><\/div><h2 class=\"title-heading-center\" style=\"margin:0;\">CONTATOS<\/h2><div class=\"title-sep-container title-sep-container-right\"><div class=\"title-sep sep-double sep-solid\" style=\"border-color:#e0dede;\"><\/div><\/div><\/div><div class=\"fusion-text\"><p style=\"text-align: center;\"><span style=\"font-size: 14pt; color: #003866;\" data-raofz=\"14\">renata.guerra@mpal.mp.br<\/span><\/p>\n<\/div><\/div><\/div><\/div><div class=\"fusion-sep-clear\"><\/div><div class=\"fusion-separator fusion-full-width-sep sep-none\" style=\"margin-left: auto;margin-right: auto;margin-top:10px;\"><\/div><style type=\"text\/css\"><\/style><div class=\"fusion-title title fusion-title-3 fusion-title-text fusion-title-size-three\" style=\"margin-top:40px;margin-bottom:31px;\"><h3 class=\"title-heading-left\" style=\"margin:0;color:#ffffff;\"><strong><span style=\"font-size: 14pt; color: #003866;\">Anexos<\/span><\/strong><\/h3><div class=\"title-sep-container\"><div class=\"title-sep sep-double sep-solid\" style=\"border-color:#003866;\"><\/div><\/div><\/div><div class=\"fusion-text\"><p><span style=\"font-size: 14pt;\"><i class=\"fontawesome-icon fa-file-pdf fas circle-no\" style=\"font-size:18px;margin-right:9px;color:#003866;\"><\/i><a href=\"https:\/\/www.mpal.mp.br\/wp-content\/uploads\/2022\/04\/Projeto-Destine-Esperanca.pdf\" target=\"_blank\" rel=\"noopener\">Projeto Destine Esperan\u00e7a<\/a><\/span><\/p>\n<p><span style=\"font-size: 14pt;\"><i class=\"fontawesome-icon fa-file-pdf fas circle-no\" style=\"font-size:18px;margin-right:9px;color:#003866;\"><\/i><a href=\"https:\/\/www.mpal.mp.br\/wp-content\/uploads\/2022\/04\/Materia-lancamento-do-projeto.pdf\" target=\"_blank\" rel=\"noopener\">Mat\u00e9ria lan\u00e7amento do projeto<\/a><\/span><\/p>\n<\/div><div class=\"fusion-clearfix\"><\/div>\n\n\t\t\t\t\t<\/div>\n\t\t\t\t<\/div><\/div><\/div><div class=\"fusion-fullwidth fullwidth-box fusion-builder-row-2 nonhundred-percent-fullwidth non-hundred-percent-height-scrolling\"  style='background-color: #ffffff;background-position: center center;background-repeat: no-repeat;padding-top:0px;padding-right:0px;padding-bottom:0px;padding-left:0px;'><div class=\"fusion-builder-row fusion-row \"><div  class=\"fusion-layout-column fusion_builder_column fusion_builder_column_1_1 fusion-builder-column-2 fusion-one-full fusion-column-first fusion-column-last 1_1\"  style='margin-top:0px;margin-bottom:20px;'>\n\t\t\t\t\t<div class=\"fusion-column-wrapper\" style=\"padding: 0px 0px 0px 0px;background-position:left top;background-repeat:no-repeat;-webkit-background-size:cover;-moz-background-size:cover;-o-background-size:cover;background-size:cover;\"   data-bg-url=\"\">\n\t\t\t\t\t\t<style type=\"text\/css\"><\/style><div class=\"fusion-title title fusion-title-4 fusion-title-center fusion-title-text fusion-title-size-three\" style=\"margin-top:40px;margin-bottom:31px;\"><div class=\"title-sep-container title-sep-container-left\"><div class=\"title-sep sep-double sep-solid\" style=\"border-color:#003866;\"><\/div><\/div><h3 class=\"title-heading-center\" style=\"margin:0;color:#ffffff;\"><span style=\"color: #808080;\"><strong><span style=\"font-size: 14pt;\">\u00daltimos Projetos<\/span><\/strong><\/span><\/h3><div class=\"title-sep-container title-sep-container-right\"><div class=\"title-sep sep-double sep-solid\" style=\"border-color:#003866;\"><\/div><\/div><\/div><div class=\"fusion-recent-posts fusion-recent-posts-1 avada-container layout-default layout-columns-1\"><section class=\"fusion-columns columns fusion-columns-1 columns-1\"><article class=\"post fusion-column column col col-lg-12 col-md-12 col-sm-12\"><div class=\"recent-posts-content\"><span class=\"vcard\" style=\"display: none;\"><span class=\"fn\"><a href=\"https:\/\/www.mpal.mp.br\/?author=2\" title=\"Posts de Administrador03\" rel=\"author\">Administrador03<\/a><\/span><\/span><span class=\"updated\" style=\"display:none;\">2025-09-10T10:10:39-03:00<\/span><h4 class=\"entry-title\"><a href=\"https:\/\/www.mpal.mp.br\/?p=60868\">Projeto &#8211; PM: Quero Paz!<\/a><\/h4><\/div><\/article><article class=\"post fusion-column column col col-lg-12 col-md-12 col-sm-12\"><div class=\"recent-posts-content\"><span class=\"vcard\" style=\"display: none;\"><span class=\"fn\"><a href=\"https:\/\/www.mpal.mp.br\/?author=2\" title=\"Posts de Administrador03\" rel=\"author\">Administrador03<\/a><\/span><\/span><span class=\"updated\" style=\"display:none;\">2025-09-10T08:45:48-03:00<\/span><h4 class=\"entry-title\"><a href=\"https:\/\/www.mpal.mp.br\/?p=60799\">Projeto &#8211; Acolher para Proteger<\/a><\/h4><\/div><\/article><article class=\"post fusion-column column col col-lg-12 col-md-12 col-sm-12\"><div class=\"recent-posts-content\"><span class=\"vcard\" style=\"display: none;\"><span class=\"fn\"><a href=\"https:\/\/www.mpal.mp.br\/?author=2\" title=\"Posts de Administrador03\" rel=\"author\">Administrador03<\/a><\/span><\/span><span class=\"updated\" style=\"display:none;\">2025-09-11T10:08:18-03:00<\/span><h4 class=\"entry-title\"><a href=\"https:\/\/www.mpal.mp.br\/?p=60949\">Projeto &#8211; O Futuro \u00e9 agora &#8211; MPAL na luta contra a fome<\/a><\/h4><\/div><\/article><article class=\"post fusion-column column col col-lg-12 col-md-12 col-sm-12\"><div class=\"recent-posts-content\"><span class=\"vcard\" style=\"display: none;\"><span class=\"fn\"><a href=\"https:\/\/www.mpal.mp.br\/?author=2\" title=\"Posts de Administrador03\" rel=\"author\">Administrador03<\/a><\/span><\/span><span class=\"updated\" style=\"display:none;\">2025-09-10T09:53:04-03:00<\/span><h4 class=\"entry-title\"><a href=\"https:\/\/www.mpal.mp.br\/?p=60854\">Projeto &#8211; O Fomento do terceiro<\/a><\/h4><\/div><\/article><article class=\"post fusion-column column col col-lg-12 col-md-12 col-sm-12\"><div class=\"recent-posts-content\"><span class=\"vcard\" style=\"display: none;\"><span class=\"fn\"><a href=\"https:\/\/www.mpal.mp.br\/?author=2\" title=\"Posts de Administrador03\" rel=\"author\">Administrador03<\/a><\/span><\/span><span class=\"updated\" style=\"display:none;\">2025-09-10T09:45:49-03:00<\/span><h4 class=\"entry-title\"><a href=\"https:\/\/www.mpal.mp.br\/?p=60846\">Projeto &#8211; Nossa Educa\u00e7\u00e3o daria um Livro<\/a><\/h4><\/div><\/article><article class=\"post fusion-column column col col-lg-12 col-md-12 col-sm-12\"><div class=\"recent-posts-content\"><span class=\"vcard\" style=\"display: none;\"><span class=\"fn\"><a href=\"https:\/\/www.mpal.mp.br\/?author=2\" title=\"Posts de Administrador03\" rel=\"author\">Administrador03<\/a><\/span><\/span><span class=\"updated\" style=\"display:none;\">2025-09-10T08:56:41-03:00<\/span><h4 class=\"entry-title\"><a href=\"https:\/\/www.mpal.mp.br\/?p=60806\">Projeto &#8211; Educar e Proteger<\/a><\/h4><\/div><\/article><\/section><\/div><div class=\"fusion-clearfix\"><\/div>\n\n\t\t\t\t\t<\/div>\n\t\t\t\t<\/div><\/div><\/div><\/p>\n","protected":false},"excerpt":{"rendered":"","protected":false},"author":2,"featured_media":4646,"comment_status":"open","ping_status":"open","sticky":false,"template":"","format":"standard","meta":{"om_disable_all_campaigns":false,"_monsterinsights_skip_tracking":false,"_monsterinsights_sitenote_active":false,"_monsterinsights_sitenote_note":"","_monsterinsights_sitenote_category":0,"_uf_show_specific_survey":0,"_uf_disable_surveys":false,"footnotes":""},"categories":[28],"tags":[],"class_list":["post-4645","post","type-post","status-publish","format-standard","has-post-thumbnail","hentry","category-projetos"],"aioseo_notices":[],"_links":{"self":[{"href":"https:\/\/www.mpal.mp.br\/index.php?rest_route=\/wp\/v2\/posts\/4645","targetHints":{"allow":["GET"]}}],"collection":[{"href":"https:\/\/www.mpal.mp.br\/index.php?rest_route=\/wp\/v2\/posts"}],"about":[{"href":"https:\/\/www.mpal.mp.br\/index.php?rest_route=\/wp\/v2\/types\/post"}],"author":[{"embeddable":true,"href":"https:\/\/www.mpal.mp.br\/index.php?rest_route=\/wp\/v2\/users\/2"}],"replies":[{"embeddable":true,"href":"https:\/\/www.mpal.mp.br\/index.php?rest_route=%2Fwp%2Fv2%2Fcomments&post=4645"}],"version-history":[{"count":1,"href":"https:\/\/www.mpal.mp.br\/index.php?rest_route=\/wp\/v2\/posts\/4645\/revisions"}],"predecessor-version":[{"id":4649,"href":"https:\/\/www.mpal.mp.br\/index.php?rest_route=\/wp\/v2\/posts\/4645\/revisions\/4649"}],"wp:featuredmedia":[{"embeddable":true,"href":"https:\/\/www.mpal.mp.br\/index.php?rest_route=\/wp\/v2\/media\/4646"}],"wp:attachment":[{"href":"https:\/\/www.mpal.mp.br\/index.php?rest_route=%2Fwp%2Fv2%2Fmedia&parent=4645"}],"wp:term":[{"taxonomy":"category","embeddable":true,"href":"https:\/\/www.mpal.mp.br\/index.php?rest_route=%2Fwp%2Fv2%2Fcategories&post=4645"},{"taxonomy":"post_tag","embeddable":true,"href":"https:\/\/www.mpal.mp.br\/index.php?rest_route=%2Fwp%2Fv2%2Ftags&post=4645"}],"curies":[{"name":"wp","href":"https:\/\/api.w.org\/{rel}","templated":true}]}}