{"id":4640,"date":"2019-12-13T11:44:33","date_gmt":"2019-12-13T14:44:33","guid":{"rendered":"https:\/\/www.mpal.mp.br\/?p=4640"},"modified":"2023-04-26T13:00:17","modified_gmt":"2023-04-26T16:00:17","slug":"projeto-10a-etapa-da-fpi-do-sao-francisco","status":"publish","type":"post","link":"https:\/\/www.mpal.mp.br\/?p=4640","title":{"rendered":"Projeto &#8211; 10\u00aa Etapa da FPI do S\u00e3o Francisco"},"content":{"rendered":"<p><div class=\"fusion-fullwidth fullwidth-box fusion-builder-row-1 nonhundred-percent-fullwidth non-hundred-percent-height-scrolling\"  style='background-color: #ffffff;background-position: center center;background-repeat: no-repeat;padding-top:0px;padding-right:0px;padding-bottom:0px;padding-left:0px;'><div class=\"fusion-builder-row fusion-row \"><div  class=\"fusion-layout-column fusion_builder_column fusion_builder_column_1_1 fusion-builder-column-1 fusion-one-full fusion-column-first fusion-column-last 1_1\"  style='margin-top:0px;margin-bottom:20px;'>\n\t\t\t\t\t<div class=\"fusion-column-wrapper\" style=\"padding: 0px 0px 0px 0px;background-position:left top;background-repeat:no-repeat;-webkit-background-size:cover;-moz-background-size:cover;-o-background-size:cover;background-size:cover;\"   data-bg-url=\"\">\n\t\t\t\t\t\t<div class=\"fusion-text\"><div class=\"wpb_text_column wpb_content_element \" data-raofz=\"14\">\n<div id=\"ct_86stlyctqtlscocy50gx\" class=\"wpb_wrapper\" data-raofz=\"14\">\n<p data-raofz=\"14\"><span style=\"font-size: 14pt;\" data-raofz=\"18\"><strong>ANO &#8211; 2019<\/strong><\/span><\/p>\n<p data-raofz=\"14\"><span style=\"font-size: 14pt;\">Vincula\u00e7\u00e3o Estrat\u00e9gica \u2013 PE 2011-2022 MPAL<\/span><\/p>\n<p data-raofz=\"14\"><span style=\"font-size: 14pt;\" data-raofz=\"18\"><strong>PLANO ESTRAT\u00c9GICO 2011-2022<\/strong><\/span><\/p>\n<p data-raofz=\"14\"><span style=\"font-size: 14pt;\"><strong>OBJETIVO ESTRAT\u00c9GICO<\/strong><\/span><\/p>\n<p data-raofz=\"14\"><span style=\"font-size: 14pt;\">Promover a defesa do meio ambiente<\/span><\/p>\n<p data-raofz=\"14\"><span style=\"font-size: 14pt;\"><strong>Objetivo Geral<\/strong><\/span><\/p>\n<p style=\"text-align: justify;\" data-raofz=\"14\"><span style=\"font-size: 14pt;\">ontribuir para o processo de revitaliza\u00e7\u00e3o da Bacia do Rio S\u00e3o Francisco em Alagoas, a partir de um olhar interdisciplinar, buscando a prote\u00e7\u00e3o do meio ambiente natural, cultural e do trabalho, bem como a melhoria da qualidade de vida das popula\u00e7\u00f5es da Bacia, atrav\u00e9s do uso sustent\u00e1vel dos seus recursos naturais.<\/span><\/p>\n<p style=\"text-align: center;\" data-raofz=\"14\"><span style=\"font-size: 14pt;\" data-raofz=\"18\"><strong>OBJETIVOS ESPEC\u00cdFICOS<\/strong><\/span><\/p>\n<ul>\n<li style=\"text-align: justify;\" data-raofz=\"14\"><span style=\"font-size: 14pt;\">Definir a log\u00edstica da opera\u00e7\u00e3o, inclusive os munic\u00edpios que ser\u00e3o objeto de fiscaliza\u00e7\u00e3o. &#8211; <em><strong>N\u00ba de a\u00e7\u00f5es:<\/strong><\/em> 07.<\/span><\/li>\n<li style=\"text-align: justify;\" data-raofz=\"14\"><span style=\"font-size: 14pt;\">Levantar dados referentes \u00e0s principais atividades impactantes da regi\u00e3o &#8211; <em><strong>N\u00ba de a\u00e7\u00f5es:<\/strong><\/em> 02.<\/span><\/li>\n<li style=\"text-align: justify;\" data-raofz=\"14\"><span style=\"font-size: 14pt;\">Realizar fiscaliza\u00e7\u00e3o integrada nos alvos previamente selecionados, bem como nos que forem denunciados durante a opera\u00e7\u00e3o, com ado\u00e7\u00e3o, pelos \u00f3rg\u00e3os cooperados, das medidas administrativas cab\u00edveis, primando pela dissemina\u00e7\u00e3o da educa\u00e7\u00e3o ambiental &#8211; <em><strong>N\u00ba de a\u00e7\u00f5es:<\/strong><\/em> 10.<\/span><\/li>\n<li style=\"text-align: justify;\" data-raofz=\"14\"><span style=\"font-size: 14pt;\">Analisar e dar os devidos encaminhamentos aos relat\u00f3rios das equipes de fiscaliza\u00e7\u00e3o, os quais constatar\u00e3o a situa\u00e7\u00e3o encontrada em cada alvo e as medidas administrativas adotadas &#8211; <em><strong>N\u00ba de a\u00e7\u00f5es:<\/strong><\/em> 03.<\/span><\/li>\n<li style=\"text-align: justify;\" data-raofz=\"14\"><span style=\"font-size: 14pt;\">Realizar audi\u00eancia p\u00fablica para informar a popula\u00e7\u00e3o e aos gestores p\u00fablicos acerca das irregularidades encontradas e adequa\u00e7\u00f5es a serem observadas &#8211; <em><strong>N\u00ba de a\u00e7\u00f5es:<br \/><\/strong><\/em> 03.<\/span><\/li>\n<li style=\"text-align: justify;\" data-raofz=\"14\"><span style=\"font-size: 14pt;\">Remessa dos relat\u00f3rios das equipes ao Procurador-Geral de Justi\u00e7a, a fim de que sejam encaminhados aos Promotores competentes para ado\u00e7\u00e3o das provid\u00eancias cab\u00edveis &#8211; <em><strong>N\u00ba de a\u00e7\u00f5es:<\/strong><\/em> 03.<\/span><\/li>\n<li style=\"text-align: justify;\" data-raofz=\"14\"><span style=\"font-size: 14pt;\">Elabora\u00e7\u00e3o e entrega de relat\u00f3rio final de a\u00e7\u00f5es realizadas &#8211; <em><strong>N\u00ba de a\u00e7\u00f5es:<\/strong><\/em> 02.<\/span><\/li>\n<\/ul>\n<p style=\"text-align: center;\"><span style=\"font-size: 14pt;\"><strong>INDICADORES<\/strong><\/span><\/p>\n<table style=\"width: 100%; height: 172px;\" border=\"1\">\n<tbody>\n<tr style=\"background-color: #d5eff7;\">\n<td style=\"text-align: center; height: 28px; width: 19.523%;\"><span style=\"font-size: 12pt;\"><strong>Indicadores de esfor\u00e7o\u00a0<\/strong><\/span><\/td>\n<td style=\"text-align: center; height: 28px; width: 66.1661%;\"><span style=\"font-size: 12pt;\"><strong>Descri\u00e7\u00e3o<\/strong><\/span><\/td>\n<td style=\"text-align: center; height: 28px; width: 13.4276%;\"><span style=\"font-size: 12pt;\"><strong>Meta<\/strong><\/span><\/td>\n<\/tr>\n<tr style=\"height: 88px;\">\n<td style=\"height: 88px; width: 19.523%; text-align: left;\">\n<p data-raofz=\"14\"><span style=\"font-size: 12pt;\">Reuni\u00f5es entre a Equipe do Projeto e os representantes dos \u00f3rg\u00e3os parceiros<\/span><\/p>\n<\/td>\n<td style=\"height: 88px; width: 66.1661%; text-align: left;\"><span style=\"font-size: 12pt;\">N\u00famero de reuni\u00f5es de planejamento da opera\u00e7\u00e3o<\/span><\/td>\n<td style=\"height: 88px; width: 13.4276%; text-align: center;\"><span style=\"font-size: 12pt;\">07 (sete) reuni\u00f5es<\/span><\/td>\n<\/tr>\n<tr style=\"height: 56px;\">\n<td style=\"height: 56px; width: 19.523%; text-align: left;\"><span style=\"font-size: 12pt;\">Reuni\u00f5es entre a Equipe do Projeto<\/span><\/td>\n<td style=\"height: 56px; width: 66.1661%; text-align: left;\"><span style=\"font-size: 12pt;\">N\u00famero de reuni\u00f5es para organiza\u00e7\u00e3o interna<\/span><\/td>\n<td style=\"height: 56px; width: 13.4276%; text-align: center;\"><span style=\"font-size: 12pt;\">03 (tr\u00eas) reuni\u00f5es<\/span><\/td>\n<\/tr>\n<tr style=\"height: 56px;\">\n<td style=\"height: 56px; width: 19.523%; text-align: left;\"><span style=\"font-size: 12pt;\">Reuni\u00e3o entre a Equipe do Projeto e demais Servidores e Colaboradores do MP\/AL envolvidos na opera\u00e7\u00e3o<\/span><\/td>\n<td style=\"height: 56px; width: 66.1661%; text-align: left;\"><span style=\"font-size: 12pt;\">N\u00famero de reuni\u00e3o para defini\u00e7\u00e3o de compet\u00eancias e atribui\u00e7\u00f5es.<\/span><\/td>\n<td style=\"height: 56px; width: 13.4276%; text-align: center;\"><span style=\"font-size: 12pt;\">01 por m\u00eas<\/span><\/td>\n<\/tr>\n<tr style=\"height: 56px;\">\n<td style=\"height: 56px; width: 19.523%; text-align: left;\"><span style=\"font-size: 12pt;\">Proposta de resolu\u00e7\u00e3o<\/span><\/td>\n<td style=\"height: 56px; width: 66.1661%; text-align: left;\"><span style=\"font-size: 12pt;\">Discutir a possibilidade de elaborar uma minuta de resolu\u00e7\u00e3o para uniformizar a atua\u00e7\u00e3o ministerial<\/span><\/td>\n<td style=\"height: 56px; width: 13.4276%; text-align: center;\"><span style=\"font-size: 12pt;\">01 por m\u00eas<\/span><\/td>\n<\/tr>\n<tr style=\"height: 56px;\">\n<td style=\"height: 56px; width: 19.523%; text-align: left;\"><span style=\"font-size: 12pt;\">Levantamentos dos alvos em campo<\/span><\/td>\n<td style=\"height: 56px; width: 66.1661%; text-align: left;\"><span style=\"font-size: 12pt;\">Quantidade prevista dos alvos que ser\u00e3o fiscalizados<\/span><\/td>\n<td style=\"height: 56px; width: 13.4276%; text-align: center;\"><span style=\"font-size: 12pt;\">02 (duas) visitas in loco<\/span><\/td>\n<\/tr>\n<tr style=\"height: 56px;\">\n<td style=\"height: 56px; width: 19.523%; text-align: left;\"><span style=\"font-size: 12pt;\">Escolas visitadas para dissemina\u00e7\u00e3o de educa\u00e7\u00e3o ambiental<\/span><\/td>\n<td style=\"height: 56px; width: 66.1661%; text-align: left;\"><span style=\"font-size: 12pt;\">Abrang\u00eancia do trabalho de educa\u00e7\u00e3o ambiental<\/span><\/td>\n<td style=\"height: 56px; width: 13.4276%; text-align: center;\"><span style=\"font-size: 12pt;\">07 (sete) escolas<\/span><\/td>\n<\/tr>\n<tr style=\"height: 56px;\">\n<td style=\"height: 56px; width: 19.523%; text-align: left;\"><span style=\"font-size: 12pt;\">Audi\u00eancia P\u00fablica<\/span><\/td>\n<td style=\"height: 56px; width: 66.1661%; text-align: left;\"><span style=\"font-size: 12pt;\">Divulga\u00e7\u00e3o, Orienta\u00e7\u00e3o e Resultado.<\/span><\/td>\n<td style=\"height: 56px; width: 13.4276%; text-align: center;\"><span style=\"font-size: 12pt;\">01 (uma) audi\u00eancia<\/span><\/td>\n<\/tr>\n<\/tbody>\n<\/table>\n<p style=\"text-align: center;\"><span style=\"font-size: 14pt;\"><strong>INDICADOR DE RESULTADO<\/strong><\/span><\/p>\n<table border=\"1\">\n<tbody>\n<tr style=\"background-color: #d5eff7;\">\n<td style=\"text-align: center;\"><span style=\"font-size: 12pt;\"><strong>Indicadores de esfor\u00e7o\u00a0<\/strong><\/span><\/td>\n<td style=\"text-align: center;\"><span style=\"font-size: 12pt;\"><strong>Descri\u00e7\u00e3o<\/strong><\/span><\/td>\n<td style=\"text-align: center;\"><span style=\"font-size: 12pt;\"><strong>Meta<\/strong><\/span><\/td>\n<\/tr>\n<tr>\n<td style=\"text-align: left;\"><span style=\"font-size: 12pt;\">Quantidade de alvos fiscalizados (entre levantados e extras)<\/span><\/td>\n<td style=\"text-align: left;\"><span style=\"font-size: 12pt;\">Mede a abrang\u00eancia das fiscaliza\u00e7\u00f5es nos munic\u00edpios e a quantidade de medidas administrativas adotadas<\/span><\/td>\n<td style=\"text-align: center;\"><span style=\"font-size: 12pt;\">100 (cem)<\/span><\/td>\n<\/tr>\n<tr>\n<td style=\"text-align: left;\"><span style=\"font-size: 12pt;\">Adequa\u00e7\u00e3o dos empreendimentos e propriedades ap\u00f3s a fiscaliza\u00e7\u00e3o<\/span><\/td>\n<td style=\"text-align: left;\"><span style=\"font-size: 12pt;\">Mede o resultado do trabalho de fiscaliza\u00e7\u00e3o, visando a redu\u00e7\u00e3o de pr\u00e1ticas que ocasionam dano ao meio ambiente<\/span><\/td>\n<td style=\"text-align: center;\"><span style=\"font-size: 12pt;\">70% (setenta por cento) dos alvos fiscalizados<\/span><\/td>\n<\/tr>\n<\/tbody>\n<\/table>\n<p style=\"text-align: justify;\" data-raofz=\"14\"><sub><strong>Fonte:<\/strong> Escrit\u00f3rios de Projetos \u2013 Asplage<\/sub><\/p>\n<\/div>\n<\/div>\n<\/div><div class=\"fusion-builder-row fusion-builder-row-inner fusion-row \"><div  class=\"fusion-layout-column fusion_builder_column fusion_builder_column_1_2  fusion-one-half fusion-column-first 1_2\"  style='margin-top: 30px;margin-bottom: 20px;width:50%;width:calc(50% - ( ( 4% ) * 0.5 ) );margin-right:4%;'><div class=\"fusion-column-wrapper fusion-column-wrapper-1\" style=\"padding: 0px 0px 0px 0px;background-position:left top;background-repeat:no-repeat;-webkit-background-size:cover;-moz-background-size:cover;-o-background-size:cover;background-size:cover;\"  data-bg-url=\"\"><style type=\"text\/css\"><\/style><div class=\"fusion-title title fusion-title-1 fusion-title-center fusion-title-text fusion-title-size-two\" style=\"margin-top:0px;margin-bottom:31px;\"><div class=\"title-sep-container title-sep-container-left\"><div class=\"title-sep sep-double sep-solid\" style=\"border-color:#e0dede;\"><\/div><\/div><h2 class=\"title-heading-center\" style=\"margin:0;\">RESPONS\u00c1VEIS<\/h2><div class=\"title-sep-container title-sep-container-right\"><div class=\"title-sep sep-double sep-solid\" style=\"border-color:#e0dede;\"><\/div><\/div><\/div><div class=\"fusion-text\"><p style=\"text-align: center;\"><span style=\"font-size: 14pt; color: #003866;\" data-raofz=\"14\">Dra. Lav\u00ednia Fragoso<\/span><\/p>\n<p style=\"text-align: center;\"><span style=\"font-size: 14pt; color: #003866;\" data-raofz=\"14\">Dr. Alberto Fonseca<\/span><\/p>\n<p style=\"text-align: center;\"><span style=\"font-size: 14pt; color: #003866;\" data-raofz=\"14\">Tha\u00edsa Ellane de Jesus Cavalcante Lamenha<\/span><\/p>\n<p style=\"text-align: center;\"><span style=\"font-size: 14pt; color: #003866;\" data-raofz=\"14\">M\u00e1rcio Ant\u00f4nio Gomes Reis J\u00fanior<\/span><\/p>\n<\/div><\/div><\/div><div  class=\"fusion-layout-column fusion_builder_column fusion_builder_column_1_2  fusion-one-half fusion-column-last 1_2\"  style='margin-top: 30px;margin-bottom: 20px;width:50%;width:calc(50% - ( ( 4% ) * 0.5 ) );'><div class=\"fusion-column-wrapper fusion-column-wrapper-2\" style=\"padding: 0px 0px 0px 0px;background-position:left top;background-repeat:no-repeat;-webkit-background-size:cover;-moz-background-size:cover;-o-background-size:cover;background-size:cover;\"  data-bg-url=\"\"><style type=\"text\/css\"><\/style><div class=\"fusion-title title fusion-title-2 fusion-title-center fusion-title-text fusion-title-size-two\" style=\"margin-top:0px;margin-bottom:31px;\"><div class=\"title-sep-container title-sep-container-left\"><div class=\"title-sep sep-double sep-solid\" style=\"border-color:#e0dede;\"><\/div><\/div><h2 class=\"title-heading-center\" style=\"margin:0;\">CONTATOS<\/h2><div class=\"title-sep-container title-sep-container-right\"><div class=\"title-sep sep-double sep-solid\" style=\"border-color:#e0dede;\"><\/div><\/div><\/div><div class=\"fusion-text\"><p style=\"text-align: center;\"><span style=\"font-size: 14pt; color: #003866;\" data-raofz=\"14\">(82) 2122-3530<\/span><\/p>\n<p style=\"text-align: center;\"><span style=\"font-size: 14pt; color: #003866;\" data-raofz=\"14\">thaisa.ellane@mpal.mp.br<\/span><\/p>\n<\/div><\/div><\/div><\/div><div class=\"fusion-sep-clear\"><\/div><div class=\"fusion-separator fusion-full-width-sep sep-none\" style=\"margin-left: auto;margin-right: auto;margin-top:10px;\"><\/div><style type=\"text\/css\"><\/style><div class=\"fusion-title title fusion-title-3 fusion-title-text fusion-title-size-three\" style=\"margin-top:40px;margin-bottom:31px;\"><h3 class=\"title-heading-left\" style=\"margin:0;color:#ffffff;\"><strong><span style=\"font-size: 14pt; color: #003866;\">Anexos<\/span><\/strong><\/h3><div class=\"title-sep-container\"><div class=\"title-sep sep-double sep-solid\" style=\"border-color:#003866;\"><\/div><\/div><\/div><div class=\"fusion-text\"><p><span style=\"font-size: 14pt;\"><i class=\"fontawesome-icon fa-file-pdf fas circle-no\" style=\"font-size:18px;margin-right:9px;color:#003866;\"><\/i><a href=\"https:\/\/www.mpal.mp.br\/wp-content\/uploads\/2022\/04\/Projeto-10a-Etapa-FPI.odt\" target=\"_blank\" rel=\"noopener\">Projeto 10\u00aa Etapa FPI S\u00e3o Francisco<\/a><\/span><\/p>\n<\/div><div class=\"fusion-clearfix\"><\/div>\n\n\t\t\t\t\t<\/div>\n\t\t\t\t<\/div><\/div><\/div><div class=\"fusion-fullwidth fullwidth-box fusion-builder-row-2 nonhundred-percent-fullwidth non-hundred-percent-height-scrolling\"  style='background-color: #ffffff;background-position: center center;background-repeat: no-repeat;padding-top:0px;padding-right:0px;padding-bottom:0px;padding-left:0px;'><div class=\"fusion-builder-row fusion-row \"><div  class=\"fusion-layout-column fusion_builder_column fusion_builder_column_1_1 fusion-builder-column-2 fusion-one-full fusion-column-first fusion-column-last 1_1\"  style='margin-top:0px;margin-bottom:20px;'>\n\t\t\t\t\t<div class=\"fusion-column-wrapper\" style=\"padding: 0px 0px 0px 0px;background-position:left top;background-repeat:no-repeat;-webkit-background-size:cover;-moz-background-size:cover;-o-background-size:cover;background-size:cover;\"   data-bg-url=\"\">\n\t\t\t\t\t\t<style type=\"text\/css\"><\/style><div class=\"fusion-title title fusion-title-4 fusion-title-center fusion-title-text fusion-title-size-three\" style=\"margin-top:40px;margin-bottom:31px;\"><div class=\"title-sep-container title-sep-container-left\"><div class=\"title-sep sep-double sep-solid\" style=\"border-color:#003866;\"><\/div><\/div><h3 class=\"title-heading-center\" style=\"margin:0;color:#ffffff;\"><span style=\"color: #808080;\"><strong><span style=\"font-size: 14pt;\">\u00daltimos Projetos<\/span><\/strong><\/span><\/h3><div class=\"title-sep-container title-sep-container-right\"><div class=\"title-sep sep-double sep-solid\" style=\"border-color:#003866;\"><\/div><\/div><\/div><div class=\"fusion-recent-posts fusion-recent-posts-1 avada-container layout-default layout-columns-1\"><section class=\"fusion-columns columns fusion-columns-1 columns-1\"><article class=\"post fusion-column column col col-lg-12 col-md-12 col-sm-12\"><div class=\"recent-posts-content\"><span class=\"vcard\" style=\"display: none;\"><span class=\"fn\"><a href=\"https:\/\/www.mpal.mp.br\/?author=2\" title=\"Posts de Administrador03\" rel=\"author\">Administrador03<\/a><\/span><\/span><span class=\"updated\" style=\"display:none;\">2025-09-10T10:10:39-03:00<\/span><h4 class=\"entry-title\"><a href=\"https:\/\/www.mpal.mp.br\/?p=60868\">Projeto &#8211; PM: Quero Paz!<\/a><\/h4><\/div><\/article><article class=\"post fusion-column column col col-lg-12 col-md-12 col-sm-12\"><div class=\"recent-posts-content\"><span class=\"vcard\" style=\"display: none;\"><span class=\"fn\"><a href=\"https:\/\/www.mpal.mp.br\/?author=2\" title=\"Posts de Administrador03\" rel=\"author\">Administrador03<\/a><\/span><\/span><span class=\"updated\" style=\"display:none;\">2025-09-10T08:45:48-03:00<\/span><h4 class=\"entry-title\"><a href=\"https:\/\/www.mpal.mp.br\/?p=60799\">Projeto &#8211; Acolher para Proteger<\/a><\/h4><\/div><\/article><article class=\"post fusion-column column col col-lg-12 col-md-12 col-sm-12\"><div class=\"recent-posts-content\"><span class=\"vcard\" style=\"display: none;\"><span class=\"fn\"><a href=\"https:\/\/www.mpal.mp.br\/?author=2\" title=\"Posts de Administrador03\" rel=\"author\">Administrador03<\/a><\/span><\/span><span class=\"updated\" style=\"display:none;\">2025-09-11T10:08:18-03:00<\/span><h4 class=\"entry-title\"><a href=\"https:\/\/www.mpal.mp.br\/?p=60949\">Projeto &#8211; O Futuro \u00e9 agora &#8211; MPAL na luta contra a fome<\/a><\/h4><\/div><\/article><article class=\"post fusion-column column col col-lg-12 col-md-12 col-sm-12\"><div class=\"recent-posts-content\"><span class=\"vcard\" style=\"display: none;\"><span class=\"fn\"><a href=\"https:\/\/www.mpal.mp.br\/?author=2\" title=\"Posts de Administrador03\" rel=\"author\">Administrador03<\/a><\/span><\/span><span class=\"updated\" style=\"display:none;\">2025-09-10T09:53:04-03:00<\/span><h4 class=\"entry-title\"><a href=\"https:\/\/www.mpal.mp.br\/?p=60854\">Projeto &#8211; O Fomento do terceiro<\/a><\/h4><\/div><\/article><article class=\"post fusion-column column col col-lg-12 col-md-12 col-sm-12\"><div class=\"recent-posts-content\"><span class=\"vcard\" style=\"display: none;\"><span class=\"fn\"><a href=\"https:\/\/www.mpal.mp.br\/?author=2\" title=\"Posts de Administrador03\" rel=\"author\">Administrador03<\/a><\/span><\/span><span class=\"updated\" style=\"display:none;\">2025-09-10T09:45:49-03:00<\/span><h4 class=\"entry-title\"><a href=\"https:\/\/www.mpal.mp.br\/?p=60846\">Projeto &#8211; Nossa Educa\u00e7\u00e3o daria um Livro<\/a><\/h4><\/div><\/article><article class=\"post fusion-column column col col-lg-12 col-md-12 col-sm-12\"><div class=\"recent-posts-content\"><span class=\"vcard\" style=\"display: none;\"><span class=\"fn\"><a href=\"https:\/\/www.mpal.mp.br\/?author=2\" title=\"Posts de Administrador03\" rel=\"author\">Administrador03<\/a><\/span><\/span><span class=\"updated\" style=\"display:none;\">2025-09-10T08:56:41-03:00<\/span><h4 class=\"entry-title\"><a href=\"https:\/\/www.mpal.mp.br\/?p=60806\">Projeto &#8211; Educar e Proteger<\/a><\/h4><\/div><\/article><\/section><\/div><div class=\"fusion-clearfix\"><\/div>\n\n\t\t\t\t\t<\/div>\n\t\t\t\t<\/div><\/div><\/div><\/p>\n","protected":false},"excerpt":{"rendered":"","protected":false},"author":2,"featured_media":25783,"comment_status":"open","ping_status":"open","sticky":false,"template":"","format":"standard","meta":{"om_disable_all_campaigns":false,"_monsterinsights_skip_tracking":false,"_monsterinsights_sitenote_active":false,"_monsterinsights_sitenote_note":"","_monsterinsights_sitenote_category":0,"_uf_show_specific_survey":0,"_uf_disable_surveys":false,"footnotes":""},"categories":[28],"tags":[],"class_list":["post-4640","post","type-post","status-publish","format-standard","has-post-thumbnail","hentry","category-projetos"],"aioseo_notices":[],"_links":{"self":[{"href":"https:\/\/www.mpal.mp.br\/index.php?rest_route=\/wp\/v2\/posts\/4640","targetHints":{"allow":["GET"]}}],"collection":[{"href":"https:\/\/www.mpal.mp.br\/index.php?rest_route=\/wp\/v2\/posts"}],"about":[{"href":"https:\/\/www.mpal.mp.br\/index.php?rest_route=\/wp\/v2\/types\/post"}],"author":[{"embeddable":true,"href":"https:\/\/www.mpal.mp.br\/index.php?rest_route=\/wp\/v2\/users\/2"}],"replies":[{"embeddable":true,"href":"https:\/\/www.mpal.mp.br\/index.php?rest_route=%2Fwp%2Fv2%2Fcomments&post=4640"}],"version-history":[{"count":2,"href":"https:\/\/www.mpal.mp.br\/index.php?rest_route=\/wp\/v2\/posts\/4640\/revisions"}],"predecessor-version":[{"id":4644,"href":"https:\/\/www.mpal.mp.br\/index.php?rest_route=\/wp\/v2\/posts\/4640\/revisions\/4644"}],"wp:featuredmedia":[{"embeddable":true,"href":"https:\/\/www.mpal.mp.br\/index.php?rest_route=\/wp\/v2\/media\/25783"}],"wp:attachment":[{"href":"https:\/\/www.mpal.mp.br\/index.php?rest_route=%2Fwp%2Fv2%2Fmedia&parent=4640"}],"wp:term":[{"taxonomy":"category","embeddable":true,"href":"https:\/\/www.mpal.mp.br\/index.php?rest_route=%2Fwp%2Fv2%2Fcategories&post=4640"},{"taxonomy":"post_tag","embeddable":true,"href":"https:\/\/www.mpal.mp.br\/index.php?rest_route=%2Fwp%2Fv2%2Ftags&post=4640"}],"curies":[{"name":"wp","href":"https:\/\/api.w.org\/{rel}","templated":true}]}}