{"id":46286,"date":"2024-09-04T13:33:49","date_gmt":"2024-09-04T16:33:49","guid":{"rendered":"https:\/\/www.mpal.mp.br\/?p=46286"},"modified":"2025-06-03T13:18:09","modified_gmt":"2025-06-03T16:18:09","slug":"escola-superior-do-ministerio-publico-vai-capacitar-membros-e-servidores-em-curso-de-comunicacao-e-oratoria-em-direito","status":"publish","type":"post","link":"https:\/\/www.mpal.mp.br\/?p=46286","title":{"rendered":"Escola Superior do Minist\u00e9rio P\u00fablico vai capacitar membros e servidores em curso de Comunica\u00e7\u00e3o e Orat\u00f3ria em Direito"},"content":{"rendered":"<p style=\"text-align: justify;\">O Minist\u00e9rio P\u00fablico do Estado de Alagoas (MPAL), por meio da Escola Superior, em parceria com a Casa da Palavra, vai promover um curso de Comunica\u00e7\u00e3o e Orat\u00f3ria em Direito. A capacita\u00e7\u00e3o ser\u00e1 voltada para procuradores e promotores de Justi\u00e7a e para analistas da \u00e1rea jur\u00eddica. A primeira turma dever\u00e1 acontecer no pr\u00f3ximo m\u00eas de outubro.<\/p>\n<p style=\"text-align: justify;\">Durante reuni\u00e3o ocorrida no pr\u00e9dio-sede do MPAL, o procurador-geral de Justi\u00e7a, Lean Ara\u00fajo, declarou que, para al\u00e9m de ter bom conhecimento t\u00e9cnico no campo do Direito, tamb\u00e9m \u00e9 importante para o representante do Minist\u00e9rio P\u00fablico saber transmitir suas ideias com clareza e credibilidade. \u201cQuando a gente consegue aliar saber jur\u00eddico, comunica\u00e7\u00e3o e orat\u00f3ria fica mais f\u00e1cil convencermos as demais partes envolvidas no caso, no processo ou na reuni\u00e3o a entenderem a import\u00e2ncia daquilo que est\u00e1 sendo proposto pela nossa institui\u00e7\u00e3o\u201d, disse ele.<\/p>\n<p style=\"text-align: justify;\">Presente ao encontro, o diretor da Escola Superior do Minist\u00e9rio P\u00fablico de Alagoas, Marcus R\u00f4mulo Maia de Mello, ratificou a import\u00e2ncia desse tipo de treinamento: \u201cComunicar bem \u00e9 uma forma eficiente de agregar valor ao nosso trabalho, e \u00e9 claro que a boa orat\u00f3ria nos torna profissionais diferenciados. E como ela \u00e9 uma habilidade trein\u00e1vel, vamos oferec\u00ea-la aos nossos membros e servidores\u201d, garantiu o promotor de Justi\u00e7a.<\/p>\n<p style=\"text-align: justify;\">A Casa da Palavra ficar\u00e1 respons\u00e1vel pela capacita\u00e7\u00e3o. Institui\u00e7\u00e3o destinada \u00e0 forma\u00e7\u00e3o de recursos humanos, mais precisamente \u00e0 prepara\u00e7\u00e3o de l\u00edderes, ela \u00e9 dirigida pelo m\u00e9dico e professor Ricardo Nogueira. \u201cTemos certeza que o curso aumentar\u00e1 o poder de express\u00e3o, convencimento e influ\u00eancia daqueles que fazem o MP de Alagoas\u201d, afirmou ele.<\/p>\n<p style=\"text-align: justify;\">As inscri\u00e7\u00f5es para a primeira turma dever\u00e3o estar dispon\u00edveis em breve. Ser\u00e3o abertas 15 vagas, sendo 10 para membros e outras cinco para analistas da \u00e1rea jur\u00eddica.<\/p>\n","protected":false},"excerpt":{"rendered":"<p> [&hellip;]<\/p>\n","protected":false},"author":17,"featured_media":46401,"comment_status":"closed","ping_status":"closed","sticky":false,"template":"","format":"standard","meta":{"om_disable_all_campaigns":false,"_monsterinsights_skip_tracking":false,"_monsterinsights_sitenote_active":false,"_monsterinsights_sitenote_note":"","_monsterinsights_sitenote_category":0,"_uf_show_specific_survey":0,"_uf_disable_surveys":false,"footnotes":""},"categories":[19],"tags":[],"class_list":["post-46286","post","type-post","status-publish","format-standard","has-post-thumbnail","hentry","category-not_esmp"],"aioseo_notices":[],"_links":{"self":[{"href":"https:\/\/www.mpal.mp.br\/index.php?rest_route=\/wp\/v2\/posts\/46286","targetHints":{"allow":["GET"]}}],"collection":[{"href":"https:\/\/www.mpal.mp.br\/index.php?rest_route=\/wp\/v2\/posts"}],"about":[{"href":"https:\/\/www.mpal.mp.br\/index.php?rest_route=\/wp\/v2\/types\/post"}],"author":[{"embeddable":true,"href":"https:\/\/www.mpal.mp.br\/index.php?rest_route=\/wp\/v2\/users\/17"}],"replies":[{"embeddable":true,"href":"https:\/\/www.mpal.mp.br\/index.php?rest_route=%2Fwp%2Fv2%2Fcomments&post=46286"}],"version-history":[{"count":2,"href":"https:\/\/www.mpal.mp.br\/index.php?rest_route=\/wp\/v2\/posts\/46286\/revisions"}],"predecessor-version":[{"id":46402,"href":"https:\/\/www.mpal.mp.br\/index.php?rest_route=\/wp\/v2\/posts\/46286\/revisions\/46402"}],"wp:featuredmedia":[{"embeddable":true,"href":"https:\/\/www.mpal.mp.br\/index.php?rest_route=\/wp\/v2\/media\/46401"}],"wp:attachment":[{"href":"https:\/\/www.mpal.mp.br\/index.php?rest_route=%2Fwp%2Fv2%2Fmedia&parent=46286"}],"wp:term":[{"taxonomy":"category","embeddable":true,"href":"https:\/\/www.mpal.mp.br\/index.php?rest_route=%2Fwp%2Fv2%2Fcategories&post=46286"},{"taxonomy":"post_tag","embeddable":true,"href":"https:\/\/www.mpal.mp.br\/index.php?rest_route=%2Fwp%2Fv2%2Ftags&post=46286"}],"curies":[{"name":"wp","href":"https:\/\/api.w.org\/{rel}","templated":true}]}}