{"id":46199,"date":"2024-08-30T15:34:19","date_gmt":"2024-08-30T18:34:19","guid":{"rendered":"https:\/\/www.mpal.mp.br\/?p=46199"},"modified":"2025-06-03T13:17:29","modified_gmt":"2025-06-03T16:17:29","slug":"mpal-participa-de-3a-reuniao-ordinaria-do-colegio-de-diretores-de-escolas-dos-ministerios-publicos-do-brasil","status":"publish","type":"post","link":"https:\/\/www.mpal.mp.br\/?p=46199","title":{"rendered":"MPAL participa de 3\u00aa Reuni\u00e3o Ordin\u00e1ria do Col\u00e9gio de Diretores de Escolas dos Minist\u00e9rios P\u00fablicos do Brasil"},"content":{"rendered":"<div class=\"fusion-fullwidth fullwidth-box fusion-builder-row-1 nonhundred-percent-fullwidth non-hundred-percent-height-scrolling\"  style='background-color: #ffffff;background-position: center center;background-repeat: no-repeat;padding-top:0px;padding-right:0px;padding-bottom:0px;padding-left:0px;'><div class=\"fusion-builder-row fusion-row \"><div  class=\"fusion-layout-column fusion_builder_column fusion_builder_column_1_1 fusion-builder-column-1 fusion-one-full fusion-column-first fusion-column-last 1_1\"  style='margin-top:0px;margin-bottom:0px;'>\n\t\t\t\t\t<div class=\"fusion-column-wrapper\" style=\"padding: 0px 0px 0px 0px;background-position:left top;background-repeat:no-repeat;-webkit-background-size:cover;-moz-background-size:cover;-o-background-size:cover;background-size:cover;\"   data-bg-url=\"\">\n\t\t\t\t\t\t<div class=\"fusion-text\"><p style=\"text-align: justify;\"><span style=\"font-family: helvetica, arial, sans-serif; font-size: 12pt;\"><span style=\"color: #000000;\">O<\/span><span style=\"color: #2f3a48;\"> promotor de Justi\u00e7a Marc<\/span><span style=\"color: #000000;\">us R\u00f4mulo Maia de Mello, <\/span><span style=\"color: #000000;\">diretor da <\/span><span style=\"color: #000000;\">Escola Superior <\/span><span style=\"color: #000000;\">do Minist\u00e9rio P\u00fablico do Estado de Alagoas, participou, entre os dias 28 e 30 deste m\u00eas, da<\/span><span style=\"color: #2f3a48;\"> Terceira Reuni\u00e3o Ordin\u00e1ria do Col\u00e9gio de Diretores de Escolas e Centros de Estudos e Aperfei\u00e7oamento Funcional dos Minist\u00e9rios P\u00fablicos do Brasil<\/span><span style=\"color: #2f3a48;\"> (CDEMP). Durante o evento, <\/span><span style=\"color: #3a3a3a;\">os <\/span><span style=\"color: #3a3a3a;\">representantes das <\/span><span style=\"color: #3a3a3a;\">e<\/span><span style=\"color: #3a3a3a;\">scolas <\/span><span style=\"color: #3a3a3a;\">de cada unidade do MP presente <\/span><span style=\"color: #2f3a48;\">compartilharam boas pr\u00e1ticas e discutiram sobre enunciados institucionais (orienta\u00e7\u00f5es procedimentais com o fim maior de padroniza\u00e7\u00e3o nacional dos atos processuais) em diferentes \u00e1reas que possam ser aplicados nos estados, de modo a unificar a atua\u00e7\u00e3o de promotores e procuradores de Justi\u00e7a. <\/span><\/span><\/p>\n<p style=\"text-align: justify;\"><span style=\"font-family: helvetica, arial, sans-serif; font-size: 12pt;\"><span style=\"color: #2f3a48;\">Na reuni\u00e3o, que ocorreu no Instituto de Educa\u00e7\u00e3o Roberto Bernardes Barroso do Minist\u00e9rio P\u00fablico do Estado do Rio de Janeiro, Marcus R\u00f4mulo Maia Mello conheceu a <\/span><span style=\"color: #2f3a48;\">J<\/span><span style=\"color: #2f3a48;\">ornada <\/span><span style=\"color: #2f3a48;\">Institucional<\/span><span style=\"color: #2f3a48;\"> criada pelo MPRJ, constru\u00edda por seus membros <\/span><span style=\"color: #2f3a48;\">e <\/span><span style=\"color: #2f3a48;\">submetida a aprova\u00e7\u00e3o <\/span><span style=\"color: #2f3a48;\">da<\/span><span style=\"color: #2f3a48;\"> categoria. \u201c<\/span><span style=\"color: #2f3a48;\">Essa \u00e9 uma <\/span><span style=\"color: #2f3a48;\">iniciativa interessante, <\/span><span style=\"color: #2f3a48;\">uma vez que e<\/span><span style=\"color: #2f3a48;\">xiste um conflito aparente entre a independ\u00eancia funcional dos promotores de <\/span><span style=\"color: #2f3a48;\">J<\/span><span style=\"color: #2f3a48;\">usti\u00e7a, de um lado, e o princ\u00edpio da unidade do <\/span><span style=\"color: #2f3a48;\">M<\/span><span style=\"color: #2f3a48;\">inist\u00e9rio <\/span><span style=\"color: #2f3a48;\">P<\/span><span style=\"color: #2f3a48;\">\u00fablico, de outro. Na pr\u00e1tica, muitos promotores pensam de maneira diferente nas mais diversas quest\u00f5es, <\/span><span style=\"color: #2f3a48;\">como por exemplo, nas \u00e1reas <\/span><span style=\"color: #2f3a48;\">criminal, ambiental, urban\u00edstica <\/span><span style=\"color: #2f3a48;\">e <\/span><span style=\"color: #2f3a48;\">patrimonial, o que pode resultar em consequ\u00eancias <\/span><span style=\"color: #2f3a48;\">ou<\/span><span style=\"color: #2f3a48;\"> provid\u00eancias diferentes para casos id\u00eanticos. <\/span><span style=\"color: #2f3a48;\">Ent\u00e3o, g<\/span><span style=\"color: #2f3a48;\">eralmente <\/span><span style=\"color: #2f3a48;\">\u00e9 <\/span><span style=\"color: #2f3a48;\">o Conselho Superior do Minist\u00e9rio P\u00fablico <\/span><span style=\"color: #2f3a48;\">que<\/span><span style=\"color: #2f3a48;\"> aprova enunciados que servem de orienta\u00e7\u00e3o para todos <\/span><span style=\"color: #2f3a48;\">n\u00f3s. No entanto, o que o<\/span><span style=\"color: #2f3a48;\"> Minist\u00e9rio P\u00fablico do Rio de Janeiro <\/span><span style=\"color: #2f3a48;\">nos mostrou foi uma inova\u00e7\u00e3o, onde t<\/span><span style=\"color: #2f3a48;\">odos os seus membros podem apresentar proposi\u00e7\u00f5es em s<\/span><span style=\"color: #2f3a48;\">eus <\/span><span style=\"color: #2f3a48;\">respecti<\/span><span style=\"color: #2f3a48;\">vos campos de <\/span><span style=\"color: #2f3a48;\">trabalho<\/span><span style=\"color: #2f3a48;\">. Essas proposi\u00e7\u00f5es s\u00e3o submetidas a um f\u00f3rum de discuss\u00e3o virtual por alguns meses, onde s\u00e3o <\/span><span style=\"color: #2f3a48;\">amplamente <\/span><span style=\"color: #2f3a48;\">debatidas, modificadas e at\u00e9 retiradas. Posteriormente a essa fase de matura\u00e7\u00e3o, as propostas s<\/span><span style=\"color: #2f3a48;\">eguem<\/span><span style=\"color: #2f3a48;\"> \u00e0 <\/span><span style=\"color: #2f3a48;\">aprecia\u00e7\u00e3o e, para serem aprovadas, precisam dos votos de<\/span><span style=\"color: #2f3a48;\"> 2\/3 da categoria. <\/span><span style=\"color: #2f3a48;\">E, s<\/span><span style=\"color: #2f3a48;\">e aprovadas, servir\u00e3o de orienta\u00e7\u00e3o para todos. <\/span><span style=\"color: #2f3a48;\">Acredito que essa experi\u00eancia exitosa do MP carioca deve servir de norte par os demais Minist\u00e9rios P\u00fablicos\u201d, explicou. <\/span><\/span><\/p>\n<p style=\"text-align: justify;\"><span style=\"font-family: helvetica, arial, sans-serif; font-size: 12pt;\"><span style=\"color: #2f3a48;\">\u201cSe um modelo de discuss\u00e3o deu certo e o seu resultado contribuiu para o aperfei\u00e7oamento do trabalho dos membros, ele deve, sim, <\/span><span style=\"color: #2f3a48;\">ser <\/span><span style=\"color: #2f3a48;\">compartilhado com todos os outros MPs. \u00c9 claro que <\/span><span style=\"color: #2f3a48;\">essas <\/span><span style=\"color: #2f3a48;\">proposi\u00e7\u00f5es aprovadas n\u00e3o s\u00e3o vinculantes, mas, como foram submetidas a um rito democr\u00e1tico e caminharam em dire\u00e7\u00e3o ao consenso, sua aceita\u00e7\u00e3o \u00e9 infinitamente maior. <\/span><span style=\"color: #2f3a48;\">Entendo que n<\/span><span style=\"color: #2f3a48;\">\u00e3o conv\u00e9m que um caso id\u00eantico seja tratado de maneira diferente, simplesmente por quest\u00e3o de diverg\u00eancias internas no mesmo \u00f3rg\u00e3o de controle, sob pena de ferir o direito \u00e0 cidadania e \u00e0 dignidade\u201d, <\/span><span style=\"color: #2f3a48;\">acrescentou o diretor da Escola Superior do MPAL.<\/span><\/span><\/p>\n<p style=\"text-align: justify;\"><strong><span style=\"color: #2f3a48; font-family: helvetica, arial, sans-serif; font-size: 12pt;\">Homenagens <\/span><\/strong><\/p>\n<p style=\"text-align: justify;\"><span style=\"color: #2f3a48; font-family: helvetica, arial, sans-serif; font-size: 12pt;\">Al\u00e9m de discutir pautas internas do colegiado, o Col\u00e9gio homenageou, com a Medalha do M\u00e9rito Cultural do CDEMP, o procurador-geral de Justi\u00e7a do Minist\u00e9rio P\u00fablico do Estado de S\u00e3o Paulo e ex-presidente do CDEMP, Paulo S\u00e9rgio de Oliveira e Costa; o ex-presidente da Unidade Nacional de Capacita\u00e7\u00e3o do Minist\u00e9rio P\u00fablico (UNCMP) e ex-conselheiro do CNMP, Daniel Carnio Costa; a procuradora de Justi\u00e7a do Minist\u00e9rio P\u00fablico do Estado do Paran\u00e1 (MPPR), Samia Saad Gallotti Bonavides; e a promotora de Justi\u00e7a do Minist\u00e9rio P\u00fablico do Estado do Tocantins (MPTO), Munique Teixeira Vaz.<\/span><\/p>\n<\/div><style type=\"text\/css\">.fusion-gallery-1 .fusion-gallery-image {border:0px solid #f6f6f6;-webkit-border-radius:5px;-moz-border-radius:5px;border-radius:5px;}<\/style><div class=\"fusion-gallery fusion-gallery-container fusion-grid-3 fusion-columns-total-0 fusion-gallery-layout-grid fusion-gallery-1\" style=\"margin:-5px;\"><div style=\"padding:5px;\" class=\"fusion-grid-column fusion-gallery-column fusion-gallery-column-3 hover-type-none\"><div class=\"fusion-gallery-image\"><a href=\"https:\/\/www.mpal.mp.br\/wp-content\/uploads\/2024\/08\/Escola.jpg\" rel=\"noreferrer\" data-rel=\"iLightbox[gallery_image_1]\" class=\"fusion-lightbox\" target=\"_self\"><img loading=\"lazy\" decoding=\"async\" src=\"https:\/\/www.mpal.mp.br\/wp-content\/uploads\/2024\/08\/Escola.jpg\" width=\"1024\" height=\"682\" alt=\"\" title=\"Escola\" aria-label=\"Escola\" class=\"img-responsive wp-image-46202\" \/><\/a><\/div><\/div><div style=\"padding:5px;\" class=\"fusion-grid-column fusion-gallery-column fusion-gallery-column-3 hover-type-none\"><div class=\"fusion-gallery-image\"><a href=\"https:\/\/www.mpal.mp.br\/wp-content\/uploads\/2024\/08\/Escola-Marcus-Romulo-2.jpg\" rel=\"noreferrer\" data-rel=\"iLightbox[gallery_image_1]\" class=\"fusion-lightbox\" target=\"_self\"><img loading=\"lazy\" decoding=\"async\" src=\"https:\/\/www.mpal.mp.br\/wp-content\/uploads\/2024\/08\/Escola-Marcus-Romulo-2.jpg\" width=\"1079\" height=\"594\" alt=\"\" title=\"Escola &#8211; Marcus R\u00f4mulo 2\" aria-label=\"Escola &#8211; Marcus R\u00f4mulo 2\" class=\"img-responsive wp-image-46200\" \/><\/a><\/div><\/div><div style=\"padding:5px;\" class=\"fusion-grid-column fusion-gallery-column fusion-gallery-column-3 hover-type-none\"><div class=\"fusion-gallery-image\"><a href=\"https:\/\/www.mpal.mp.br\/wp-content\/uploads\/2024\/08\/Escola-Marcus-Romulo.jpg\" rel=\"noreferrer\" data-rel=\"iLightbox[gallery_image_1]\" class=\"fusion-lightbox\" target=\"_self\"><img loading=\"lazy\" decoding=\"async\" src=\"https:\/\/www.mpal.mp.br\/wp-content\/uploads\/2024\/08\/Escola-Marcus-Romulo.jpg\" width=\"999\" height=\"554\" alt=\"\" title=\"Escola &#8211; Marcus R\u00f4mulo\" aria-label=\"Escola &#8211; Marcus R\u00f4mulo\" class=\"img-responsive wp-image-46201\" \/><\/a><\/div><\/div><div class=\"clearfix\"><\/div><\/div><div class=\"fusion-clearfix\"><\/div>\n\n\t\t\t\t\t<\/div>\n\t\t\t\t<\/div><\/div><\/div>\n","protected":false},"excerpt":{"rendered":"","protected":false},"author":17,"featured_media":46201,"comment_status":"closed","ping_status":"closed","sticky":false,"template":"","format":"standard","meta":{"om_disable_all_campaigns":false,"_monsterinsights_skip_tracking":false,"_monsterinsights_sitenote_active":false,"_monsterinsights_sitenote_note":"","_monsterinsights_sitenote_category":0,"_uf_show_specific_survey":0,"_uf_disable_surveys":false,"footnotes":""},"categories":[19],"tags":[],"class_list":["post-46199","post","type-post","status-publish","format-standard","has-post-thumbnail","hentry","category-not_esmp"],"aioseo_notices":[],"_links":{"self":[{"href":"https:\/\/www.mpal.mp.br\/index.php?rest_route=\/wp\/v2\/posts\/46199","targetHints":{"allow":["GET"]}}],"collection":[{"href":"https:\/\/www.mpal.mp.br\/index.php?rest_route=\/wp\/v2\/posts"}],"about":[{"href":"https:\/\/www.mpal.mp.br\/index.php?rest_route=\/wp\/v2\/types\/post"}],"author":[{"embeddable":true,"href":"https:\/\/www.mpal.mp.br\/index.php?rest_route=\/wp\/v2\/users\/17"}],"replies":[{"embeddable":true,"href":"https:\/\/www.mpal.mp.br\/index.php?rest_route=%2Fwp%2Fv2%2Fcomments&post=46199"}],"version-history":[{"count":3,"href":"https:\/\/www.mpal.mp.br\/index.php?rest_route=\/wp\/v2\/posts\/46199\/revisions"}],"predecessor-version":[{"id":46205,"href":"https:\/\/www.mpal.mp.br\/index.php?rest_route=\/wp\/v2\/posts\/46199\/revisions\/46205"}],"wp:featuredmedia":[{"embeddable":true,"href":"https:\/\/www.mpal.mp.br\/index.php?rest_route=\/wp\/v2\/media\/46201"}],"wp:attachment":[{"href":"https:\/\/www.mpal.mp.br\/index.php?rest_route=%2Fwp%2Fv2%2Fmedia&parent=46199"}],"wp:term":[{"taxonomy":"category","embeddable":true,"href":"https:\/\/www.mpal.mp.br\/index.php?rest_route=%2Fwp%2Fv2%2Fcategories&post=46199"},{"taxonomy":"post_tag","embeddable":true,"href":"https:\/\/www.mpal.mp.br\/index.php?rest_route=%2Fwp%2Fv2%2Ftags&post=46199"}],"curies":[{"name":"wp","href":"https:\/\/api.w.org\/{rel}","templated":true}]}}