{"id":4598,"date":"2022-04-19T08:16:43","date_gmt":"2022-04-19T11:16:43","guid":{"rendered":"https:\/\/www.mpal.mp.br\/?p=4598"},"modified":"2022-09-09T10:16:51","modified_gmt":"2022-09-09T13:16:51","slug":"aviso-de-dispensa-de-licitacao-no-01-2022-prestacao-de-servico-de-coquetel-para-sessao-solene-extraordinaria-do-colegio-de-procuradores-de-justica","status":"publish","type":"post","link":"https:\/\/www.mpal.mp.br\/?p=4598","title":{"rendered":"Aviso de Dispensa de Licita\u00e7\u00e3o n\u00ba 01\/2022 \u2013 Presta\u00e7\u00e3o de servi\u00e7o de coquetel para sess\u00e3o solene extraordin\u00e1ria do Col\u00e9gio de Procuradores de Justi\u00e7a"},"content":{"rendered":"<p><div class=\"fusion-fullwidth fullwidth-box fusion-builder-row-1 nonhundred-percent-fullwidth non-hundred-percent-height-scrolling\"  style='background-color: #ffffff;background-position: center center;background-repeat: no-repeat;padding-top:0px;padding-right:0px;padding-bottom:0px;padding-left:0px;'><div class=\"fusion-builder-row fusion-row \"><div  class=\"fusion-layout-column fusion_builder_column fusion_builder_column_1_1 fusion-builder-column-1 fusion-one-full fusion-column-first fusion-column-last 1_1\"  style='margin-top:0px;margin-bottom:20px;'>\n\t\t\t\t\t<div class=\"fusion-column-wrapper\" style=\"padding: 0px 0px 0px 0px;background-position:left top;background-repeat:no-repeat;-webkit-background-size:cover;-moz-background-size:cover;-o-background-size:cover;background-size:cover;\"   data-bg-url=\"\">\n\t\t\t\t\t\t<div class=\"fusion-text\"><p data-raofz=\"14\"><span style=\"font-size: 14pt;\"><strong>DISPENSA DE LICITA\u00c7\u00c3O N\u00ba<\/strong> 01\/2022<\/span><\/p>\n<p style=\"text-align: justify;\" data-raofz=\"14\"><span style=\"font-size: 14pt;\">Nos termos do Art. 75, \u00a7 3\u00ba, da Lei n\u00ba 14.133\/2021, divulga-se este aviso, a valer pelo prazo de 3 (tr\u00eas) dias \u00fateis, onde a Administra\u00e7\u00e3o manifesta seu interesse em obter propostas adicionais de eventuais interessados no objeto abaixo, conforme especifica\u00e7\u00e3o do Termo de Refer\u00eancia em anexo.<\/span><\/p>\n<p style=\"text-align: justify;\" data-raofz=\"14\"><span style=\"font-size: 14pt;\"><strong>OBJETO:<\/strong> Presta\u00e7\u00e3o de servi\u00e7o de coquetel para a Sess\u00e3o Solene Extraordin\u00e1ria do Col\u00e9gio de Procuradores de Justi\u00e7a, na qual ocorrer\u00e1 a Solenidade de Posse do Procurador-geral de Justi\u00e7a e a entrega da Medalha de M\u00e9rito do Minist\u00e9rio P\u00fablico do Estado de Alagoas.<\/span><\/p>\n<p style=\"text-align: justify;\" data-raofz=\"14\"><span style=\"font-size: 14pt;\">Para maiores informa\u00e7\u00f5es sobre o aviso e envio de eventuais propostas, favor entrar em contato pelo e-mail compras@mpal.mp.br.<\/span><\/p>\n<\/div><div class=\"fusion-text\"><p style=\"text-align: center;\" align=\"JUSTIFY\" data-raofz=\"14\"><span data-raofz=\"14\">Macei\u00f3, 06 de abril de 2022<\/span><\/p>\n<p style=\"text-align: center;\" align=\"LEFT\" data-raofz=\"14\"><span data-raofz=\"14\"><strong>Diogo Lessa dos Santos Melo<\/strong><\/span><br \/>\n<span data-raofz=\"14\"><strong>Encarregado de Compras<\/strong><\/span><\/p>\n<\/div><div class=\"fusion-sep-clear\"><\/div><div class=\"fusion-separator fusion-full-width-sep sep-none\" style=\"margin-left: auto;margin-right: auto;margin-top:10px;\"><\/div><style type=\"text\/css\"><\/style><div class=\"fusion-title title fusion-title-1 fusion-title-text fusion-title-size-three\" style=\"margin-top:40px;margin-bottom:31px;\"><h3 class=\"title-heading-left\" style=\"margin:0;color:#ffffff;\"><strong><span style=\"font-size: 14pt; color: #003866;\">Anexos<\/span><\/strong><\/h3><div class=\"title-sep-container\"><div class=\"title-sep sep-double sep-solid\" style=\"border-color:#003866;\"><\/div><\/div><\/div><div class=\"fusion-text\"><p><span style=\"font-size: 14pt;\"><i class=\"fontawesome-icon fa-file-pdf fas circle-no\" style=\"font-size:18px;margin-right:9px;color:#003866;\"><\/i><a href=\"https:\/\/www.mpal.mp.br\/wp-content\/uploads\/2022\/04\/02.-Termo-de-referencia-coquetel.pdf\" target=\"_blank\" rel=\"noopener\">Termo de refer\u00eancia &#8211; Presta\u00e7\u00e3o de servi\u00e7os de coquetel<\/a><\/span><\/p>\n<\/div><div class=\"fusion-clearfix\"><\/div>\n\n\t\t\t\t\t<\/div>\n\t\t\t\t<\/div><\/div><\/div><div class=\"fusion-fullwidth fullwidth-box fusion-builder-row-2 nonhundred-percent-fullwidth non-hundred-percent-height-scrolling\"  style='background-color: #ffffff;background-position: center center;background-repeat: no-repeat;padding-top:0px;padding-right:0px;padding-bottom:0px;padding-left:0px;'><div class=\"fusion-builder-row fusion-row \"><div  class=\"fusion-layout-column fusion_builder_column fusion_builder_column_1_1 fusion-builder-column-2 fusion-one-full fusion-column-first fusion-column-last 1_1\"  style='margin-top:0px;margin-bottom:20px;'>\n\t\t\t\t\t<div class=\"fusion-column-wrapper\" style=\"padding: 0px 0px 0px 0px;background-position:left top;background-repeat:no-repeat;-webkit-background-size:cover;-moz-background-size:cover;-o-background-size:cover;background-size:cover;\"   data-bg-url=\"\">\n\t\t\t\t\t\t<style type=\"text\/css\"><\/style><div class=\"fusion-title title fusion-title-2 fusion-title-center fusion-title-text fusion-title-size-three\" style=\"margin-top:40px;margin-bottom:31px;\"><div class=\"title-sep-container title-sep-container-left\"><div class=\"title-sep sep-double sep-solid\" style=\"border-color:#003866;\"><\/div><\/div><h3 class=\"title-heading-center\" style=\"margin:0;color:#ffffff;\"><span style=\"color: #808080;\"><strong><span style=\"font-size: 14pt;\">\u00daltimas Licita\u00e7\u00f5es<\/span><\/strong><\/span><\/h3><div class=\"title-sep-container title-sep-container-right\"><div class=\"title-sep sep-double sep-solid\" style=\"border-color:#003866;\"><\/div><\/div><\/div><div class=\"fusion-recent-posts fusion-recent-posts-1 avada-container layout-default layout-columns-1\"><section class=\"fusion-columns columns fusion-columns-1 columns-1\"><article class=\"post fusion-column column col col-lg-12 col-md-12 col-sm-12\"><div class=\"recent-posts-content\"><span class=\"vcard\" style=\"display: none;\"><span class=\"fn\"><a href=\"https:\/\/www.mpal.mp.br\/?author=8\" title=\"Posts de Dulce Melo\" rel=\"author\">Dulce Melo<\/a><\/span><\/span><span class=\"updated\" style=\"display:none;\">2025-01-21T11:33:38-03:00<\/span><h4 class=\"entry-title\"><a href=\"https:\/\/www.mpal.mp.br\/?p=51840\">Aten\u00e7\u00e3o: Ouvidoria do Minist\u00e9rio P\u00fablico de Alagoas alerta para novo formato de atendimento ao cidad\u00e3o<\/a><\/h4><\/div><\/article><article class=\"post fusion-column column col col-lg-12 col-md-12 col-sm-12\"><div class=\"recent-posts-content\"><span class=\"vcard\" style=\"display: none;\"><span class=\"fn\"><a href=\"https:\/\/www.mpal.mp.br\/?author=13\" title=\"Posts de Fernando Ant\u00f4nio Vasco de Souza\" rel=\"author\">Fernando Ant\u00f4nio Vasco de Souza<\/a><\/span><\/span><span class=\"updated\" style=\"display:none;\">2022-12-12T08:09:02-03:00<\/span><h4 class=\"entry-title\"><a href=\"https:\/\/www.mpal.mp.br\/?p=20856\">Preg\u00e3o Eletr\u00f4nico n\u00ba 20\/2022 \u2013 Registro de pre\u00e7os de produtos para expans\u00e3o futura de solu\u00e7\u00f5es de firewall, compreendendo a aquisi\u00e7\u00e3o de equipamentos, fornecimento de suporte t\u00e9cnico especializado, garantia\/atualiza\u00e7\u00e3o, assinaturas da solu\u00e7\u00e3o de firewall Palo Alto Networks<\/a><\/h4><\/div><\/article><article class=\"post fusion-column column col col-lg-12 col-md-12 col-sm-12\"><div class=\"recent-posts-content\"><span class=\"vcard\" style=\"display: none;\"><span class=\"fn\"><a href=\"https:\/\/www.mpal.mp.br\/?author=13\" title=\"Posts de Fernando Ant\u00f4nio Vasco de Souza\" rel=\"author\">Fernando Ant\u00f4nio Vasco de Souza<\/a><\/span><\/span><span class=\"updated\" style=\"display:none;\">2022-12-12T08:10:39-03:00<\/span><h4 class=\"entry-title\"><a href=\"https:\/\/www.mpal.mp.br\/?p=20810\">Tomada de Pre\u00e7os n\u00ba 01\/2022 \u2013 Contrata\u00e7\u00e3o de empresa para a constru\u00e7\u00e3o, com fornecimento de equipamentos de infraestrutura, do novo pr\u00e9dio da Promotoria de Justi\u00e7a de Murici<\/a><\/h4><\/div><\/article><article class=\"post fusion-column column col col-lg-12 col-md-12 col-sm-12\"><div class=\"recent-posts-content\"><span class=\"vcard\" style=\"display: none;\"><span class=\"fn\"><a href=\"https:\/\/www.mpal.mp.br\/?author=13\" title=\"Posts de Fernando Ant\u00f4nio Vasco de Souza\" rel=\"author\">Fernando Ant\u00f4nio Vasco de Souza<\/a><\/span><\/span><span class=\"updated\" style=\"display:none;\">2022-11-17T12:56:43-03:00<\/span><h4 class=\"entry-title\"><a href=\"https:\/\/www.mpal.mp.br\/?p=19929\">Preg\u00e3o Eletr\u00f4nico n\u00ba 19\/2022 \u2013 Registro de pre\u00e7os para futura e eventual aquisi\u00e7\u00e3o de g\u00eaneros aliment\u00edcios<\/a><\/h4><\/div><\/article><article class=\"post fusion-column column col col-lg-12 col-md-12 col-sm-12\"><div class=\"recent-posts-content\"><span class=\"vcard\" style=\"display: none;\"><span class=\"fn\"><a href=\"https:\/\/www.mpal.mp.br\/?author=13\" title=\"Posts de Fernando Ant\u00f4nio Vasco de Souza\" rel=\"author\">Fernando Ant\u00f4nio Vasco de Souza<\/a><\/span><\/span><span class=\"updated\" style=\"display:none;\">2022-11-14T10:35:04-03:00<\/span><h4 class=\"entry-title\"><a href=\"https:\/\/www.mpal.mp.br\/?p=19903\">Preg\u00e3o Eletr\u00f4nico n\u00ba 18\/2022 \u2013 Contrata\u00e7\u00e3o de manuten\u00e7\u00e3o preventiva, corretiva, el\u00e9trica e mec\u00e2nica em 02 (dois) grupos geradores diesel de 350 kVA e 150 kVA<\/a><\/h4><\/div><\/article><article class=\"post fusion-column column col col-lg-12 col-md-12 col-sm-12\"><div class=\"recent-posts-content\"><span class=\"vcard\" style=\"display: none;\"><span class=\"fn\"><a href=\"https:\/\/www.mpal.mp.br\/?author=13\" title=\"Posts de Fernando Ant\u00f4nio Vasco de Souza\" rel=\"author\">Fernando Ant\u00f4nio Vasco de Souza<\/a><\/span><\/span><span class=\"updated\" style=\"display:none;\">2022-11-25T10:51:34-03:00<\/span><h4 class=\"entry-title\"><a href=\"https:\/\/www.mpal.mp.br\/?p=19898\">Preg\u00e3o Eletr\u00f4nico n\u00ba 14\/2022 \u2013 2\u00aa chamada \u2013 Presta\u00e7\u00e3o de servi\u00e7o de fibra apagada<\/a><\/h4><\/div><\/article><\/section><\/div><div class=\"fusion-clearfix\"><\/div>\n\n\t\t\t\t\t<\/div>\n\t\t\t\t<\/div><\/div><\/div><\/p>\n","protected":false},"excerpt":{"rendered":"","protected":false},"author":2,"featured_media":4603,"comment_status":"open","ping_status":"open","sticky":false,"template":"","format":"standard","meta":{"om_disable_all_campaigns":false,"_monsterinsights_skip_tracking":false,"_monsterinsights_sitenote_active":false,"_monsterinsights_sitenote_note":"","_monsterinsights_sitenote_category":0,"_uf_show_specific_survey":0,"_uf_disable_surveys":false,"footnotes":""},"categories":[27],"tags":[],"class_list":["post-4598","post","type-post","status-publish","format-standard","has-post-thumbnail","hentry","category-licitacao_2022"],"aioseo_notices":[],"_links":{"self":[{"href":"https:\/\/www.mpal.mp.br\/index.php?rest_route=\/wp\/v2\/posts\/4598","targetHints":{"allow":["GET"]}}],"collection":[{"href":"https:\/\/www.mpal.mp.br\/index.php?rest_route=\/wp\/v2\/posts"}],"about":[{"href":"https:\/\/www.mpal.mp.br\/index.php?rest_route=\/wp\/v2\/types\/post"}],"author":[{"embeddable":true,"href":"https:\/\/www.mpal.mp.br\/index.php?rest_route=\/wp\/v2\/users\/2"}],"replies":[{"embeddable":true,"href":"https:\/\/www.mpal.mp.br\/index.php?rest_route=%2Fwp%2Fv2%2Fcomments&post=4598"}],"version-history":[{"count":4,"href":"https:\/\/www.mpal.mp.br\/index.php?rest_route=\/wp\/v2\/posts\/4598\/revisions"}],"predecessor-version":[{"id":18173,"href":"https:\/\/www.mpal.mp.br\/index.php?rest_route=\/wp\/v2\/posts\/4598\/revisions\/18173"}],"wp:featuredmedia":[{"embeddable":true,"href":"https:\/\/www.mpal.mp.br\/index.php?rest_route=\/wp\/v2\/media\/4603"}],"wp:attachment":[{"href":"https:\/\/www.mpal.mp.br\/index.php?rest_route=%2Fwp%2Fv2%2Fmedia&parent=4598"}],"wp:term":[{"taxonomy":"category","embeddable":true,"href":"https:\/\/www.mpal.mp.br\/index.php?rest_route=%2Fwp%2Fv2%2Fcategories&post=4598"},{"taxonomy":"post_tag","embeddable":true,"href":"https:\/\/www.mpal.mp.br\/index.php?rest_route=%2Fwp%2Fv2%2Ftags&post=4598"}],"curies":[{"name":"wp","href":"https:\/\/api.w.org\/{rel}","templated":true}]}}