{"id":45757,"date":"2024-08-26T08:07:04","date_gmt":"2024-08-26T11:07:04","guid":{"rendered":"https:\/\/www.mpal.mp.br\/?p=45757"},"modified":"2024-08-26T08:07:04","modified_gmt":"2024-08-26T11:07:04","slug":"ministerio-publico-de-alagoas-debate-politicas-na-area-da-educacao-em-evento-nacional","status":"publish","type":"post","link":"https:\/\/www.mpal.mp.br\/?p=45757","title":{"rendered":"Minist\u00e9rio P\u00fablico de Alagoas debate pol\u00edticas na \u00e1rea da educa\u00e7\u00e3o em evento nacional"},"content":{"rendered":"<div class=\"fusion-fullwidth fullwidth-box fusion-builder-row-1 nonhundred-percent-fullwidth non-hundred-percent-height-scrolling\"  style='background-color: #ffffff;background-position: center center;background-repeat: no-repeat;padding-top:0px;padding-right:0px;padding-bottom:0px;padding-left:0px;'><div class=\"fusion-builder-row fusion-row \"><div  class=\"fusion-layout-column fusion_builder_column fusion_builder_column_1_1 fusion-builder-column-1 fusion-one-full fusion-column-first fusion-column-last 1_1\"  style='margin-top:0px;margin-bottom:0px;'>\n\t\t\t\t\t<div class=\"fusion-column-wrapper\" style=\"padding: 0px 0px 0px 0px;background-position:left top;background-repeat:no-repeat;-webkit-background-size:cover;-moz-background-size:cover;-o-background-size:cover;background-size:cover;\"   data-bg-url=\"\">\n\t\t\t\t\t\t<div class=\"fusion-text\"><p style=\"text-align: justify;\">Membros do Minist\u00e9rio P\u00fablico de Alagoas participaram do V Encontro Nacional de Promotores de Justi\u00e7a da Educa\u00e7\u00e3o. Realizado nos dias 22 e 23 de agosto, em Recife, o evento contou com uma s\u00e9rie de palestras e mesas redondas sobre temas relacionados \u00e0 promo\u00e7\u00e3o do ensino, a exemplo das pol\u00edticas de alfabetiza\u00e7\u00e3o, educa\u00e7\u00e3o de jovens e adultos, financiamento, entre outros.<\/p>\n<p style=\"text-align: justify;\">A promotora de Justi\u00e7a Viviane Karla Farias afirma que, durante o encontro, membros do Minist\u00e9rio P\u00fablico de todo o pa\u00eds puderam n\u00e3o apenas conhecer as experi\u00eancias de colegas de outros estados, como tamb\u00e9m compartilhar informa\u00e7\u00f5es sobre a sua pr\u00f3pria atua\u00e7\u00e3o no que se refere \u00e0 promo\u00e7\u00e3o da educa\u00e7\u00e3o.<\/p>\n<p style=\"text-align: justify;\">\u201cRepresentantes ministeriais de todo pa\u00eds puderam se reunir para discutir temas atuais sobre o direito \u00e0 educa\u00e7\u00e3o, com o intenso interc\u00e2mbio de experi\u00eancias e pr\u00e1ticas por parte dos Minist\u00e9rios P\u00fablicos, possibilitando repensar e aprender novas perspectivas educativas que nos permitam aprimorar nossas a\u00e7\u00f5es na defesa do direito \u00e0 educa\u00e7\u00e3o no dia a dia em nossas Promotorias de Justi\u00e7a\u201d, destacou a promotora Viviane.<\/p>\n<p style=\"text-align: justify;\"><strong>Mesa redonda<\/strong><\/p>\n<p style=\"text-align: justify;\">Entre os debates promovidos pelo evento, vale destacar mesa redonda que tratou sobre a necessidade de recomposi\u00e7\u00e3o das verbas de Educa\u00e7\u00e3o em raz\u00e3o da Emenda Constitucional 119\/2022, bem como a import\u00e2ncia do correto preenchimento dos dados no Sistema de Informa\u00e7\u00f5es sobre Or\u00e7amentos P\u00fablicos em Educa\u00e7\u00e3o (SIOPE) para o recebimento de repasses relacionados ao Valor Aluno Ano Total (VAAT).<\/p>\n<p style=\"text-align: justify;\">A exposi\u00e7\u00e3o ficou a cargo da presidente do Fundo Nacional de Desenvolvimento da Educa\u00e7\u00e3o (FNDE), Fernanda Macedo Pacobayba, e do promotor de Justi\u00e7a Lucas Sachsida, que \u00e9 coordenador do N\u00facleo de Defesa da Educa\u00e7\u00e3o do Minist\u00e9rio P\u00fablico de Alagoas.<\/p>\n<p style=\"text-align: justify;\">\u201cExpusemos sobre um dos pontos centrais da nova sistem\u00e1tica de financiamento da educa\u00e7\u00e3o trazida pelo novo Fundeb, denotando a import\u00e2ncia da aproxima\u00e7\u00e3o do Minist\u00e9rio P\u00fablico brasileiro com o \u00f3rg\u00e3o central de financiamento nacional, o FNDE. Especializar os promotores e promotoras de Justi\u00e7a na tem\u00e1tica garante uma atua\u00e7\u00e3o ministerial eficiente na defesa do direito \u00e0 educa\u00e7\u00e3o\u201d, afirmou o promotor Lucas.<\/p>\n<p style=\"text-align: justify;\">Representando o MPAL, participaram do evento os promotores de Justi\u00e7a Rodrigo Lavor, Andrea Teixeira, Viviane Karla Farias e Lucas Sachsida.<\/p>\n<p style=\"text-align: justify;\">O V Encontro Nacional de Promotores de Justi\u00e7a da Educa\u00e7\u00e3o \u00e9 uma realiza\u00e7\u00e3o do Minist\u00e9rio P\u00fablico do Pernambuco.<\/p>\n<\/div><style type=\"text\/css\">.fusion-gallery-1 .fusion-gallery-image {border:0px solid #f6f6f6;-webkit-border-radius:5px;-moz-border-radius:5px;border-radius:5px;}<\/style><div class=\"fusion-gallery fusion-gallery-container fusion-grid-3 fusion-columns-total-0 fusion-gallery-layout-grid fusion-gallery-1\" style=\"margin:-5px;\"><div style=\"padding:5px;\" class=\"fusion-grid-column fusion-gallery-column fusion-gallery-column-3 hover-type-none\"><div class=\"fusion-gallery-image\"><a href=\"https:\/\/www.mpal.mp.br\/wp-content\/uploads\/2024\/08\/WhatsApp-Image-2024-08-23-at-09.59.01.jpeg\" rel=\"noreferrer\" data-rel=\"iLightbox[gallery_image_1]\" class=\"fusion-lightbox\" target=\"_self\"><img loading=\"lazy\" decoding=\"async\" src=\"https:\/\/www.mpal.mp.br\/wp-content\/uploads\/2024\/08\/WhatsApp-Image-2024-08-23-at-09.59.01.jpeg\" width=\"3120\" height=\"4160\" alt=\"\" title=\"WhatsApp Image 2024-08-23 at 09.59.01\" aria-label=\"WhatsApp Image 2024-08-23 at 09.59.01\" class=\"img-responsive wp-image-45763\" \/><\/a><\/div><\/div><div style=\"padding:5px;\" class=\"fusion-grid-column fusion-gallery-column fusion-gallery-column-3 hover-type-none\"><div class=\"fusion-gallery-image\"><a href=\"https:\/\/www.mpal.mp.br\/wp-content\/uploads\/2024\/08\/WhatsApp-Image-2024-08-22-at-18.04.37.jpeg\" rel=\"noreferrer\" data-rel=\"iLightbox[gallery_image_1]\" class=\"fusion-lightbox\" target=\"_self\"><img loading=\"lazy\" decoding=\"async\" src=\"https:\/\/www.mpal.mp.br\/wp-content\/uploads\/2024\/08\/WhatsApp-Image-2024-08-22-at-18.04.37.jpeg\" width=\"960\" height=\"1280\" alt=\"\" title=\"WhatsApp Image 2024-08-22 at 18.04.37\" aria-label=\"WhatsApp Image 2024-08-22 at 18.04.37\" class=\"img-responsive wp-image-45759\" \/><\/a><\/div><\/div><div style=\"padding:5px;\" class=\"fusion-grid-column fusion-gallery-column fusion-gallery-column-3 hover-type-none\"><div class=\"fusion-gallery-image\"><a href=\"https:\/\/www.mpal.mp.br\/wp-content\/uploads\/2024\/08\/WhatsApp-Image-2024-08-23-at-09.17.23-1.jpeg\" rel=\"noreferrer\" data-rel=\"iLightbox[gallery_image_1]\" class=\"fusion-lightbox\" target=\"_self\"><img loading=\"lazy\" decoding=\"async\" src=\"https:\/\/www.mpal.mp.br\/wp-content\/uploads\/2024\/08\/WhatsApp-Image-2024-08-23-at-09.17.23-1.jpeg\" width=\"1600\" height=\"1066\" alt=\"\" title=\"WhatsApp Image 2024-08-23 at 09.17.23\" aria-label=\"WhatsApp Image 2024-08-23 at 09.17.23\" class=\"img-responsive wp-image-45760\" \/><\/a><\/div><\/div><div class=\"clearfix\"><\/div><div style=\"padding:5px;\" class=\"fusion-grid-column fusion-gallery-column fusion-gallery-column-3 hover-type-none\"><div class=\"fusion-gallery-image\"><a href=\"https:\/\/www.mpal.mp.br\/wp-content\/uploads\/2024\/08\/WhatsApp-Image-2024-08-23-at-09.17.25-1.jpeg\" rel=\"noreferrer\" data-rel=\"iLightbox[gallery_image_1]\" class=\"fusion-lightbox\" target=\"_self\"><img loading=\"lazy\" decoding=\"async\" src=\"https:\/\/www.mpal.mp.br\/wp-content\/uploads\/2024\/08\/WhatsApp-Image-2024-08-23-at-09.17.25-1.jpeg\" width=\"1600\" height=\"1066\" alt=\"\" title=\"WhatsApp Image 2024-08-23 at 09.17.25 (1)\" aria-label=\"WhatsApp Image 2024-08-23 at 09.17.25 (1)\" class=\"img-responsive wp-image-45761\" \/><\/a><\/div><\/div><div style=\"padding:5px;\" class=\"fusion-grid-column fusion-gallery-column fusion-gallery-column-3 hover-type-none\"><div class=\"fusion-gallery-image\"><a href=\"https:\/\/www.mpal.mp.br\/wp-content\/uploads\/2024\/08\/WhatsApp-Image-2024-08-23-at-09.17.25.jpeg\" rel=\"noreferrer\" data-rel=\"iLightbox[gallery_image_1]\" class=\"fusion-lightbox\" target=\"_self\"><img loading=\"lazy\" decoding=\"async\" src=\"https:\/\/www.mpal.mp.br\/wp-content\/uploads\/2024\/08\/WhatsApp-Image-2024-08-23-at-09.17.25.jpeg\" width=\"1600\" height=\"1066\" alt=\"\" title=\"WhatsApp Image 2024-08-23 at 09.17.25\" aria-label=\"WhatsApp Image 2024-08-23 at 09.17.25\" class=\"img-responsive wp-image-45762\" \/><\/a><\/div><\/div><\/div><div class=\"fusion-clearfix\"><\/div>\n\n\t\t\t\t\t<\/div>\n\t\t\t\t<\/div><\/div><\/div>\n","protected":false},"excerpt":{"rendered":"","protected":false},"author":6,"featured_media":45758,"comment_status":"open","ping_status":"open","sticky":false,"template":"","format":"standard","meta":{"om_disable_all_campaigns":false,"_monsterinsights_skip_tracking":false,"_monsterinsights_sitenote_active":false,"_monsterinsights_sitenote_note":"","_monsterinsights_sitenote_category":0,"_uf_show_specific_survey":0,"_uf_disable_surveys":false,"footnotes":""},"categories":[51,2],"tags":[],"class_list":["post-45757","post","type-post","status-publish","format-standard","has-post-thumbnail","hentry","category-not_educacao","category-not_mpal"],"aioseo_notices":[],"_links":{"self":[{"href":"https:\/\/www.mpal.mp.br\/index.php?rest_route=\/wp\/v2\/posts\/45757","targetHints":{"allow":["GET"]}}],"collection":[{"href":"https:\/\/www.mpal.mp.br\/index.php?rest_route=\/wp\/v2\/posts"}],"about":[{"href":"https:\/\/www.mpal.mp.br\/index.php?rest_route=\/wp\/v2\/types\/post"}],"author":[{"embeddable":true,"href":"https:\/\/www.mpal.mp.br\/index.php?rest_route=\/wp\/v2\/users\/6"}],"replies":[{"embeddable":true,"href":"https:\/\/www.mpal.mp.br\/index.php?rest_route=%2Fwp%2Fv2%2Fcomments&post=45757"}],"version-history":[{"count":2,"href":"https:\/\/www.mpal.mp.br\/index.php?rest_route=\/wp\/v2\/posts\/45757\/revisions"}],"predecessor-version":[{"id":45765,"href":"https:\/\/www.mpal.mp.br\/index.php?rest_route=\/wp\/v2\/posts\/45757\/revisions\/45765"}],"wp:featuredmedia":[{"embeddable":true,"href":"https:\/\/www.mpal.mp.br\/index.php?rest_route=\/wp\/v2\/media\/45758"}],"wp:attachment":[{"href":"https:\/\/www.mpal.mp.br\/index.php?rest_route=%2Fwp%2Fv2%2Fmedia&parent=45757"}],"wp:term":[{"taxonomy":"category","embeddable":true,"href":"https:\/\/www.mpal.mp.br\/index.php?rest_route=%2Fwp%2Fv2%2Fcategories&post=45757"},{"taxonomy":"post_tag","embeddable":true,"href":"https:\/\/www.mpal.mp.br\/index.php?rest_route=%2Fwp%2Fv2%2Ftags&post=45757"}],"curies":[{"name":"wp","href":"https:\/\/api.w.org\/{rel}","templated":true}]}}