{"id":45343,"date":"2024-08-20T17:16:04","date_gmt":"2024-08-20T20:16:04","guid":{"rendered":"https:\/\/www.mpal.mp.br\/?p=45343"},"modified":"2024-08-20T17:24:36","modified_gmt":"2024-08-20T20:24:36","slug":"ministerio-publico-intermediara-reuniao-entre-mov-da-populacao-em-situacao-de-rua-com-governador-paulo-dantas","status":"publish","type":"post","link":"https:\/\/www.mpal.mp.br\/?p=45343","title":{"rendered":"Minist\u00e9rio P\u00fablico intermediar\u00e1 reuni\u00e3o entre Mov. da Popula\u00e7\u00e3o em Situa\u00e7\u00e3o de Rua com governador Paulo Dantas"},"content":{"rendered":"<p align=\"justify\">O procurador-geral de Justi\u00e7a (PGJ), Lean Ara\u00fajo, conseguiu agendar uma reuni\u00e3o para que o governador Paulo Dantas receba o Movimento Nacional da Popula\u00e7\u00e3o em Situa\u00e7\u00e3o de Rua. A pauta foi articulada ap\u00f3s o encontro entre os chefes do Minist\u00e9rio P\u00fablico do Estado de Alagoas (MPAL) e do Poder Executivo Estadual, ocorrido no in\u00edcio da tarde desta ter\u00e7a-feira (20), no Pal\u00e1cio Rep\u00fablica dos Palmares. Na ocasi\u00e3o, Lean Ara\u00fajo e Paulo Dantas tamb\u00e9m debateram sobre o or\u00e7amento do MPAL para o exerc\u00edcio financeiro 2025.<\/p>\n<p align=\"justify\">Durante o encontro com o governador, o procurador-geral de Justi\u00e7a explicou detalhes da atua\u00e7\u00e3o do Minist\u00e9rio P\u00fablico em defesa da dignidade da pessoa em situa\u00e7\u00e3o de rua, falou sobre as articula\u00e7\u00f5es que est\u00e3o sendo promovidas com estado e munic\u00edpio para acolher esse p\u00fablico em abrigos, garantir a assist\u00eancia do consult\u00f3rio de rua e viabilizar moradia e seguran\u00e7a, dentre outras medidas.<\/p>\n<p align=\"justify\">Ap\u00f3s essa explana\u00e7\u00e3o, Lean Ara\u00fajo informou que o Movimento Nacional da Popula\u00e7\u00e3o em Situa\u00e7\u00e3o de Rua, em reuni\u00e3o com a promotora de Justi\u00e7a Alexandra Beurlen, titular da 61\u00aa Promotoria de Justi\u00e7a \u2013 Direitos Humanos, pediu a intermedia\u00e7\u00e3o do MPAL para um encontro com Paulo Dantas. \u201cO governador se mostrou sens\u00edvel ao nosso pleito e assumiu o compromisso de escolher uma data e nos informar sobre quando ser\u00e1 essa reuni\u00e3o. Ser\u00e1 um momento importante para que o movimento exponha as suas necessidades e, todos juntos, possamos discutir as pautas a serem apresentadas e saber quais delas poder\u00e3o ser atendidas a curto, m\u00e9dio e longo prazo\u201d, disse o PGJ.<\/p>\n<p align=\"justify\">Paulo Dantas tamb\u00e9m relatou a\u00e7\u00f5es que est\u00e3o sendo adotadas para levar dignidade a essas pessoas: \u201cEstamos trabalhando para diminuir esse quantitativo de pessoas em situa\u00e7\u00e3o de rua e, com a ajuda do Minist\u00e9rio P\u00fablico, e ouvindo novamente o movimento, vamos avan\u00e7ar nessa garantia de direitos\u201d, afirmou.<\/p>\n<p align=\"justify\"><strong>Or\u00e7amento<\/strong><\/p>\n<p align=\"justify\">Por fim, a reuni\u00e3o com o governador tratou da pauta sobre o or\u00e7amento para o exerc\u00edcio financeiro 2025 do Minist\u00e9rio P\u00fablico do Estado de Alagoas. Ao chefe do Poder Executivo, Lean Ara\u00fajo falou sobre as necessidades da institui\u00e7\u00e3o e futuros investimentos que carecem do reajuste no valor repassado ao MPAL anualmente.<\/p>\n","protected":false},"excerpt":{"rendered":"<p> [&hellip;]<\/p>\n","protected":false},"author":10,"featured_media":45351,"comment_status":"open","ping_status":"open","sticky":false,"template":"","format":"standard","meta":{"om_disable_all_campaigns":false,"_monsterinsights_skip_tracking":false,"_monsterinsights_sitenote_active":false,"_monsterinsights_sitenote_note":"","_monsterinsights_sitenote_category":0,"_uf_show_specific_survey":0,"_uf_disable_surveys":false,"footnotes":""},"categories":[2,49],"tags":[],"class_list":["post-45343","post","type-post","status-publish","format-standard","has-post-thumbnail","hentry","category-not_mpal","category-not_pgj"],"aioseo_notices":[],"_links":{"self":[{"href":"https:\/\/www.mpal.mp.br\/index.php?rest_route=\/wp\/v2\/posts\/45343","targetHints":{"allow":["GET"]}}],"collection":[{"href":"https:\/\/www.mpal.mp.br\/index.php?rest_route=\/wp\/v2\/posts"}],"about":[{"href":"https:\/\/www.mpal.mp.br\/index.php?rest_route=\/wp\/v2\/types\/post"}],"author":[{"embeddable":true,"href":"https:\/\/www.mpal.mp.br\/index.php?rest_route=\/wp\/v2\/users\/10"}],"replies":[{"embeddable":true,"href":"https:\/\/www.mpal.mp.br\/index.php?rest_route=%2Fwp%2Fv2%2Fcomments&post=45343"}],"version-history":[{"count":4,"href":"https:\/\/www.mpal.mp.br\/index.php?rest_route=\/wp\/v2\/posts\/45343\/revisions"}],"predecessor-version":[{"id":45364,"href":"https:\/\/www.mpal.mp.br\/index.php?rest_route=\/wp\/v2\/posts\/45343\/revisions\/45364"}],"wp:featuredmedia":[{"embeddable":true,"href":"https:\/\/www.mpal.mp.br\/index.php?rest_route=\/wp\/v2\/media\/45351"}],"wp:attachment":[{"href":"https:\/\/www.mpal.mp.br\/index.php?rest_route=%2Fwp%2Fv2%2Fmedia&parent=45343"}],"wp:term":[{"taxonomy":"category","embeddable":true,"href":"https:\/\/www.mpal.mp.br\/index.php?rest_route=%2Fwp%2Fv2%2Fcategories&post=45343"},{"taxonomy":"post_tag","embeddable":true,"href":"https:\/\/www.mpal.mp.br\/index.php?rest_route=%2Fwp%2Fv2%2Ftags&post=45343"}],"curies":[{"name":"wp","href":"https:\/\/api.w.org\/{rel}","templated":true}]}}