{"id":45169,"date":"2024-08-16T14:16:44","date_gmt":"2024-08-16T17:16:44","guid":{"rendered":"https:\/\/www.mpal.mp.br\/?p=45169"},"modified":"2024-08-16T14:24:03","modified_gmt":"2024-08-16T17:24:03","slug":"com-parecer-favoravel-de-lean-araujo-procuradores-gerais-aprovam-criacao-do-grupo-nacional-de-controle-externo-da-atividade-policial","status":"publish","type":"post","link":"https:\/\/www.mpal.mp.br\/?p=45169","title":{"rendered":"Com parecer favor\u00e1vel de Lean Ara\u00fajo, procuradores-gerais aprovam cria\u00e7\u00e3o do Grupo Nacional de Controle Externo da Atividade Policial"},"content":{"rendered":"<p align=\"justify\"><span style=\"font-family: arial, helvetica, sans-serif; font-size: 12pt;\"><span style=\"color: #000000;\">Ap\u00f3s parecer do pr<\/span><span style=\"color: #000000;\">ocurador-<\/span><span style=\"color: #000000;\">g<\/span><span style=\"color: #000000;\">eral de Justi\u00e7a <\/span><span style=\"color: #000000;\">(PGJ) <\/span><span style=\"color: #000000;\">do Minist\u00e9rio P\u00fablico do Estado de Alagoa<\/span><span style=\"color: #000000;\">s, Lean Ara\u00fajo, o <\/span><span style=\"color: #000000;\">Conselho Nacional dos Procuradores-Gerais de Justi\u00e7a do Minist\u00e9rio P\u00fablico dos Estados e da Uni\u00e3o<\/span><span style=\"color: #000000;\"> aprovou, por unanimidade, nessa quarta-feira (14), a cria\u00e7\u00e3o do <\/span><span style=\"color: #000000;\">Grupo Nacional de Controle Externo da Atividade <\/span><span style=\"color: #000000;\">Policial, <\/span><span style=\"color: #000000;\">que ser\u00e1 ligado ao CNPG. O voto do chefe do MPAL foi favor\u00e1vel a cria\u00e7\u00e3o do colegiado por entender que ele ter\u00e1 importante miss\u00e3o de <\/span><span style=\"color: #000000;\">formular estrat\u00e9gias para melhor desempenhar e estruturar as a\u00e7\u00f5es, promover a unifica\u00e7\u00e3o de en<\/span><span style=\"color: #000000;\">tendimentos<\/span><span style=\"color: #000000;\"> para a atua\u00e7\u00e3o articulada e planejada, estimular a produ\u00e7\u00e3o de material de apoio, artigos cient\u00edficos, notas t\u00e9cnicas e diretrizes de atua\u00e7\u00e3o no \u00e2mbito do controle externo da atividade policial <\/span><span style=\"color: #000000;\">entre os membros do MP brasileiro. <\/span><\/span><\/p>\n<p align=\"justify\"><span style=\"font-family: arial, helvetica, sans-serif; font-size: 12pt;\"><span style=\"color: #000000;\">E<\/span><span style=\"color: #000000;\">m seu parecer, o PGJ Lean Ara\u00fajo, que tamb\u00e9m \u00e9 p<\/span><span style=\"color: #000000;\">residente do Grupo Nacional de Coordenadores de Centros de Apoio Criminal (GNCCRIM) <\/span><span style=\"color: #000000;\">do CNPG, <\/span><span style=\"color: #000000;\">argumentou que <\/span><span style=\"color: #000000;\">a a<\/span><span style=\"color: #000000;\">tua\u00e7\u00e3o do Minist\u00e9rio P\u00fablico no Controle Externo da Atividade Policial tem car\u00e1ter essencial reconhecido constitucionalmente <\/span><span style=\"color: #000000;\">e que h\u00e1 farta quantidade de <\/span><span style=\"color: #000000;\">norma<\/span><span style=\"color: #000000;\">s<\/span><span style=\"color: #000000;\"> e jurisprud<\/span><span style=\"color: #000000;\">\u00eancias, <\/span><span style=\"color: #000000;\">tanto no \u00e2mbito interno quanto no cen\u00e1rio internacional, <\/span><span style=\"color: #000000;\">que <\/span><span style=\"color: #000000;\">endossa<\/span><span style=\"color: #000000;\">m<\/span><span style=\"color: #000000;\"> esse papel <\/span><span style=\"color: #000000;\">do MP. <\/span><span style=\"color: #000000;\">\u201c<\/span><span style=\"color: #000000;\">Nesse sentido, <\/span><span style=\"color: #000000;\">como refor\u00e7o argumentativo, <\/span><span style=\"color: #000000;\">mas apenas exemplificativo<\/span><span style=\"color: #000000;\">, destaco que essa atribui\u00e7\u00e3o ministerial est\u00e1 prevista na maior parte das Constitui\u00e7\u00f5es Estaduais <\/span><span style=\"color: #000000;\">e Leis Org\u00e2nicas dos Minist\u00e9rios P\u00fablicos Estaduais<\/span><span style=\"color: #000000;\">\u201d, <\/span><span style=\"color: #000000;\">disse ele.<\/span><\/span><\/p>\n<p align=\"justify\"><span style=\"font-family: arial, helvetica, sans-serif; font-size: 12pt;\">O procurador-geral de Justi\u00e7a do Minist\u00e9rio P\u00fablico Militar, \u00a0Jaime de Cassio Miranda, ser\u00e1 o presidente do <span style=\"color: #000000;\">Grupo Nacional de Controle Externo da Atividade <\/span><span style=\"color: #000000;\">Policial.<\/span><\/span><\/p>\n<p align=\"justify\"><span style=\"color: #000000; font-family: arial, helvetica, sans-serif; font-size: 12pt;\"><b>Mortes ocorridas em raz\u00e3o de interven\u00e7\u00f5es policiais <\/b><\/span><\/p>\n<p align=\"justify\"><span style=\"font-family: arial, helvetica, sans-serif; font-size: 12pt;\"><span style=\"color: #000000;\">Lean Ara\u00fajo tamb\u00e9m destacou que,<\/span> <span style=\"color: #000000;\">no \u00e2mbito internacional, a \u201cCorte Interamericana de Direitos Humanos j\u00e1 imp\u00f4s medidas reparat\u00f3rias ao Estado Brasileiro para que investiga\u00e7\u00f5es de mortes decorrentes de interven\u00e7\u00f5es policiais sejam <\/span><span style=\"color: #000000;\">cometidas<\/span> <span style=\"color: #000000;\">ao<\/span><span style=\"color: #000000;\"> Minist\u00e9rio P\u00fablico (caso Favela Nova Bras\u00edlia vs. Brasil; caso Tavares Pereira e outros vs. Brasil; e caso Honorato e outros vs. Brasil)<\/span><span style=\"color: #000000;\">\u201d. <\/span><\/span><\/p>\n<p align=\"justify\"><span style=\"font-family: arial, helvetica, sans-serif; font-size: 12pt;\"><span style=\"color: #000000;\">J\u00e1 dentro das jurisprud\u00eancias brasileiras, o procurador-geral <\/span><span style=\"color: #000000;\">de Justi\u00e7a <\/span><span style=\"color: #000000;\">fez men\u00e7\u00e3o a<\/span><span style=\"color: #000000;\">o Supremo Tribunal Federal: &#8220;O julgamento da \u201c<\/span>Argui\u00e7\u00e3o de Descumprimento de Preceito Fundamental (<span style=\"color: #000000;\">ADPF<\/span><span style=\"color: #000000;\">)<\/span><span style=\"color: #000000;\"> 635<\/span><span style=\"color: #000000;\">\u00a0<\/span><span style=\"color: #000000;\">considerou a senten\u00e7a da Corte Interamericana de Direitos Humanos, no caso Favela Nova Bras\u00edlia vs. Brasil, para estabelecer um plano apto a fomentar a redu\u00e7\u00e3o da letalidade policial, decidindo que, sempre que houver suspeita de envolvimento de agentes dos \u00f3rg\u00e3os de seguran\u00e7a p\u00fablica na pr\u00e1tica de infra\u00e7\u00e3o penal, a investiga\u00e7\u00e3o ser\u00e1 atribui\u00e7\u00e3o do \u00f3rg\u00e3o do Minist\u00e9rio P\u00fablico competente\u201d, diz um trecho do seu parecer.\u00a0<\/span><\/span><\/p>\n<p align=\"justify\"><span style=\"font-family: arial, helvetica, sans-serif; font-size: 12pt;\"><span style=\"color: #000000;\">P<\/span><span style=\"color: #000000;\">or fim, Lean Ara\u00fajo chamou aten\u00e7\u00e3o \u00e0<\/span> <span style=\"color: #000000;\">n<\/span><span style=\"color: #000000;\">ota t\u00e9cnica n<\/span><span style=\"color: #000000;\">\u00ba<\/span><span style=\"color: #000000;\"> 16\/2022 <\/span><span style=\"color: #000000;\">do CNPG<\/span><span style=\"color: #000000;\">, <\/span><span style=\"color: #000000;\">que <\/span><span style=\"color: #000000;\">aco<\/span><span style=\"color: #000000;\">lheu<\/span><span style=\"color: #000000;\"> plano de a\u00e7\u00e3o com propostas de aperfei\u00e7oamento da atua\u00e7\u00e3o do Minist\u00e9rio P\u00fablico no \u00e2mbito da letalidade policial. <\/span><span style=\"color: #000000;\">Tal plano foi <\/span><span style=\"color: #000000;\">fixado <\/span><span style=\"color: #000000;\">em<\/span><span style=\"color: #000000;\"> tr\u00eas eixos de atua\u00e7\u00e3o ministerial, <\/span><span style=\"color: #000000;\">sendo o primeiro voltado a um trabalho <\/span><span style=\"color: #000000;\">em prol do fomento \u00e0s pol\u00edticas p\u00fablicas de forma\u00e7\u00e3o, capacita\u00e7\u00e3o e qualifica\u00e7\u00e3o das ag\u00eancias policiais na \u00e1rea. <\/span><span style=\"color: #000000;\">O e<\/span><span style=\"color: #000000;\">ixo II <\/span><span style=\"color: #000000;\">trata da<\/span><span style=\"color: #000000;\"> atua\u00e7\u00e3o do Minist\u00e9rio P\u00fablico em <\/span><span style=\"color: #000000;\">defesa<\/span><span style=\"color: #000000;\"> de um monitoramento diferenciado da atividade policial ostensiva <\/span><span style=\"color: #000000;\">e, por \u00faltimo, <\/span><span style=\"color: #000000;\">h\u00e1 a previs\u00e3o do <\/span><span style=\"color: #000000;\">aperfei\u00e7oamento da atividade persecut\u00f3ria dos casos de letalidade policial. <\/span><\/span><\/p>\n<p align=\"justify\"><span style=\"color: #000000; font-family: arial, helvetica, sans-serif; font-size: 12pt;\">*Fotos do MPDFT.<\/span><\/p>\n<p align=\"justify\"><img loading=\"lazy\" decoding=\"async\" class=\"size-full wp-image-45036 alignleft\" src=\"https:\/\/www.mpal.mp.br\/wp-content\/uploads\/2024\/08\/CNPG-agosto-2024.jpg\" alt=\"\" width=\"1000\" height=\"666\" \/><\/p>\n","protected":false},"excerpt":{"rendered":"<p> [&hellip;]<\/p>\n","protected":false},"author":17,"featured_media":45037,"comment_status":"open","ping_status":"open","sticky":false,"template":"","format":"standard","meta":{"om_disable_all_campaigns":false,"_monsterinsights_skip_tracking":false,"_monsterinsights_sitenote_active":false,"_monsterinsights_sitenote_note":"","_monsterinsights_sitenote_category":0,"_uf_show_specific_survey":0,"_uf_disable_surveys":false,"footnotes":""},"categories":[2,49],"tags":[],"class_list":["post-45169","post","type-post","status-publish","format-standard","has-post-thumbnail","hentry","category-not_mpal","category-not_pgj"],"aioseo_notices":[],"_links":{"self":[{"href":"https:\/\/www.mpal.mp.br\/index.php?rest_route=\/wp\/v2\/posts\/45169","targetHints":{"allow":["GET"]}}],"collection":[{"href":"https:\/\/www.mpal.mp.br\/index.php?rest_route=\/wp\/v2\/posts"}],"about":[{"href":"https:\/\/www.mpal.mp.br\/index.php?rest_route=\/wp\/v2\/types\/post"}],"author":[{"embeddable":true,"href":"https:\/\/www.mpal.mp.br\/index.php?rest_route=\/wp\/v2\/users\/17"}],"replies":[{"embeddable":true,"href":"https:\/\/www.mpal.mp.br\/index.php?rest_route=%2Fwp%2Fv2%2Fcomments&post=45169"}],"version-history":[{"count":6,"href":"https:\/\/www.mpal.mp.br\/index.php?rest_route=\/wp\/v2\/posts\/45169\/revisions"}],"predecessor-version":[{"id":45175,"href":"https:\/\/www.mpal.mp.br\/index.php?rest_route=\/wp\/v2\/posts\/45169\/revisions\/45175"}],"wp:featuredmedia":[{"embeddable":true,"href":"https:\/\/www.mpal.mp.br\/index.php?rest_route=\/wp\/v2\/media\/45037"}],"wp:attachment":[{"href":"https:\/\/www.mpal.mp.br\/index.php?rest_route=%2Fwp%2Fv2%2Fmedia&parent=45169"}],"wp:term":[{"taxonomy":"category","embeddable":true,"href":"https:\/\/www.mpal.mp.br\/index.php?rest_route=%2Fwp%2Fv2%2Fcategories&post=45169"},{"taxonomy":"post_tag","embeddable":true,"href":"https:\/\/www.mpal.mp.br\/index.php?rest_route=%2Fwp%2Fv2%2Ftags&post=45169"}],"curies":[{"name":"wp","href":"https:\/\/api.w.org\/{rel}","templated":true}]}}