{"id":44220,"date":"2024-08-06T11:42:31","date_gmt":"2024-08-06T14:42:31","guid":{"rendered":"https:\/\/www.mpal.mp.br\/?p=44220"},"modified":"2024-08-07T12:04:57","modified_gmt":"2024-08-07T15:04:57","slug":"melhorias-no-atendimento-em-centros-pop-de-maceio-sao-tema-de-recomendacao-conjunta","status":"publish","type":"post","link":"https:\/\/www.mpal.mp.br\/?p=44220","title":{"rendered":"Melhorias no atendimento em Centros Pop de Macei\u00f3 s\u00e3o tema de recomenda\u00e7\u00e3o conjunta"},"content":{"rendered":"<p style=\"text-align: justify;\">Minist\u00e9rio P\u00fablico de Alagoas, MP Federal, Defensoria P\u00fablica do Estado e DP da Uni\u00e3o recomendam que o Munic\u00edpio de Macei\u00f3 mantenha o atendimento ao p\u00fablico dos Centros POP funcionando, no m\u00ednimo, 5 dias por semana, 8 horas por dia. Nesse per\u00edodo, deve ser garantida a presen\u00e7a de equipe profissional essencial ao bom funcionamento da unidade, de acordo com a Resolu\u00e7\u00e3o 109\/2009 do CNAS.<\/p>\n<p style=\"text-align: justify;\">A recomenda\u00e7\u00e3o traz ainda que o Munic\u00edpio viabilize a amplia\u00e7\u00e3o do servi\u00e7o para os finais de semana e feriados, inclusive no per\u00edodo noturno, de forma a garantir o maior acesso aos assistidos em situa\u00e7\u00e3o de extrema vulnerabilidade social.<\/p>\n<p style=\"text-align: justify;\">Os Centros Pop devem funcionar com equipe de refer\u00eancia completa em cada unidade e em hor\u00e1rios planejados e previs\u00edveis, que devem ser divulgados tanto \u00e0 rede quanto aos usu\u00e1rios, inclusive por meio de avisos a serem disponibilizados em local vis\u00edvel na pr\u00f3pria unidade.<\/p>\n<p style=\"text-align: justify;\">Por fim, os \u00f3rg\u00e3os recomendam que o Munic\u00edpio disponibilize local e material adequado ao descanso e ao repouso dos assistidos, bem como a realiza\u00e7\u00e3o de grupos de reflex\u00e3o, oficinas e atividades coletivas de conv\u00edvio, produ\u00e7\u00e3o cultural e socializa\u00e7\u00e3o, a exemplo de atividades de arte, rodas de conversa, entre outras.<\/p>\n<p style=\"text-align: justify;\">O Munic\u00edpio de Macei\u00f3 tem at\u00e9 15 dias para manifestar se concorda ou n\u00e3o com a recomenda\u00e7\u00e3o, devendo informar os motivos caso a resposta seja negativa<\/p>\n<p style=\"text-align: justify;\">Concordando com o que foi recomendado, o Munic\u00edpio dever\u00e1 implementar as medidas por meio de um plano de a\u00e7\u00e3o, a ser iniciado em at\u00e9 30 dias.<\/p>\n<p style=\"text-align: justify;\">Confira a recomenda\u00e7\u00e3o completa: <a title=\"Recomenda\u00e7\u00e3o Conjunta n. 02\/2024\" href=\"https:\/\/www.mpal.mp.br\/wp-content\/uploads\/2024\/08\/RECOMENDACAO_CONJUNTA_N._02_-_2024_-_DPE-DPU-MPE-MPF_-_final-ass_assinado-2.pdf\" target=\"_blank\" rel=\"noopener\"><span style=\"font-size: 14pt;\"><strong>clique aqui<\/strong><\/span><\/a>.<\/p>\n","protected":false},"excerpt":{"rendered":"<p> [&hellip;]<\/p>\n","protected":false},"author":6,"featured_media":44378,"comment_status":"open","ping_status":"open","sticky":false,"template":"","format":"standard","meta":{"om_disable_all_campaigns":false,"_monsterinsights_skip_tracking":false,"_monsterinsights_sitenote_active":false,"_monsterinsights_sitenote_note":"","_monsterinsights_sitenote_category":0,"_uf_show_specific_survey":0,"_uf_disable_surveys":false,"footnotes":""},"categories":[2,50],"tags":[],"class_list":["post-44220","post","type-post","status-publish","format-standard","has-post-thumbnail","hentry","category-not_mpal","category-not_saude"],"aioseo_notices":[],"_links":{"self":[{"href":"https:\/\/www.mpal.mp.br\/index.php?rest_route=\/wp\/v2\/posts\/44220","targetHints":{"allow":["GET"]}}],"collection":[{"href":"https:\/\/www.mpal.mp.br\/index.php?rest_route=\/wp\/v2\/posts"}],"about":[{"href":"https:\/\/www.mpal.mp.br\/index.php?rest_route=\/wp\/v2\/types\/post"}],"author":[{"embeddable":true,"href":"https:\/\/www.mpal.mp.br\/index.php?rest_route=\/wp\/v2\/users\/6"}],"replies":[{"embeddable":true,"href":"https:\/\/www.mpal.mp.br\/index.php?rest_route=%2Fwp%2Fv2%2Fcomments&post=44220"}],"version-history":[{"count":10,"href":"https:\/\/www.mpal.mp.br\/index.php?rest_route=\/wp\/v2\/posts\/44220\/revisions"}],"predecessor-version":[{"id":44380,"href":"https:\/\/www.mpal.mp.br\/index.php?rest_route=\/wp\/v2\/posts\/44220\/revisions\/44380"}],"wp:featuredmedia":[{"embeddable":true,"href":"https:\/\/www.mpal.mp.br\/index.php?rest_route=\/wp\/v2\/media\/44378"}],"wp:attachment":[{"href":"https:\/\/www.mpal.mp.br\/index.php?rest_route=%2Fwp%2Fv2%2Fmedia&parent=44220"}],"wp:term":[{"taxonomy":"category","embeddable":true,"href":"https:\/\/www.mpal.mp.br\/index.php?rest_route=%2Fwp%2Fv2%2Fcategories&post=44220"},{"taxonomy":"post_tag","embeddable":true,"href":"https:\/\/www.mpal.mp.br\/index.php?rest_route=%2Fwp%2Fv2%2Ftags&post=44220"}],"curies":[{"name":"wp","href":"https:\/\/api.w.org\/{rel}","templated":true}]}}