{"id":44064,"date":"2024-08-02T22:57:55","date_gmt":"2024-08-03T01:57:55","guid":{"rendered":"https:\/\/www.mpal.mp.br\/?p=44064"},"modified":"2024-08-05T12:51:32","modified_gmt":"2024-08-05T15:51:32","slug":"urgente-plid-faz-buscas-por-menino-de-14-anos-e-pede-ajuda-da-midia-e-da-populacao","status":"publish","type":"post","link":"https:\/\/www.mpal.mp.br\/?p=44064","title":{"rendered":"URGENTE: Plid faz buscas por menino de 14 anos e pede ajuda da m\u00eddia e da popula\u00e7\u00e3o"},"content":{"rendered":"<p style=\"text-align: justify;\">Toda a rede do Programa de Localiza\u00e7\u00e3o e Identifica\u00e7\u00e3o de Desaparecidos (Plid\/AL) j\u00e1 est\u00e1 mobilizada, com busca imediata, na tentativa de encontrar e devolver \u00e0 fam\u00edlia o menor Jos\u00e9 Victor Nascimento da Silva, de 14 anos. O menino desapareceu na \u00faltima segunda-feira (29) quando, segundo a m\u00e3e Fl\u00e1via Nascimento da Silva, teria sa\u00eddo de casa, na Grota da Macaxeira, localizada na Ch\u00e3 da Jaqueira, em Macei\u00f3, por volta das 5h, para vender pipoca. A coordenadora do programa, promotora de Justi\u00e7a Marluce Falc\u00e3o, faz apelo para a m\u00eddia alagoana bem como a sociedade compartilharem o card e repassarem qualquer informa\u00e7\u00e3o sobre seu paradeiro.<\/p>\n<p style=\"text-align: justify;\">A representante do Minist\u00e9rio P\u00fablico de Alagoas ressalta a import\u00e2ncia de os familiares de desaparecidos, principalmente crian\u00e7as e adolescentes, registrarem o ocorrido imediatamente.<\/p>\n<p style=\"text-align: justify;\">\u201cAssim que recebemos o boletim de ocorr\u00eancia, feito nesta tarde, com a m\u00e3e nos autorizando a atuar no caso, inclusive divulgar a foto do menor, entramos em a\u00e7\u00e3o. Nesse momento todas as pol\u00edcias, consult\u00f3rio de rua, HGE, assistentes sociais, est\u00e3o engajados e tamb\u00e9m acionamos a conselheira tutelar da regi\u00e3o. Mas, por outras experi\u00eancias, sabemos tamb\u00e9m da import\u00e2ncia dos meios de comunica\u00e7\u00e3o e da popula\u00e7\u00e3o nesse processo de busca e gostar\u00edamos de pedir que mais uma vez sejam parceiros. J\u00e1 s\u00e3o cinco dias do desaparecimento e quero aproveitar para alertar aos pais e parentes de pessoas em situa\u00e7\u00e3o similar que o tempo \u00e9 muito importante numa busca, \u00e9 preciso irem \u00e0 delegacia e comunicarem de imediato, inclusive lembrando que cabe puni\u00e7\u00e3o se constatado que a v\u00edtima \u00e9 de menoridade e as autoridades competentes n\u00e3o foram informadas\u201d, destaca a promotora de Justi\u00e7a e coordenadora do Plid\/Al.<\/p>\n<p style=\"text-align: justify;\">Portanto, caso algu\u00e9m tenha se deparado com o menor <strong>Jos\u00e9 Victor<\/strong> favor manter contato pelos n\u00fameros contidos no card: (82) <span style=\"font-size: 14pt;\">99182-0121<\/span>\/<span style=\"font-size: 14pt;\">2122-5250<\/span> ou <span style=\"font-size: 14pt;\"><strong>181<\/strong><\/span> (Disque Den\u00fancia).<\/p>\n","protected":false},"excerpt":{"rendered":"<p> [&hellip;]<\/p>\n","protected":false},"author":8,"featured_media":44087,"comment_status":"open","ping_status":"open","sticky":false,"template":"","format":"standard","meta":{"om_disable_all_campaigns":false,"_monsterinsights_skip_tracking":false,"_monsterinsights_sitenote_active":false,"_monsterinsights_sitenote_note":"","_monsterinsights_sitenote_category":0,"_uf_show_specific_survey":0,"_uf_disable_surveys":false,"footnotes":""},"categories":[20],"tags":[],"class_list":["post-44064","post","type-post","status-publish","format-standard","has-post-thumbnail","hentry","category-not_sinalid"],"aioseo_notices":[],"_links":{"self":[{"href":"https:\/\/www.mpal.mp.br\/index.php?rest_route=\/wp\/v2\/posts\/44064","targetHints":{"allow":["GET"]}}],"collection":[{"href":"https:\/\/www.mpal.mp.br\/index.php?rest_route=\/wp\/v2\/posts"}],"about":[{"href":"https:\/\/www.mpal.mp.br\/index.php?rest_route=\/wp\/v2\/types\/post"}],"author":[{"embeddable":true,"href":"https:\/\/www.mpal.mp.br\/index.php?rest_route=\/wp\/v2\/users\/8"}],"replies":[{"embeddable":true,"href":"https:\/\/www.mpal.mp.br\/index.php?rest_route=%2Fwp%2Fv2%2Fcomments&post=44064"}],"version-history":[{"count":3,"href":"https:\/\/www.mpal.mp.br\/index.php?rest_route=\/wp\/v2\/posts\/44064\/revisions"}],"predecessor-version":[{"id":44088,"href":"https:\/\/www.mpal.mp.br\/index.php?rest_route=\/wp\/v2\/posts\/44064\/revisions\/44088"}],"wp:featuredmedia":[{"embeddable":true,"href":"https:\/\/www.mpal.mp.br\/index.php?rest_route=\/wp\/v2\/media\/44087"}],"wp:attachment":[{"href":"https:\/\/www.mpal.mp.br\/index.php?rest_route=%2Fwp%2Fv2%2Fmedia&parent=44064"}],"wp:term":[{"taxonomy":"category","embeddable":true,"href":"https:\/\/www.mpal.mp.br\/index.php?rest_route=%2Fwp%2Fv2%2Fcategories&post=44064"},{"taxonomy":"post_tag","embeddable":true,"href":"https:\/\/www.mpal.mp.br\/index.php?rest_route=%2Fwp%2Fv2%2Ftags&post=44064"}],"curies":[{"name":"wp","href":"https:\/\/api.w.org\/{rel}","templated":true}]}}