{"id":4335,"date":"2021-12-21T09:50:11","date_gmt":"2021-12-21T12:50:11","guid":{"rendered":"https:\/\/www.mpal.mp.br\/?p=4335"},"modified":"2022-04-19T09:51:29","modified_gmt":"2022-04-19T12:51:29","slug":"mpal-procurador-geral-de-justica-em-exercicio-faz-entrega-de-presentes-em-mais-um-natal-solidario","status":"publish","type":"post","link":"https:\/\/www.mpal.mp.br\/?p=4335","title":{"rendered":"MPAL: Procurador-geral de Justi\u00e7a em exerc\u00edcio faz entrega de presentes em mais um Natal Solid\u00e1rio"},"content":{"rendered":"<div class=\"fusion-fullwidth fullwidth-box fusion-builder-row-1 nonhundred-percent-fullwidth non-hundred-percent-height-scrolling\"  style='background-color: #ffffff;background-position: center center;background-repeat: no-repeat;padding-top:0px;padding-right:0px;padding-bottom:0px;padding-left:0px;'><div class=\"fusion-builder-row fusion-row \"><div  class=\"fusion-layout-column fusion_builder_column fusion_builder_column_1_1 fusion-builder-column-1 fusion-one-full fusion-column-first fusion-column-last 1_1\"  style='margin-top:0px;margin-bottom:20px;'>\n\t\t\t\t\t<div class=\"fusion-column-wrapper\" style=\"padding: 0px 0px 0px 0px;background-position:left top;background-repeat:no-repeat;-webkit-background-size:cover;-moz-background-size:cover;-o-background-size:cover;background-size:cover;\"   data-bg-url=\"\">\n\t\t\t\t\t\t<div class=\"fusion-text\"><p style=\"text-align: justify;\" align=\"justify\" data-raofz=\"14\"><span style=\"font-size: 14pt;\">Sorrisos nos rostos, felicidade com a promo\u00e7\u00e3o do bem-estar, uma tarde festiva na Associa\u00e7\u00e3o do Minist\u00e9rio P\u00fablico do Estado de Alagoas (Ampal), lugar escolhido para a entrega dos presentes \u00e0 crian\u00e7as e adolescentes do projeto \u201cAmpalrando vidas\u201d. O evento, realizado nessa segunda-feira (20), teve \u00e0 frente o procurador-geral de Justi\u00e7a (PGJ) em exerc\u00edcio, Valter Acioly, com o presidente da Ampal, promotor de Justi\u00e7a Roberto Salom\u00e3o, e o promotor de Justi\u00e7a, Rog\u00e9rio Paranhos. A coordenadora do projeto, Veraleide Nazar\u00e9, foi convidada para o momento especial.<\/span><\/p>\n<p style=\"text-align: justify;\" align=\"justify\" data-raofz=\"14\"><span style=\"font-size: 14pt;\">Com um cen\u00e1rio natalino, obviamente a presen\u00e7a do Papai Noel, \u00e1rvores enfeitadas, o espa\u00e7o ganhou muitas cores. Teve m\u00fasica, poesia, mensagens de motiva\u00e7\u00e3o, guloseimas e divers\u00e3o. Fam\u00edlias inteiras fizeram quest\u00e3o de participar do momento, dividindo com filhos e netos a emo\u00e7\u00e3o. Neste ano, a Procuradoria-Geral de Justi\u00e7a decidiu que na \u00e1rvore do MPAL estariam os nomes das crian\u00e7as e adolescentes do projeto. H\u00e1 sete anos membros e servidores e outras pessoas que abra\u00e7am a causa adotam uma menina ou um menino de institui\u00e7\u00f5es para presentear.<\/span><\/p>\n<p style=\"text-align: justify;\" align=\"justify\" data-raofz=\"14\"><span style=\"font-size: 14pt;\">O PGJ, nitidamente emocionado, falou de amor, doa\u00e7\u00e3o, de um olhar diferenciado quando a palavra-chave \u00e9 amparar.<\/span><\/p>\n<p style=\"text-align: justify;\" align=\"justify\" data-raofz=\"14\"><span style=\"font-size: 14pt;\">\u201cEste \u00e9 um momento com o qual me identifico. Tenho o orgulho de participar e sentir que estamos fazendo o bem. O Minist\u00e9rio P\u00fablico est\u00e1 para combater crimes, qualquer tipo de ilicitude, mas seu papel maior \u00e9 promover a garantia dos direitos, e hoje essa festa n\u00e3o se resume a entrega de presentes, viemos falar de futuro, num ato singelo, deixar em cada lembrancinha nosso respeito a estas crian\u00e7as e adolescente e \u00e0s suas fam\u00edlias o sentimento maior, amor. Quero agradecer aos amigos Salom\u00e3o e Rog\u00e9rio por dividirem comigo essa satisfa\u00e7\u00e3o e que possamos continuar firmes na luta em defesa da dignidade da cidadania de tantos jovens e crian\u00e7as do nosso estado\u201d, declarou o chefe ministerial em exerc\u00edcio.<\/span><\/p>\n<p style=\"text-align: justify;\" align=\"justify\" data-raofz=\"14\"><span style=\"font-size: 14pt;\">O presidente da Ampal, promotor de Justi\u00e7a Roberto Salom\u00e3o, parafraseou o cantor Benito de Paula em sua mensagem e tamb\u00e9m externou felicidade ao participar dos festejos.<\/span><\/p>\n<p style=\"text-align: justify;\" align=\"justify\" data-raofz=\"14\"><span style=\"font-size: 14pt;\">\u201cO orgulho \u00e9 imenso ao constatar nosso espa\u00e7o preparado e ofertando amor, aqui na Ampal ser\u00e3o sempre bem-vindos e estar\u00e3o sempre protegidos. O tempo \u00e9 mesmo para falarmos em fraternidade e amor e aqui estamos para abra\u00e7ar cada um de voc\u00eas. Que tenham sempre as b\u00ean\u00e7\u00e3os divinas\u201d, ressalta.<\/span><\/p>\n<p style=\"text-align: justify;\" align=\"justify\" data-raofz=\"14\"><span style=\"font-size: 14pt;\">O promotor de Justi\u00e7a, Rog\u00e9rio Paranhos, que tamb\u00e9m tem trabalhos voltados para crian\u00e7as e adolescentes, em Arapiraca, deslocou-se da cidade, a convite do PGJ, Valter Omena, para participar dessa tarde festiva. Ele tamb\u00e9m deixou uma mensagem.<\/span><\/p>\n<p style=\"text-align: justify;\" align=\"justify\" data-raofz=\"14\"><span style=\"font-size: 14pt;\">\u201cParticipar desse momento \u00e9 sin\u00f4nimo de felicidade, orgulho, porque quando cuidamos de crian\u00e7as e adolescentes, zelamos pelo futuro delas. Na minha caminhada, enquanto promotor, sinto-me realizado sempre que consigo pensar e executar algo que acolha esse p\u00fablico. Gra\u00e7as a Deus, tem dado certo. A entrega de presentes \u00e9 um ato simb\u00f3lico do respeito, da prote\u00e7\u00e3o que o Minist\u00e9rio P\u00fablico tem por cada um de voc\u00eas. Agrade\u00e7o o convite do amigo Valter para dividir essa alegria num momento t\u00e3o especial que \u00e9 o Natal\u201d, declara Paranhos.<\/span><\/p>\n<p style=\"text-align: justify;\" align=\"justify\" data-raofz=\"14\"><span style=\"font-size: 14pt;\">O amor \u00e9 tanto que membros, servidores e colaboradores, em pleno recesso, deixaram suas casas para, de m\u00e3os dadas, num ato fraternal, darem sua parcela de contribui\u00e7\u00e3o. A m\u00fasica, ao som do teclado, ficou por conta do servidor Filipe Santana, da Consultoria Jur\u00eddica do MPAl; a equipe da Ativa se encarregou de organizar e servir os convidados. O cerimonial sempre a cargo de Cristina Mendes e a cobertura sob responsabilidade da equipe da Ascom do MP. Assessores e servidores da Ampal tamb\u00e9m apoiaram o evento. A convite da coordenadora do projeto \u201cAmpalrando Vidas\u201d, a coronel Valdenize Ferreira, do Proerd, esteve na festa.<\/span><\/p>\n<\/div><style type=\"text\/css\">.fusion-gallery-1 .fusion-gallery-image {border:5px solid #f6f6f6;-webkit-border-radius:5px;-moz-border-radius:5px;border-radius:5px;}<\/style><div class=\"fusion-gallery fusion-gallery-container fusion-grid-3 fusion-columns-total-0 fusion-gallery-layout-grid fusion-gallery-1\" style=\"margin:-5px;\"><div style=\"padding:5px;\" class=\"fusion-grid-column fusion-gallery-column fusion-gallery-column-3 hover-type-none\"><div class=\"fusion-gallery-image\"><a href=\"https:\/\/www.mpal.mp.br\/wp-content\/uploads\/2022\/04\/20211220_172629-scaled-1024x593-1.jpg\" rel=\"noreferrer\" data-rel=\"iLightbox[gallery_image_1]\" class=\"fusion-lightbox\" target=\"_self\"><img loading=\"lazy\" decoding=\"async\" src=\"https:\/\/www.mpal.mp.br\/wp-content\/uploads\/2022\/04\/20211220_172629-scaled-1024x593-1.jpg\" width=\"1024\" height=\"593\" alt=\"\" title=\"20211220_172629-scaled-1024&#215;593\" aria-label=\"20211220_172629-scaled-1024&#215;593\" class=\"img-responsive wp-image-4337\" \/><\/a><\/div><\/div><div style=\"padding:5px;\" class=\"fusion-grid-column fusion-gallery-column fusion-gallery-column-3 hover-type-none\"><div class=\"fusion-gallery-image\"><a href=\"https:\/\/www.mpal.mp.br\/wp-content\/uploads\/2022\/04\/Natal-Solidario-MPEAL-2021-2-1024x576-1.jpeg\" rel=\"noreferrer\" data-rel=\"iLightbox[gallery_image_1]\" class=\"fusion-lightbox\" target=\"_self\"><img loading=\"lazy\" decoding=\"async\" src=\"https:\/\/www.mpal.mp.br\/wp-content\/uploads\/2022\/04\/Natal-Solidario-MPEAL-2021-2-1024x576-1.jpeg\" width=\"1024\" height=\"576\" alt=\"\" title=\"Natal-Solid\u00e1rio-MPEAL-2021-2-1024&#215;576\" aria-label=\"Natal-Solid\u00e1rio-MPEAL-2021-2-1024&#215;576\" class=\"img-responsive wp-image-4338\" \/><\/a><\/div><\/div><div style=\"padding:5px;\" class=\"fusion-grid-column fusion-gallery-column fusion-gallery-column-3 hover-type-none\"><div class=\"fusion-gallery-image\"><a href=\"https:\/\/www.mpal.mp.br\/wp-content\/uploads\/2022\/04\/Natal-Solidario-MPEAL-2021-3-1024x576-1.jpeg\" rel=\"noreferrer\" data-rel=\"iLightbox[gallery_image_1]\" class=\"fusion-lightbox\" target=\"_self\"><img loading=\"lazy\" decoding=\"async\" src=\"https:\/\/www.mpal.mp.br\/wp-content\/uploads\/2022\/04\/Natal-Solidario-MPEAL-2021-3-1024x576-1.jpeg\" width=\"1024\" height=\"576\" alt=\"\" title=\"Natal-Solid\u00e1rio-MPEAL-2021-3-1024&#215;576\" aria-label=\"Natal-Solid\u00e1rio-MPEAL-2021-3-1024&#215;576\" class=\"img-responsive wp-image-4339\" \/><\/a><\/div><\/div><div class=\"clearfix\"><\/div><div style=\"padding:5px;\" class=\"fusion-grid-column fusion-gallery-column fusion-gallery-column-3 hover-type-none\"><div class=\"fusion-gallery-image\"><a href=\"https:\/\/www.mpal.mp.br\/wp-content\/uploads\/2022\/04\/Natal-Solidario-MPEAL-2021-4-1024x576-1.jpeg\" rel=\"noreferrer\" data-rel=\"iLightbox[gallery_image_1]\" class=\"fusion-lightbox\" target=\"_self\"><img loading=\"lazy\" decoding=\"async\" src=\"https:\/\/www.mpal.mp.br\/wp-content\/uploads\/2022\/04\/Natal-Solidario-MPEAL-2021-4-1024x576-1.jpeg\" width=\"1024\" height=\"576\" alt=\"\" title=\"Natal-Solid\u00e1rio-MPEAL-2021-4-1024&#215;576\" aria-label=\"Natal-Solid\u00e1rio-MPEAL-2021-4-1024&#215;576\" class=\"img-responsive wp-image-4340\" \/><\/a><\/div><\/div><div style=\"padding:5px;\" class=\"fusion-grid-column fusion-gallery-column fusion-gallery-column-3 hover-type-none\"><div class=\"fusion-gallery-image\"><a href=\"https:\/\/www.mpal.mp.br\/wp-content\/uploads\/2022\/04\/Natal-Solidario-MPEAL-2021-5-1024x576-1.jpeg\" rel=\"noreferrer\" data-rel=\"iLightbox[gallery_image_1]\" class=\"fusion-lightbox\" target=\"_self\"><img loading=\"lazy\" decoding=\"async\" src=\"https:\/\/www.mpal.mp.br\/wp-content\/uploads\/2022\/04\/Natal-Solidario-MPEAL-2021-5-1024x576-1.jpeg\" width=\"1024\" height=\"576\" alt=\"\" title=\"Natal-Solid\u00e1rio-MPEAL-2021-5-1024&#215;576\" aria-label=\"Natal-Solid\u00e1rio-MPEAL-2021-5-1024&#215;576\" class=\"img-responsive wp-image-4341\" \/><\/a><\/div><\/div><div style=\"padding:5px;\" class=\"fusion-grid-column fusion-gallery-column fusion-gallery-column-3 hover-type-none\"><div class=\"fusion-gallery-image\"><a href=\"https:\/\/www.mpal.mp.br\/wp-content\/uploads\/2022\/04\/Natal-Solidario-MPEAL-2021-7-1024x576-1.jpeg\" rel=\"noreferrer\" data-rel=\"iLightbox[gallery_image_1]\" class=\"fusion-lightbox\" target=\"_self\"><img loading=\"lazy\" decoding=\"async\" src=\"https:\/\/www.mpal.mp.br\/wp-content\/uploads\/2022\/04\/Natal-Solidario-MPEAL-2021-7-1024x576-1.jpeg\" width=\"1024\" height=\"576\" alt=\"\" title=\"Natal-Solid\u00e1rio-MPEAL-2021-7-1024&#215;576\" aria-label=\"Natal-Solid\u00e1rio-MPEAL-2021-7-1024&#215;576\" class=\"img-responsive wp-image-4342\" \/><\/a><\/div><\/div><div class=\"clearfix\"><\/div><div style=\"padding:5px;\" class=\"fusion-grid-column fusion-gallery-column fusion-gallery-column-3 hover-type-none\"><div class=\"fusion-gallery-image\"><a href=\"https:\/\/www.mpal.mp.br\/wp-content\/uploads\/2022\/04\/Natal-Solidario-MPEAL-2021-8-1024x576-1.jpeg\" rel=\"noreferrer\" data-rel=\"iLightbox[gallery_image_1]\" class=\"fusion-lightbox\" target=\"_self\"><img loading=\"lazy\" decoding=\"async\" src=\"https:\/\/www.mpal.mp.br\/wp-content\/uploads\/2022\/04\/Natal-Solidario-MPEAL-2021-8-1024x576-1.jpeg\" width=\"1024\" height=\"576\" alt=\"\" title=\"Natal-Solid\u00e1rio-MPEAL-2021-8-1024&#215;576\" aria-label=\"Natal-Solid\u00e1rio-MPEAL-2021-8-1024&#215;576\" class=\"img-responsive wp-image-4343\" \/><\/a><\/div><\/div><div style=\"padding:5px;\" class=\"fusion-grid-column fusion-gallery-column fusion-gallery-column-3 hover-type-none\"><div class=\"fusion-gallery-image\"><a href=\"https:\/\/www.mpal.mp.br\/wp-content\/uploads\/2022\/04\/Natal-Solidario-MPEAL-2021-9-1024x576-1.jpeg\" rel=\"noreferrer\" data-rel=\"iLightbox[gallery_image_1]\" class=\"fusion-lightbox\" target=\"_self\"><img loading=\"lazy\" decoding=\"async\" src=\"https:\/\/www.mpal.mp.br\/wp-content\/uploads\/2022\/04\/Natal-Solidario-MPEAL-2021-9-1024x576-1.jpeg\" width=\"1024\" height=\"576\" alt=\"\" title=\"Natal-Solid\u00e1rio-MPEAL-2021-9-1024&#215;576\" aria-label=\"Natal-Solid\u00e1rio-MPEAL-2021-9-1024&#215;576\" class=\"img-responsive wp-image-4344\" \/><\/a><\/div><\/div><div style=\"padding:5px;\" class=\"fusion-grid-column fusion-gallery-column fusion-gallery-column-3 hover-type-none\"><div class=\"fusion-gallery-image\"><a href=\"https:\/\/www.mpal.mp.br\/wp-content\/uploads\/2022\/04\/Natal-Solidario-MPEAL-2021-10-1024x576-1.jpeg\" rel=\"noreferrer\" data-rel=\"iLightbox[gallery_image_1]\" class=\"fusion-lightbox\" target=\"_self\"><img loading=\"lazy\" decoding=\"async\" src=\"https:\/\/www.mpal.mp.br\/wp-content\/uploads\/2022\/04\/Natal-Solidario-MPEAL-2021-10-1024x576-1.jpeg\" width=\"1024\" height=\"576\" alt=\"\" title=\"Natal-Solid\u00e1rio-MPEAL-2021-10-1024&#215;576\" aria-label=\"Natal-Solid\u00e1rio-MPEAL-2021-10-1024&#215;576\" class=\"img-responsive wp-image-4345\" \/><\/a><\/div><\/div><div class=\"clearfix\"><\/div><div style=\"padding:5px;\" class=\"fusion-grid-column fusion-gallery-column fusion-gallery-column-3 hover-type-none\"><div class=\"fusion-gallery-image\"><a href=\"https:\/\/www.mpal.mp.br\/wp-content\/uploads\/2022\/04\/Natal-Solidario-MPEAL-2021-11-1024x576-1.jpeg\" rel=\"noreferrer\" data-rel=\"iLightbox[gallery_image_1]\" class=\"fusion-lightbox\" target=\"_self\"><img loading=\"lazy\" decoding=\"async\" src=\"https:\/\/www.mpal.mp.br\/wp-content\/uploads\/2022\/04\/Natal-Solidario-MPEAL-2021-11-1024x576-1.jpeg\" width=\"1024\" height=\"576\" alt=\"\" title=\"Natal-Solid\u00e1rio-MPEAL-2021-11-1024&#215;576\" aria-label=\"Natal-Solid\u00e1rio-MPEAL-2021-11-1024&#215;576\" class=\"img-responsive wp-image-4346\" \/><\/a><\/div><\/div><div style=\"padding:5px;\" class=\"fusion-grid-column fusion-gallery-column fusion-gallery-column-3 hover-type-none\"><div class=\"fusion-gallery-image\"><a href=\"https:\/\/www.mpal.mp.br\/wp-content\/uploads\/2022\/04\/Natal-Solidario-MPEAL-2021-1024x576-1.jpg\" rel=\"noreferrer\" data-rel=\"iLightbox[gallery_image_1]\" class=\"fusion-lightbox\" target=\"_self\"><img loading=\"lazy\" decoding=\"async\" src=\"https:\/\/www.mpal.mp.br\/wp-content\/uploads\/2022\/04\/Natal-Solidario-MPEAL-2021-1024x576-1.jpg\" width=\"1024\" height=\"576\" alt=\"\" title=\"Natal-Solid\u00e1rio-MPEAL-2021-1024&#215;576\" aria-label=\"Natal-Solid\u00e1rio-MPEAL-2021-1024&#215;576\" class=\"img-responsive wp-image-4347\" \/><\/a><\/div><\/div><\/div><div class=\"fusion-clearfix\"><\/div>\n\n\t\t\t\t\t<\/div>\n\t\t\t\t<\/div><\/div><\/div>\n","protected":false},"excerpt":{"rendered":"","protected":false},"author":2,"featured_media":4336,"comment_status":"open","ping_status":"open","sticky":false,"template":"","format":"standard","meta":{"om_disable_all_campaigns":false,"_monsterinsights_skip_tracking":false,"_monsterinsights_sitenote_active":false,"_monsterinsights_sitenote_note":"","_monsterinsights_sitenote_category":0,"_uf_show_specific_survey":0,"_uf_disable_surveys":false,"footnotes":""},"categories":[2],"tags":[],"class_list":["post-4335","post","type-post","status-publish","format-standard","has-post-thumbnail","hentry","category-not_mpal"],"aioseo_notices":[],"_links":{"self":[{"href":"https:\/\/www.mpal.mp.br\/index.php?rest_route=\/wp\/v2\/posts\/4335","targetHints":{"allow":["GET"]}}],"collection":[{"href":"https:\/\/www.mpal.mp.br\/index.php?rest_route=\/wp\/v2\/posts"}],"about":[{"href":"https:\/\/www.mpal.mp.br\/index.php?rest_route=\/wp\/v2\/types\/post"}],"author":[{"embeddable":true,"href":"https:\/\/www.mpal.mp.br\/index.php?rest_route=\/wp\/v2\/users\/2"}],"replies":[{"embeddable":true,"href":"https:\/\/www.mpal.mp.br\/index.php?rest_route=%2Fwp%2Fv2%2Fcomments&post=4335"}],"version-history":[{"count":2,"href":"https:\/\/www.mpal.mp.br\/index.php?rest_route=\/wp\/v2\/posts\/4335\/revisions"}],"predecessor-version":[{"id":4349,"href":"https:\/\/www.mpal.mp.br\/index.php?rest_route=\/wp\/v2\/posts\/4335\/revisions\/4349"}],"wp:featuredmedia":[{"embeddable":true,"href":"https:\/\/www.mpal.mp.br\/index.php?rest_route=\/wp\/v2\/media\/4336"}],"wp:attachment":[{"href":"https:\/\/www.mpal.mp.br\/index.php?rest_route=%2Fwp%2Fv2%2Fmedia&parent=4335"}],"wp:term":[{"taxonomy":"category","embeddable":true,"href":"https:\/\/www.mpal.mp.br\/index.php?rest_route=%2Fwp%2Fv2%2Fcategories&post=4335"},{"taxonomy":"post_tag","embeddable":true,"href":"https:\/\/www.mpal.mp.br\/index.php?rest_route=%2Fwp%2Fv2%2Ftags&post=4335"}],"curies":[{"name":"wp","href":"https:\/\/api.w.org\/{rel}","templated":true}]}}