{"id":4327,"date":"2022-01-03T09:43:32","date_gmt":"2022-01-03T12:43:32","guid":{"rendered":"https:\/\/www.mpal.mp.br\/?p=4327"},"modified":"2024-08-06T10:20:24","modified_gmt":"2024-08-06T13:20:24","slug":"novos-promotores-de-justica-iniciam-curso-de-formacao-posse-solene-acontecera-no-proximo-dia-6","status":"publish","type":"post","link":"https:\/\/www.mpal.mp.br\/?p=4327","title":{"rendered":"Novos promotores de Justi\u00e7a iniciam curso de forma\u00e7\u00e3o; posse solene acontecer\u00e1 no pr\u00f3ximo dia 6"},"content":{"rendered":"<div class=\"fusion-fullwidth fullwidth-box fusion-builder-row-1 nonhundred-percent-fullwidth non-hundred-percent-height-scrolling\"  style='background-color: #ffffff;background-position: center center;background-repeat: no-repeat;padding-top:0px;padding-right:0px;padding-bottom:0px;padding-left:0px;'><div class=\"fusion-builder-row fusion-row \"><div  class=\"fusion-layout-column fusion_builder_column fusion_builder_column_1_1 fusion-builder-column-1 fusion-one-full fusion-column-first fusion-column-last 1_1\"  style='margin-top:0px;margin-bottom:20px;'>\n\t\t\t\t\t<div class=\"fusion-column-wrapper\" style=\"padding: 0px 0px 0px 0px;background-position:left top;background-repeat:no-repeat;-webkit-background-size:cover;-moz-background-size:cover;-o-background-size:cover;background-size:cover;\"   data-bg-url=\"\">\n\t\t\t\t\t\t<div class=\"fusion-text\"><p style=\"text-align: justify;\" align=\"justify\" data-raofz=\"14\"><span style=\"font-size: 14pt;\" data-raofz=\"13\">Os cinco promotores de Justi\u00e7a rec\u00e9m-nomeados no Minist\u00e9rio P\u00fablico do Estado de Alagoas (MPAL) iniciaram, nesta segunda-feira (3), o curso de forma\u00e7\u00e3o para ingresso na carreira. Durante toda esta semana at\u00e9 o pr\u00f3ximo dia 14, eles receber\u00e3o orienta\u00e7\u00f5es a respeito do funcionamento da institui\u00e7\u00e3o nas mais diversas \u00e1reas, como atuam a administra\u00e7\u00e3o superior e seus respectivos \u00f3rg\u00e3os de assessoramento e diretorias, al\u00e9m de como se d\u00e1 a atua\u00e7\u00e3o dos n\u00facleos especializados. A posse solene dos novos membros ocorrer\u00e1 nesta quinta-feira (6), \u00e0s 16h, no pr\u00e9dio-sede do Minist\u00e9rio P\u00fablico.<\/span><\/p>\n<p style=\"text-align: justify;\" align=\"justify\" data-raofz=\"14\"><span style=\"font-size: 14pt;\" data-raofz=\"13\">Participaram das atividades, que foram organizadas pela Escola Superior do Minist\u00e9rio P\u00fablico, os promotores de Justi\u00e7a Andrea de Andrade Teixeira, Frederico Alves Monteiro Pereira, Gustavo Arns da Silva Vasconcelos, Izelman In\u00e1cio da Silva e Jo\u00e3o de S\u00e1 Bomfim Filho.<\/span><\/p>\n<p style=\"text-align: justify;\" align=\"justify\" data-raofz=\"14\"><span style=\"font-size: 14pt;\" data-raofz=\"13\">A abertura do curso ficou a cargo do procurador-geral de Justi\u00e7a em exerc\u00edcio, V\u00e1lter Acioly. \u201cEstamos muito felizes com a chegada de cada um de voc\u00eas e desejamos que todos tenham uma carreira de sucesso, que triunfem na profiss\u00e3o e sejam promotores com vontade de transformar a vida dos moradores das cidades onde desempenhar\u00e3o suas atribui\u00e7\u00f5es\u201d, disse ele, que estava acompanhando do diretor da Escola, promotor de Justi\u00e7a Cl\u00e1udio Brand\u00e3o S\u00e1.\u00a0<\/span><\/p>\n<p style=\"text-align: justify;\" align=\"justify\" data-raofz=\"14\"><span style=\"font-size: 14pt;\" data-raofz=\"13\">\u201cTamb\u00e9m \u00e9 importante que voc\u00eas se sintam acolhidos. Saibam que a administra\u00e7\u00e3o superior estar\u00e1 sempre ao seu lado, apoiando as decis\u00f5es tomadas e incentivando-os a trabalhar dentro dos ditames da lei e seguindo o regramento jur\u00eddico estabelecido para que os direitos da popula\u00e7\u00e3o sejam respeitados, assim como para que o Minist\u00e9rio P\u00fablico siga combatendo o crime e a corrup\u00e7\u00e3o\u201d, acrescentou.<\/span><\/p>\n<p style=\"text-align: justify;\" align=\"justify\" data-raofz=\"14\"><span style=\"font-size: 14pt;\" data-raofz=\"13\"><b>A programa\u00e7\u00e3o do curso<\/b><\/span><\/p>\n<p style=\"text-align: justify;\" data-raofz=\"14\"><span style=\"font-size: 14pt;\" data-raofz=\"13\">Na sequ\u00eancia, fez uso da palavra o subprocurador-geral judicial, S\u00e9rgio Juc\u00e1. Ele falou sobre o papel desse \u00f3rg\u00e3o de apoio \u00e0 administra\u00e7\u00e3o superior, que atua, dentre outras coisas, exercendo atribui\u00e7\u00f5es processuais e administrativas de natureza jur\u00eddica que competem ao MPAL.<\/span><\/p>\n<p style=\"text-align: justify;\" data-raofz=\"14\"><span style=\"font-size: 14pt;\" data-raofz=\"13\">Em seguida, foi a vez do ouvidor do Minist\u00e9rio P\u00fablico, procurador de Justi\u00e7a Lean Ara\u00fajo, discorrer sobre a miss\u00e3o da Ouvidoria. O curso seguir\u00e1 durante toda esta semana e, j\u00e1 nesta ter\u00e7a-feira (4), ser\u00e3o a vez do Gaeco e do Gaesf detalharem sobre o papel desses \u00f3rg\u00e3os de combate \u00e0s organiza\u00e7\u00f5es criminosas e contra fraudes e sonega\u00e7\u00e3o fiscal.<\/span><\/p>\n<p style=\"text-align: justify;\" align=\"justify\" data-raofz=\"14\"><span style=\"font-size: 14pt;\" data-raofz=\"13\">A semana ainda ter\u00e1 apresenta\u00e7\u00f5es sobre a Corregedoria-Geral, Assessoria de Planejamento Estrat\u00e9gico, forma\u00e7\u00e3o human\u00edstica, import\u00e2ncia do Caop, tecnologia da informa\u00e7\u00e3o, o in\u00edcio da carreira dentro do MPAL e racismo estrutural e suas implica\u00e7\u00f5es.<\/span><\/p>\n<\/div><style type=\"text\/css\">.fusion-gallery-1 .fusion-gallery-image {border:5px solid #f6f6f6;-webkit-border-radius:5px;-moz-border-radius:5px;border-radius:5px;}<\/style><div class=\"fusion-gallery fusion-gallery-container fusion-grid-2 fusion-columns-total-0 fusion-gallery-layout-grid fusion-gallery-1\" style=\"margin:-5px;\"><div style=\"padding:5px;\" class=\"fusion-grid-column fusion-gallery-column fusion-gallery-column-2 hover-type-none\"><div class=\"fusion-gallery-image\"><a href=\"https:\/\/www.mpal.mp.br\/wp-content\/uploads\/2022\/04\/IMG_20220103_104459_919-1024x768-1.jpg\" rel=\"noreferrer\" data-rel=\"iLightbox[gallery_image_1]\" class=\"fusion-lightbox\" target=\"_self\"><img loading=\"lazy\" decoding=\"async\" src=\"https:\/\/www.mpal.mp.br\/wp-content\/uploads\/2022\/04\/IMG_20220103_104459_919-1024x768-1.jpg\" width=\"1024\" height=\"768\" alt=\"\" title=\"IMG_20220103_104459_919-1024&#215;768\" aria-label=\"IMG_20220103_104459_919-1024&#215;768\" class=\"img-responsive wp-image-4330\" \/><\/a><\/div><\/div><div style=\"padding:5px;\" class=\"fusion-grid-column fusion-gallery-column fusion-gallery-column-2 hover-type-none\"><div class=\"fusion-gallery-image\"><a href=\"https:\/\/www.mpal.mp.br\/wp-content\/uploads\/2022\/04\/IMG_20220103_104516_319-1024x768-1.jpg\" rel=\"noreferrer\" data-rel=\"iLightbox[gallery_image_1]\" class=\"fusion-lightbox\" target=\"_self\"><img loading=\"lazy\" decoding=\"async\" src=\"https:\/\/www.mpal.mp.br\/wp-content\/uploads\/2022\/04\/IMG_20220103_104516_319-1024x768-1.jpg\" width=\"1024\" height=\"768\" alt=\"\" title=\"IMG_20220103_104516_319-1024&#215;768\" aria-label=\"IMG_20220103_104516_319-1024&#215;768\" class=\"img-responsive wp-image-4331\" \/><\/a><\/div><\/div><div class=\"clearfix\"><\/div><div style=\"padding:5px;\" class=\"fusion-grid-column fusion-gallery-column fusion-gallery-column-2 hover-type-none\"><div class=\"fusion-gallery-image\"><a href=\"https:\/\/www.mpal.mp.br\/wp-content\/uploads\/2022\/04\/IMG_20220103_112237_828-1024x768-1.jpg\" rel=\"noreferrer\" data-rel=\"iLightbox[gallery_image_1]\" class=\"fusion-lightbox\" target=\"_self\"><img loading=\"lazy\" decoding=\"async\" src=\"https:\/\/www.mpal.mp.br\/wp-content\/uploads\/2022\/04\/IMG_20220103_112237_828-1024x768-1.jpg\" width=\"1024\" height=\"768\" alt=\"\" title=\"IMG_20220103_112237_828-1024&#215;768\" aria-label=\"IMG_20220103_112237_828-1024&#215;768\" class=\"img-responsive wp-image-4332\" \/><\/a><\/div><\/div><div style=\"padding:5px;\" class=\"fusion-grid-column fusion-gallery-column fusion-gallery-column-2 hover-type-none\"><div class=\"fusion-gallery-image\"><a href=\"https:\/\/www.mpal.mp.br\/wp-content\/uploads\/2022\/04\/IMG_20220103_112257_850-1024x768-1.jpg\" rel=\"noreferrer\" data-rel=\"iLightbox[gallery_image_1]\" class=\"fusion-lightbox\" target=\"_self\"><img loading=\"lazy\" decoding=\"async\" src=\"https:\/\/www.mpal.mp.br\/wp-content\/uploads\/2022\/04\/IMG_20220103_112257_850-1024x768-1.jpg\" width=\"1024\" height=\"768\" alt=\"\" title=\"IMG_20220103_112257_850-1024&#215;768\" aria-label=\"IMG_20220103_112257_850-1024&#215;768\" class=\"img-responsive wp-image-4333\" \/><\/a><\/div><\/div><div class=\"clearfix\"><\/div><\/div><div class=\"fusion-clearfix\"><\/div>\n\n\t\t\t\t\t<\/div>\n\t\t\t\t<\/div><\/div><\/div>\n","protected":false},"excerpt":{"rendered":"","protected":false},"author":2,"featured_media":4329,"comment_status":"open","ping_status":"open","sticky":false,"template":"","format":"standard","meta":{"om_disable_all_campaigns":false,"_monsterinsights_skip_tracking":false,"_monsterinsights_sitenote_active":false,"_monsterinsights_sitenote_note":"","_monsterinsights_sitenote_category":0,"_uf_show_specific_survey":0,"_uf_disable_surveys":false,"footnotes":""},"categories":[18,2],"tags":[],"class_list":["post-4327","post","type-post","status-publish","format-standard","has-post-thumbnail","hentry","category-not_concursos","category-not_mpal"],"aioseo_notices":[],"_links":{"self":[{"href":"https:\/\/www.mpal.mp.br\/index.php?rest_route=\/wp\/v2\/posts\/4327","targetHints":{"allow":["GET"]}}],"collection":[{"href":"https:\/\/www.mpal.mp.br\/index.php?rest_route=\/wp\/v2\/posts"}],"about":[{"href":"https:\/\/www.mpal.mp.br\/index.php?rest_route=\/wp\/v2\/types\/post"}],"author":[{"embeddable":true,"href":"https:\/\/www.mpal.mp.br\/index.php?rest_route=\/wp\/v2\/users\/2"}],"replies":[{"embeddable":true,"href":"https:\/\/www.mpal.mp.br\/index.php?rest_route=%2Fwp%2Fv2%2Fcomments&post=4327"}],"version-history":[{"count":2,"href":"https:\/\/www.mpal.mp.br\/index.php?rest_route=\/wp\/v2\/posts\/4327\/revisions"}],"predecessor-version":[{"id":4334,"href":"https:\/\/www.mpal.mp.br\/index.php?rest_route=\/wp\/v2\/posts\/4327\/revisions\/4334"}],"wp:featuredmedia":[{"embeddable":true,"href":"https:\/\/www.mpal.mp.br\/index.php?rest_route=\/wp\/v2\/media\/4329"}],"wp:attachment":[{"href":"https:\/\/www.mpal.mp.br\/index.php?rest_route=%2Fwp%2Fv2%2Fmedia&parent=4327"}],"wp:term":[{"taxonomy":"category","embeddable":true,"href":"https:\/\/www.mpal.mp.br\/index.php?rest_route=%2Fwp%2Fv2%2Fcategories&post=4327"},{"taxonomy":"post_tag","embeddable":true,"href":"https:\/\/www.mpal.mp.br\/index.php?rest_route=%2Fwp%2Fv2%2Ftags&post=4327"}],"curies":[{"name":"wp","href":"https:\/\/api.w.org\/{rel}","templated":true}]}}