{"id":43214,"date":"2024-07-25T08:26:00","date_gmt":"2024-07-25T11:26:00","guid":{"rendered":"https:\/\/www.mpal.mp.br\/?p=43214"},"modified":"2024-07-26T11:13:33","modified_gmt":"2024-07-26T14:13:33","slug":"pgj-lean-araujo-realiza-reuniao-com-representantes-da-editora-forum","status":"publish","type":"post","link":"https:\/\/www.mpal.mp.br\/?p=43214","title":{"rendered":"PGJ Lean Ara\u00fajo realiza reuni\u00e3o com representantes da Editora F\u00f3rum"},"content":{"rendered":"<div class=\"fusion-fullwidth fullwidth-box fusion-builder-row-1 nonhundred-percent-fullwidth non-hundred-percent-height-scrolling\"  style='background-color: #ffffff;background-position: center center;background-repeat: no-repeat;padding-top:0px;padding-right:0px;padding-bottom:0px;padding-left:0px;'><div class=\"fusion-builder-row fusion-row \"><div  class=\"fusion-layout-column fusion_builder_column fusion_builder_column_1_1 fusion-builder-column-1 fusion-one-full fusion-column-first fusion-column-last 1_1\"  style='margin-top:0px;margin-bottom:0px;'>\n\t\t\t\t\t<div class=\"fusion-column-wrapper\" style=\"padding: 0px 0px 0px 0px;background-position:left top;background-repeat:no-repeat;-webkit-background-size:cover;-moz-background-size:cover;-o-background-size:cover;background-size:cover;\"   data-bg-url=\"\">\n\t\t\t\t\t\t<div class=\"fusion-text\"><p style=\"text-align: justify;\"><span style=\"font-size: 12pt;\">O procurador-geral de Justi\u00e7a, Lean Ara\u00fajo, recebeu o presidente da Editora F\u00f3rum, Lu\u00eds Cl\u00e1udio Rodrigues Ferreira, nesta quarta-feira (24). Na reuni\u00e3o, eles conversaram sobre o cat\u00e1logo de servi\u00e7os da empresa, que vai desde a oferta de livros e revistas t\u00e9cnicas de diferentes \u00e1reas, at\u00e9 a promo\u00e7\u00e3o de eventos e cursos de capacita\u00e7\u00e3o.<\/span><\/p>\n<p style=\"text-align: justify;\"><span style=\"font-size: 12pt;\">O chefe do Minist\u00e9rio P\u00fablico destacou a import\u00e2ncia do acesso a esse tipo de servi\u00e7o, que permite o aprimoramento t\u00e9cnico de membros e servidores, refletindo-se na qualidade do servi\u00e7o que \u00e9 prestado \u00e0 popula\u00e7\u00e3o alagoana.<\/span><\/p>\n<p style=\"text-align: justify;\"><span style=\"font-size: 12pt;\">Ao final da reuni\u00e3o, o PGJ pediu para que o presidente da F\u00f3rum formalizasse uma proposta para que, ent\u00e3o, o MPAL possa averiguar a possibilidade or\u00e7ament\u00e1ria no que se refere \u00e0 aquisi\u00e7\u00e3o do servi\u00e7o.<\/span><\/p>\n<p style=\"text-align: justify;\"><span style=\"font-size: 12pt;\">Al\u00e9m de Lean Ara\u00fajo e de Lu\u00eds Cl\u00e1udio, tamb\u00e9m participaram da conversa Carlos Eduardo Cabral, diretor geral do Minist\u00e9rio P\u00fablico; Jo\u00e3o Rodrigo Santos Ferreira, analista na \u00e1rea de biblioteconomia; e Mariana Paula Andrade, analista comercial da Editora F\u00f3rum.<\/span><\/p>\n<p><span style=\"font-size: 14pt;\"><strong>GALERIA DE FOTOS:<\/strong><\/span><\/p>\n<\/div><style type=\"text\/css\">.fusion-gallery-1 .fusion-gallery-image {border:0px solid #f6f6f6;-webkit-border-radius:5px;-moz-border-radius:5px;border-radius:5px;}<\/style><div class=\"fusion-gallery fusion-gallery-container fusion-grid-3 fusion-columns-total-0 fusion-gallery-layout-grid fusion-gallery-1\" style=\"margin:-5px;\"><div style=\"padding:5px;\" class=\"fusion-grid-column fusion-gallery-column fusion-gallery-column-3 hover-type-none\"><div class=\"fusion-gallery-image\"><a href=\"https:\/\/www.mpal.mp.br\/wp-content\/uploads\/2024\/07\/003-1.jpg\" rel=\"noreferrer\" data-rel=\"iLightbox[gallery_image_1]\" class=\"fusion-lightbox\" target=\"_self\"><img loading=\"lazy\" decoding=\"async\" src=\"https:\/\/www.mpal.mp.br\/wp-content\/uploads\/2024\/07\/003-1.jpg\" width=\"6720\" height=\"4480\" alt=\"\" title=\"003\" aria-label=\"003\" class=\"img-responsive wp-image-43217\" \/><\/a><\/div><\/div><div style=\"padding:5px;\" class=\"fusion-grid-column fusion-gallery-column fusion-gallery-column-3 hover-type-none\"><div class=\"fusion-gallery-image\"><a href=\"https:\/\/www.mpal.mp.br\/wp-content\/uploads\/2024\/07\/004-1.jpg\" rel=\"noreferrer\" data-rel=\"iLightbox[gallery_image_1]\" class=\"fusion-lightbox\" target=\"_self\"><img loading=\"lazy\" decoding=\"async\" src=\"https:\/\/www.mpal.mp.br\/wp-content\/uploads\/2024\/07\/004-1.jpg\" width=\"6720\" height=\"4480\" alt=\"\" title=\"004\" aria-label=\"004\" class=\"img-responsive wp-image-43218\" \/><\/a><\/div><\/div><div style=\"padding:5px;\" class=\"fusion-grid-column fusion-gallery-column fusion-gallery-column-3 hover-type-none\"><div class=\"fusion-gallery-image\"><a href=\"https:\/\/www.mpal.mp.br\/wp-content\/uploads\/2024\/07\/007-1.jpg\" rel=\"noreferrer\" data-rel=\"iLightbox[gallery_image_1]\" class=\"fusion-lightbox\" target=\"_self\"><img loading=\"lazy\" decoding=\"async\" src=\"https:\/\/www.mpal.mp.br\/wp-content\/uploads\/2024\/07\/007-1.jpg\" width=\"6720\" height=\"4480\" alt=\"\" title=\"007\" aria-label=\"007\" class=\"img-responsive wp-image-43219\" \/><\/a><\/div><\/div><div class=\"clearfix\"><\/div><div style=\"padding:5px;\" class=\"fusion-grid-column fusion-gallery-column fusion-gallery-column-3 hover-type-none\"><div class=\"fusion-gallery-image\"><a href=\"https:\/\/www.mpal.mp.br\/wp-content\/uploads\/2024\/07\/capa05.jpg\" rel=\"noreferrer\" data-rel=\"iLightbox[gallery_image_1]\" class=\"fusion-lightbox\" target=\"_self\"><img loading=\"lazy\" decoding=\"async\" src=\"https:\/\/www.mpal.mp.br\/wp-content\/uploads\/2024\/07\/capa05.jpg\" width=\"6720\" height=\"4480\" alt=\"\" title=\"capa05\" aria-label=\"capa05\" class=\"img-responsive wp-image-43220\" \/><\/a><\/div><\/div><div style=\"padding:5px;\" class=\"fusion-grid-column fusion-gallery-column fusion-gallery-column-3 hover-type-none\"><div class=\"fusion-gallery-image\"><a href=\"https:\/\/www.mpal.mp.br\/wp-content\/uploads\/2024\/07\/gb.lean_.01.jpg\" rel=\"noreferrer\" data-rel=\"iLightbox[gallery_image_1]\" class=\"fusion-lightbox\" target=\"_self\"><img loading=\"lazy\" decoding=\"async\" src=\"https:\/\/www.mpal.mp.br\/wp-content\/uploads\/2024\/07\/gb.lean_.01.jpg\" width=\"6720\" height=\"4480\" alt=\"\" title=\"gb.lean.01\" aria-label=\"gb.lean.01\" class=\"img-responsive wp-image-43221\" \/><\/a><\/div><\/div><\/div><div class=\"fusion-clearfix\"><\/div>\n\n\t\t\t\t\t<\/div>\n\t\t\t\t<\/div><\/div><\/div>\n","protected":false},"excerpt":{"rendered":"","protected":false},"author":6,"featured_media":43444,"comment_status":"open","ping_status":"open","sticky":false,"template":"","format":"standard","meta":{"om_disable_all_campaigns":false,"_monsterinsights_skip_tracking":false,"_monsterinsights_sitenote_active":false,"_monsterinsights_sitenote_note":"","_monsterinsights_sitenote_category":0,"_uf_show_specific_survey":0,"_uf_disable_surveys":false,"footnotes":""},"categories":[2,49],"tags":[],"class_list":["post-43214","post","type-post","status-publish","format-standard","has-post-thumbnail","hentry","category-not_mpal","category-not_pgj"],"aioseo_notices":[],"_links":{"self":[{"href":"https:\/\/www.mpal.mp.br\/index.php?rest_route=\/wp\/v2\/posts\/43214","targetHints":{"allow":["GET"]}}],"collection":[{"href":"https:\/\/www.mpal.mp.br\/index.php?rest_route=\/wp\/v2\/posts"}],"about":[{"href":"https:\/\/www.mpal.mp.br\/index.php?rest_route=\/wp\/v2\/types\/post"}],"author":[{"embeddable":true,"href":"https:\/\/www.mpal.mp.br\/index.php?rest_route=\/wp\/v2\/users\/6"}],"replies":[{"embeddable":true,"href":"https:\/\/www.mpal.mp.br\/index.php?rest_route=%2Fwp%2Fv2%2Fcomments&post=43214"}],"version-history":[{"count":3,"href":"https:\/\/www.mpal.mp.br\/index.php?rest_route=\/wp\/v2\/posts\/43214\/revisions"}],"predecessor-version":[{"id":43445,"href":"https:\/\/www.mpal.mp.br\/index.php?rest_route=\/wp\/v2\/posts\/43214\/revisions\/43445"}],"wp:featuredmedia":[{"embeddable":true,"href":"https:\/\/www.mpal.mp.br\/index.php?rest_route=\/wp\/v2\/media\/43444"}],"wp:attachment":[{"href":"https:\/\/www.mpal.mp.br\/index.php?rest_route=%2Fwp%2Fv2%2Fmedia&parent=43214"}],"wp:term":[{"taxonomy":"category","embeddable":true,"href":"https:\/\/www.mpal.mp.br\/index.php?rest_route=%2Fwp%2Fv2%2Fcategories&post=43214"},{"taxonomy":"post_tag","embeddable":true,"href":"https:\/\/www.mpal.mp.br\/index.php?rest_route=%2Fwp%2Fv2%2Ftags&post=43214"}],"curies":[{"name":"wp","href":"https:\/\/api.w.org\/{rel}","templated":true}]}}