{"id":4314,"date":"2022-01-06T09:42:14","date_gmt":"2022-01-06T12:42:14","guid":{"rendered":"https:\/\/www.mpal.mp.br\/?p=4314"},"modified":"2022-04-19T09:42:35","modified_gmt":"2022-04-19T12:42:35","slug":"ministerio-publico-de-alagoas-empossa-cinco-novos-promotores-de-justica","status":"publish","type":"post","link":"https:\/\/www.mpal.mp.br\/?p=4314","title":{"rendered":"Minist\u00e9rio P\u00fablico de Alagoas empossa cinco novos promotores de Justi\u00e7a"},"content":{"rendered":"<div class=\"fusion-fullwidth fullwidth-box fusion-builder-row-1 nonhundred-percent-fullwidth non-hundred-percent-height-scrolling\"  style='background-color: #ffffff;background-position: center center;background-repeat: no-repeat;padding-top:0px;padding-right:0px;padding-bottom:0px;padding-left:0px;'><div class=\"fusion-builder-row fusion-row \"><div  class=\"fusion-layout-column fusion_builder_column fusion_builder_column_1_1 fusion-builder-column-1 fusion-one-full fusion-column-first fusion-column-last 1_1\"  style='margin-top:0px;margin-bottom:20px;'>\n\t\t\t\t\t<div class=\"fusion-column-wrapper\" style=\"padding: 0px 0px 0px 0px;background-position:left top;background-repeat:no-repeat;-webkit-background-size:cover;-moz-background-size:cover;-o-background-size:cover;background-size:cover;\"   data-bg-url=\"\">\n\t\t\t\t\t\t<div class=\"fusion-text\"><p style=\"text-align: justify;\" align=\"justify\" data-raofz=\"14\"><span style=\"font-size: 14pt;\" data-raofz=\"13\">\u201cPrometo bem cumprir as fun\u00e7\u00f5es do cargo de promotor de justi\u00e7a titular, servindo honestamente ao Minist\u00e9rio P\u00fablico do Estado de Alagoas, observando lealmente a Constitui\u00e7\u00e3o da Rep\u00fablica e as leis em vigor\u201d. Foi sob esse juramento que os cinco novos promotores de Justi\u00e7a tomaram posse em seus cargos, nesta quinta-feira (6), numa solenidade que ocorreu no pr\u00e9dio-sede do Minist\u00e9rio P\u00fablico do Estado de Alagoas (MPAL). Os rec\u00e9m-empossados ter\u00e3o assento em promotorias espalhadas por todas as regi\u00f5es do estado.<\/span><\/p>\n<p style=\"text-align: justify;\" data-raofz=\"14\"><span style=\"font-size: 14pt;\" data-raofz=\"13\">Foi o Col\u00e9gio de Procuradores de Justi\u00e7a que deu posse aos novos promotores que, a partir de agora, v\u00e3o trabalhar em cinco cidades alagoanas. Por ordem de classifica\u00e7\u00e3o, foram empossados Frederico Alves Monteiro Pereira, Andrea de Andrade Teixeira, Gustavo Arns da Silva Vasconcelos, Jo\u00e3o de S\u00e1 Bomfim Filho e Izelman In\u00e1cio da Silva. Eles v\u00e3o assumir, respectivamente, as Promotorias de Justi\u00e7a de Cajueiro, Maribondo, Matriz do Camaragibe, Maravilha e Anadia.<\/span><\/p>\n<p style=\"text-align: justify;\" data-raofz=\"14\"><span style=\"font-size: 14pt;\" data-raofz=\"13\">Todos eles receberam as boas-vindas do procurador-geral de Justi\u00e7a em exerc\u00edcio, Valter Acioly, que chamou aten\u00e7\u00e3o para o fato de que, com a chegada desses novos membros, o Minist\u00e9rio P\u00fablico de Alagoas alcan\u00e7a o n\u00famero de 165 promotores de Justi\u00e7a em atua\u00e7\u00e3o em todo o estado. \u201cEstamos muito felizes em participar deste momento e temos certeza que a chegada de cada um dos novos membros trar\u00e1 resultados extraordin\u00e1rios para a popula\u00e7\u00e3o, uma vez que eles agir\u00e3o com dedica\u00e7\u00e3o na miss\u00e3o de serem agentes de transforma\u00e7\u00e3o social. Sintam-se integrantes dessa fam\u00edlia que \u00e9 o MP de Alagoas. E que tenham muito sucesso nessa jornada que ora come\u00e7a, sempre no caminho da promo\u00e7\u00e3o da justi\u00e7a por onde passarem\u201d, declarou ele.<\/span><\/p>\n<p style=\"text-align: justify;\" data-raofz=\"14\"><span style=\"font-size: 14pt;\" data-raofz=\"13\"><b>A recep\u00e7\u00e3o do Col\u00e9gio e da Ampal aos novos membros<br \/>\n<\/b><\/span><br \/>\n<span style=\"font-size: 14pt;\" data-raofz=\"13\">O subprocurador-geral judicial, S\u00e9rgio Juc\u00e1, tamb\u00e9m recepcionou os novos membros. \u201cO 6 de janeiro de 2022 ser\u00e1, tanto para voc\u00eas quanto para n\u00f3s, um dia inesquec\u00edvel, que jamais se apartar\u00e1 da hist\u00f3ria do Minist\u00e9rio P\u00fablico alagoano. Foi uma verdadeira odisseia, ao longo desses \u00faltimos anos, prover novos cargos de promotor em face de um or\u00e7amento t\u00e3o apertado, por isso, esta data \u00e9 para celebrarmos com muito entusiasmo. Encerro minha fala dizendo que ser promotor de Justi\u00e7a \u00e9 uma miss\u00e3o que nos enobrece e, especialmente por este motivo, desejo que se juntem a n\u00f3s com o objetivo de perseguir a distribui\u00e7\u00e3o da justi\u00e7a em Alagoas\u201d, afirmou.<\/span><\/p>\n<p style=\"text-align: justify;\" data-raofz=\"14\"><span style=\"font-size: 14pt;\" data-raofz=\"13\">O ouvidor do MPAL, Lean Ara\u00fajo, tamb\u00e9m fez uso da palavra. \u201cVoc\u00eas chegam a Alagoas na fase em que o nosso Minist\u00e9rio P\u00fablico, devido ao comprometimento das suas gest\u00f5es sucessivas, ocupa o patamar de institui\u00e7\u00e3o com maior transpar\u00eancia e responsabilidade fiscal. Estamos dano exemplo de como administrar com sucesso e efici\u00eancia, e a posse de cada um aqui \u00e9 uma prova concreta disso. Que todos possam trabalhar para melhorar a realidade de Alagoas em todas as \u00e1reas, a exemplo de sa\u00fade, educa\u00e7\u00e3o e meio ambiente\u201d, explicou o procurador.<\/span><\/p>\n<p style=\"text-align: justify;\" data-raofz=\"14\"><span style=\"font-size: 14pt;\" data-raofz=\"13\">O sub corregedor-geral do Minist\u00e9rio P\u00fablico, Maur\u00edcio Pitta, representando o corregedor-geral, Walber\u00a0 Valente Lima, tamb\u00e9m se pronunciou, brevemente, dando as boas-vindas e finalizando: \u201cobrigado por se juntarem a n\u00f3s\u201d.\u00a0<\/span><\/p>\n<p style=\"text-align: justify;\" data-raofz=\"14\"><span style=\"font-size: 14pt;\" data-raofz=\"13\">E a Associa\u00e7\u00e3o do Minist\u00e9rio P\u00fablico de Alagas (Ampal) tamb\u00e9m prestigiou a posse dos novos membros. \u201cA Ampal os recebe de bra\u00e7os abertos e deseja a cada um o m\u00e1ximo sucesso\u201d, afirmou Roberto Salom\u00e3o, presidente da entidade.<\/span><\/p>\n<p style=\"text-align: justify;\" data-raofz=\"14\"><span style=\"font-size: 14pt;\" data-raofz=\"13\"><b>Quem s\u00e3o os novos membros<\/b><\/span><\/p>\n<p style=\"text-align: justify;\" align=\"justify\" data-raofz=\"14\"><span style=\"font-size: 14pt;\" data-raofz=\"13\">E os novos promotores foram representados por Frederico Alves Monteiro Pereiras. \u201cTemos total ci\u00eancia da responsabilidade do cargo. Sabemos o quanto a sociedade espera de uma institui\u00e7\u00e3o como o Minist\u00e9rio P\u00fablico e asseguramos que todos n\u00f3s vamos nos esfor\u00e7ar ao m\u00e1ximo para elevar cada vez mais o nome da institui\u00e7\u00e3o\u201d, garantiu o novo titular da Promotoria de Justi\u00e7a de Cajueiro.<\/span><\/p>\n<p style=\"text-align: justify;\" align=\"justify\" data-raofz=\"14\"><span style=\"font-size: 14pt;\" data-raofz=\"13\">Frederico Alves Monteiro Pereira, natural de Montes Claros, em Minas Gerais, \u00e9 advogado graduado pela Faculdade de Direito M\u00edlton Campos (MG) e mestrando em Direito pelo Centro Universit\u00e1rio UniFG (BA). Tamb\u00e9m \u00e9 p\u00f3s-graduado em Direito Civil e Processual Civil pelo Centro Universit\u00e1rio de Araras\/SP e em Direito Notarial e Registral pelo Instituto Dam\u00e1sio de Direito de S\u00e3o Paulo\/SP. Antes de assumir o cargo de promotor, era tabeli\u00e3o do Of\u00edcio do 2\u00ba Tabelionato de Notas da Comarca de Manga, em Minas Gerais.<\/span><\/p>\n<p style=\"text-align: justify;\" align=\"justify\" data-raofz=\"14\"><span style=\"font-size: 14pt;\" data-raofz=\"13\">Andrea de Andrade Teixeira \u00e9 carioca e se formou na Universidade Federal do Rio de Janeiro (UFRJ), tendo p\u00f3s-gradua\u00e7\u00e3o em Direito Processual Civil e Constitucional pela Universidade de Anhanguera (Uniderp). Ela j\u00e1 foi oficial de Justi\u00e7a do Tribunal de Justi\u00e7a do Rio de Janeiro, advogada da Caixa Econ\u00f4mica Federal e, antes de passar a integrar a carreira do MPAL, era analista Judici\u00e1ria do Tribunal Regional do Trabalho do Rio Grande do Norte.<\/span><\/p>\n<p style=\"text-align: justify;\" align=\"justify\" data-raofz=\"14\"><span style=\"font-size: 14pt;\" data-raofz=\"13\">Gustavo Arns da Silva Vasconcelos \u00e9 alagoano formado pela Universidade Federal de Alagoas. Exerceu a carreira de advogado at\u00e9 2013, tendo sido tamb\u00e9m servidor federal, passando, a partir da\u00ed, a ocupar o cargo de assessor de juiz federal em Alagoas, nas 7\u00aa e 11\u00aa Varas.<\/span><\/p>\n<p style=\"text-align: justify;\" align=\"justify\" data-raofz=\"14\"><span style=\"font-size: 14pt;\" data-raofz=\"13\">Jo\u00e3o de S\u00e1 Bomfim Filho tamb\u00e9m \u00e9 alagoano e sua forma\u00e7\u00e3o superior se deu na Faculdade de Direito do Cesmac. Ele \u00e9 p\u00f3s-graduado em Direito Penal e Processo Penal pela Faculdade Dam\u00e1sio. Entre os anos de 2010 e 2012 foi assessor de juiz estadual no Tribunal de Justi\u00e7a de Alagoas e, desde 2012, tornou-se analista jur\u00eddico do Minist\u00e9rio P\u00fablico de Alagoas, onde assessorou promotorias de Justi\u00e7a, a chefia de gabinete e, por \u00faltimo, a 9\u00aa Procuradoria de Justi\u00e7a C\u00edvel.\u00a0<\/span><\/p>\n<p style=\"text-align: justify;\" align=\"justify\" data-raofz=\"14\"><span style=\"font-size: 14pt;\" data-raofz=\"13\">Izelman In\u00e1cio da Silva \u00e9 mato-grossense de Ponte Branca e fez sua gradua\u00e7\u00e3o no Centro Universit\u00e1rio do Distrito Federal (UDF). J\u00e1 foi integrante da Pol\u00edcia Militar do Distrito Federal entre os anos de 1999 e 2006 e, em seguida, tornou-se policial civil, tamb\u00e9m do Distrito Federal. L\u00e1, passou seis anos na investiga\u00e7\u00e3o criminal e mais 10 anos em atividades administrativas na Divis\u00e3o de Recursos Materiais (DRM), atuando na \u00e1rea de licita\u00e7\u00f5es e contratos, dos quais foram dois anos na instru\u00e7\u00e3o de processo de compras, tr\u00eas anos como chefe da se\u00e7\u00e3o de aquisi\u00e7\u00f5es, mais dois anos como diretor adjunto e outros tr\u00eas anos como diretor.<\/span><\/p>\n<\/div><style type=\"text\/css\">.fusion-gallery-1 .fusion-gallery-image {border:5px solid #f6f6f6;-webkit-border-radius:5px;-moz-border-radius:5px;border-radius:5px;}<\/style><div class=\"fusion-gallery fusion-gallery-container fusion-grid-3 fusion-columns-total-0 fusion-gallery-layout-grid fusion-gallery-1\" style=\"margin:-5px;\"><div style=\"padding:5px;\" class=\"fusion-grid-column fusion-gallery-column fusion-gallery-column-3 hover-type-none\"><div class=\"fusion-gallery-image\"><a href=\"https:\/\/www.mpal.mp.br\/wp-content\/uploads\/2022\/04\/Posse-dos-novos-promotores-06.01-1-1024x576-1.jpeg\" rel=\"noreferrer\" data-rel=\"iLightbox[gallery_image_1]\" class=\"fusion-lightbox\" target=\"_self\"><img loading=\"lazy\" decoding=\"async\" src=\"https:\/\/www.mpal.mp.br\/wp-content\/uploads\/2022\/04\/Posse-dos-novos-promotores-06.01-1-1024x576-1.jpeg\" width=\"1024\" height=\"576\" alt=\"\" title=\"Posse-dos-novos-promotores-06.01-1-1024&#215;576\" aria-label=\"Posse-dos-novos-promotores-06.01-1-1024&#215;576\" class=\"img-responsive wp-image-4316\" \/><\/a><\/div><\/div><div style=\"padding:5px;\" class=\"fusion-grid-column fusion-gallery-column fusion-gallery-column-3 hover-type-none\"><div class=\"fusion-gallery-image\"><a href=\"https:\/\/www.mpal.mp.br\/wp-content\/uploads\/2022\/04\/Posse-dos-novos-promotores-06.01-2-1024x576-1.jpeg\" rel=\"noreferrer\" data-rel=\"iLightbox[gallery_image_1]\" class=\"fusion-lightbox\" target=\"_self\"><img loading=\"lazy\" decoding=\"async\" src=\"https:\/\/www.mpal.mp.br\/wp-content\/uploads\/2022\/04\/Posse-dos-novos-promotores-06.01-2-1024x576-1.jpeg\" width=\"1024\" height=\"576\" alt=\"\" title=\"Posse-dos-novos-promotores-06.01-2-1024&#215;576\" aria-label=\"Posse-dos-novos-promotores-06.01-2-1024&#215;576\" class=\"img-responsive wp-image-4317\" \/><\/a><\/div><\/div><div style=\"padding:5px;\" class=\"fusion-grid-column fusion-gallery-column fusion-gallery-column-3 hover-type-none\"><div class=\"fusion-gallery-image\"><a href=\"https:\/\/www.mpal.mp.br\/wp-content\/uploads\/2022\/04\/Posse-dos-novos-promotores-06.01-8-1024x576-1.jpeg\" rel=\"noreferrer\" data-rel=\"iLightbox[gallery_image_1]\" class=\"fusion-lightbox\" target=\"_self\"><img loading=\"lazy\" decoding=\"async\" src=\"https:\/\/www.mpal.mp.br\/wp-content\/uploads\/2022\/04\/Posse-dos-novos-promotores-06.01-8-1024x576-1.jpeg\" width=\"1024\" height=\"576\" alt=\"\" title=\"Posse-dos-novos-promotores-06.01-8-1024&#215;576\" aria-label=\"Posse-dos-novos-promotores-06.01-8-1024&#215;576\" class=\"img-responsive wp-image-4318\" \/><\/a><\/div><\/div><div class=\"clearfix\"><\/div><div style=\"padding:5px;\" class=\"fusion-grid-column fusion-gallery-column fusion-gallery-column-3 hover-type-none\"><div class=\"fusion-gallery-image\"><a href=\"https:\/\/www.mpal.mp.br\/wp-content\/uploads\/2022\/04\/Posse-dos-novos-promotores-06.01-10-1024x576-1.jpeg\" rel=\"noreferrer\" data-rel=\"iLightbox[gallery_image_1]\" class=\"fusion-lightbox\" target=\"_self\"><img loading=\"lazy\" decoding=\"async\" src=\"https:\/\/www.mpal.mp.br\/wp-content\/uploads\/2022\/04\/Posse-dos-novos-promotores-06.01-10-1024x576-1.jpeg\" width=\"1024\" height=\"576\" alt=\"\" title=\"Posse-dos-novos-promotores-06.01-10-1024&#215;576\" aria-label=\"Posse-dos-novos-promotores-06.01-10-1024&#215;576\" class=\"img-responsive wp-image-4319\" \/><\/a><\/div><\/div><div style=\"padding:5px;\" class=\"fusion-grid-column fusion-gallery-column fusion-gallery-column-3 hover-type-none\"><div class=\"fusion-gallery-image\"><a href=\"https:\/\/www.mpal.mp.br\/wp-content\/uploads\/2022\/04\/Posse-dos-novos-promotores-06.01-11-1024x576-1.jpeg\" rel=\"noreferrer\" data-rel=\"iLightbox[gallery_image_1]\" class=\"fusion-lightbox\" target=\"_self\"><img loading=\"lazy\" decoding=\"async\" src=\"https:\/\/www.mpal.mp.br\/wp-content\/uploads\/2022\/04\/Posse-dos-novos-promotores-06.01-11-1024x576-1.jpeg\" width=\"1024\" height=\"576\" alt=\"\" title=\"Posse-dos-novos-promotores-06.01-11-1024&#215;576\" aria-label=\"Posse-dos-novos-promotores-06.01-11-1024&#215;576\" class=\"img-responsive wp-image-4320\" \/><\/a><\/div><\/div><div style=\"padding:5px;\" class=\"fusion-grid-column fusion-gallery-column fusion-gallery-column-3 hover-type-none\"><div class=\"fusion-gallery-image\"><a href=\"https:\/\/www.mpal.mp.br\/wp-content\/uploads\/2022\/04\/Posse-dos-novos-promotores-06.01-12-1024x576-1.jpeg\" rel=\"noreferrer\" data-rel=\"iLightbox[gallery_image_1]\" class=\"fusion-lightbox\" target=\"_self\"><img loading=\"lazy\" decoding=\"async\" src=\"https:\/\/www.mpal.mp.br\/wp-content\/uploads\/2022\/04\/Posse-dos-novos-promotores-06.01-12-1024x576-1.jpeg\" width=\"1024\" height=\"576\" alt=\"\" title=\"Posse-dos-novos-promotores-06.01-12-1024&#215;576\" aria-label=\"Posse-dos-novos-promotores-06.01-12-1024&#215;576\" class=\"img-responsive wp-image-4321\" \/><\/a><\/div><\/div><div class=\"clearfix\"><\/div><div style=\"padding:5px;\" class=\"fusion-grid-column fusion-gallery-column fusion-gallery-column-3 hover-type-none\"><div class=\"fusion-gallery-image\"><a href=\"https:\/\/www.mpal.mp.br\/wp-content\/uploads\/2022\/04\/Posse-dos-novos-promotores-06.01-13-1024x576-1.jpeg\" rel=\"noreferrer\" data-rel=\"iLightbox[gallery_image_1]\" class=\"fusion-lightbox\" target=\"_self\"><img loading=\"lazy\" decoding=\"async\" src=\"https:\/\/www.mpal.mp.br\/wp-content\/uploads\/2022\/04\/Posse-dos-novos-promotores-06.01-13-1024x576-1.jpeg\" width=\"1024\" height=\"576\" alt=\"\" title=\"Posse-dos-novos-promotores-06.01-13-1024&#215;576\" aria-label=\"Posse-dos-novos-promotores-06.01-13-1024&#215;576\" class=\"img-responsive wp-image-4322\" \/><\/a><\/div><\/div><div style=\"padding:5px;\" class=\"fusion-grid-column fusion-gallery-column fusion-gallery-column-3 hover-type-none\"><div class=\"fusion-gallery-image\"><a href=\"https:\/\/www.mpal.mp.br\/wp-content\/uploads\/2022\/04\/Posse-dos-novos-promotores-06.01-18-1024x576-1.jpeg\" rel=\"noreferrer\" data-rel=\"iLightbox[gallery_image_1]\" class=\"fusion-lightbox\" target=\"_self\"><img loading=\"lazy\" decoding=\"async\" src=\"https:\/\/www.mpal.mp.br\/wp-content\/uploads\/2022\/04\/Posse-dos-novos-promotores-06.01-18-1024x576-1.jpeg\" width=\"1024\" height=\"576\" alt=\"\" title=\"Posse-dos-novos-promotores-06.01-18-1024&#215;576\" aria-label=\"Posse-dos-novos-promotores-06.01-18-1024&#215;576\" class=\"img-responsive wp-image-4323\" \/><\/a><\/div><\/div><div style=\"padding:5px;\" class=\"fusion-grid-column fusion-gallery-column fusion-gallery-column-3 hover-type-none\"><div class=\"fusion-gallery-image\"><a href=\"https:\/\/www.mpal.mp.br\/wp-content\/uploads\/2022\/04\/Posse-dos-novos-promotores-06.01-19-1024x576-1.jpeg\" rel=\"noreferrer\" data-rel=\"iLightbox[gallery_image_1]\" class=\"fusion-lightbox\" target=\"_self\"><img loading=\"lazy\" decoding=\"async\" src=\"https:\/\/www.mpal.mp.br\/wp-content\/uploads\/2022\/04\/Posse-dos-novos-promotores-06.01-19-1024x576-1.jpeg\" width=\"1024\" height=\"576\" alt=\"\" title=\"Posse-dos-novos-promotores-06.01-19-1024&#215;576\" aria-label=\"Posse-dos-novos-promotores-06.01-19-1024&#215;576\" class=\"img-responsive wp-image-4324\" \/><\/a><\/div><\/div><div class=\"clearfix\"><\/div><\/div><div class=\"fusion-clearfix\"><\/div>\n\n\t\t\t\t\t<\/div>\n\t\t\t\t<\/div><\/div><\/div>\n","protected":false},"excerpt":{"rendered":"","protected":false},"author":2,"featured_media":4315,"comment_status":"open","ping_status":"open","sticky":false,"template":"","format":"standard","meta":{"om_disable_all_campaigns":false,"_monsterinsights_skip_tracking":false,"_monsterinsights_sitenote_active":false,"_monsterinsights_sitenote_note":"","_monsterinsights_sitenote_category":0,"_uf_show_specific_survey":0,"_uf_disable_surveys":false,"footnotes":""},"categories":[18],"tags":[],"class_list":["post-4314","post","type-post","status-publish","format-standard","has-post-thumbnail","hentry","category-not_concursos"],"aioseo_notices":[],"_links":{"self":[{"href":"https:\/\/www.mpal.mp.br\/index.php?rest_route=\/wp\/v2\/posts\/4314","targetHints":{"allow":["GET"]}}],"collection":[{"href":"https:\/\/www.mpal.mp.br\/index.php?rest_route=\/wp\/v2\/posts"}],"about":[{"href":"https:\/\/www.mpal.mp.br\/index.php?rest_route=\/wp\/v2\/types\/post"}],"author":[{"embeddable":true,"href":"https:\/\/www.mpal.mp.br\/index.php?rest_route=\/wp\/v2\/users\/2"}],"replies":[{"embeddable":true,"href":"https:\/\/www.mpal.mp.br\/index.php?rest_route=%2Fwp%2Fv2%2Fcomments&post=4314"}],"version-history":[{"count":2,"href":"https:\/\/www.mpal.mp.br\/index.php?rest_route=\/wp\/v2\/posts\/4314\/revisions"}],"predecessor-version":[{"id":4326,"href":"https:\/\/www.mpal.mp.br\/index.php?rest_route=\/wp\/v2\/posts\/4314\/revisions\/4326"}],"wp:featuredmedia":[{"embeddable":true,"href":"https:\/\/www.mpal.mp.br\/index.php?rest_route=\/wp\/v2\/media\/4315"}],"wp:attachment":[{"href":"https:\/\/www.mpal.mp.br\/index.php?rest_route=%2Fwp%2Fv2%2Fmedia&parent=4314"}],"wp:term":[{"taxonomy":"category","embeddable":true,"href":"https:\/\/www.mpal.mp.br\/index.php?rest_route=%2Fwp%2Fv2%2Fcategories&post=4314"},{"taxonomy":"post_tag","embeddable":true,"href":"https:\/\/www.mpal.mp.br\/index.php?rest_route=%2Fwp%2Fv2%2Ftags&post=4314"}],"curies":[{"name":"wp","href":"https:\/\/api.w.org\/{rel}","templated":true}]}}