{"id":4311,"date":"2022-01-06T09:38:13","date_gmt":"2022-01-06T12:38:13","guid":{"rendered":"https:\/\/www.mpal.mp.br\/?p=4311"},"modified":"2022-04-19T09:39:26","modified_gmt":"2022-04-19T12:39:26","slug":"ministerio-publico-adota-providencias-para-acompanhar-aprovacoes-da-camara-de-maceio","status":"publish","type":"post","link":"https:\/\/www.mpal.mp.br\/?p=4311","title":{"rendered":"Minist\u00e9rio P\u00fablico adota provid\u00eancias para acompanhar aprova\u00e7\u00f5es da C\u00e2mara de Macei\u00f3"},"content":{"rendered":"<div class=\"fusion-fullwidth fullwidth-box fusion-builder-row-1 nonhundred-percent-fullwidth non-hundred-percent-height-scrolling\"  style='background-color: #ffffff;background-position: center center;background-repeat: no-repeat;padding-top:0px;padding-right:0px;padding-bottom:0px;padding-left:0px;'><div class=\"fusion-builder-row fusion-row \"><div  class=\"fusion-layout-column fusion_builder_column fusion_builder_column_1_1 fusion-builder-column-1 fusion-one-full fusion-column-first fusion-column-last 1_1\"  style='margin-top:0px;margin-bottom:20px;'>\n\t\t\t\t\t<div class=\"fusion-column-wrapper\" style=\"padding: 0px 0px 0px 0px;background-position:left top;background-repeat:no-repeat;-webkit-background-size:cover;-moz-background-size:cover;-o-background-size:cover;background-size:cover;\"   data-bg-url=\"\">\n\t\t\t\t\t\t<div class=\"fusion-text\"><p style=\"text-align: justify;\" align=\"justify\" data-raofz=\"14\"><span style=\"font-size: 14pt;\">O Minist\u00e9rio P\u00fablico do Estado de Alagoas (MPAL), por meio da 15\u00aa Promotoria de Justi\u00e7a (da Fazenda P\u00fablica Municipal) j\u00e1 tem o procedimento administrativo n\u00ba 1116-0 instaurado para acompanhar as quest\u00f5es relacionadas \u00e0 Verba Indenizat\u00f3ria de Apoio Parlamentar (Viap) e tamb\u00e9m o cumprimento da Lei de Responsabilidade Fiscal (LRF).<\/span><\/p>\n<p style=\"text-align: justify;\" align=\"justify\" data-raofz=\"14\"><span style=\"font-size: 14pt;\">De acordo com a promotora de Justi\u00e7a, Fernanda Maria Moreira, o aumento da verba se deu no bojo do projeto de lei que trata de modifica\u00e7\u00f5es na Viap sugeridas pelo \u00f3rg\u00e3o ministerial, atrav\u00e9s de recomenda\u00e7\u00e3o.<\/span><\/p>\n<p style=\"text-align: justify;\" align=\"justify\" data-raofz=\"14\"><span style=\"font-size: 14pt;\">\u201cO percentual do aumento e sua compatibilidade com as quest\u00f5es or\u00e7ament\u00e1rias est\u00e3o sendo acompanhados pelas 15\u00aa e 16\u00aa promotorias, que encaminharam of\u00edcio ao presidente da C\u00e2mara de Vereadores de Macei\u00f3 requisitando o cumprimento dos requisitos da Lei de Responsabilidade Fiscal\u201d, diz a promotora Fernanda Moreira.<\/span><\/p>\n<p style=\"text-align: justify;\" align=\"justify\" data-raofz=\"14\"><span style=\"font-size: 14pt;\">J\u00e1 com rela\u00e7\u00e3o ao 13\u00ba sal\u00e1rio e ao aumento do n\u00famero de cargos da Mesa Diretora, as 15\u00aa e 16\u00aa Promotorias de Justi\u00e7a instauraram uma not\u00edcia de fato para avaliar a legalidade.<\/span><\/p>\n<p style=\"text-align: justify;\" align=\"justify\" data-raofz=\"14\"><span style=\"font-size: 14pt;\">O Minist\u00e9rio P\u00fablico tem sido acionado porque, no dia 31 de dezembro e 2021, o plen\u00e1rio aprovou o 13\u00ba sal\u00e1rio para os vereadores, aumento da verba de gabinete para o pagamento dos funcion\u00e1rios, bem como aprovou o aumento de n\u00famero de cargos ligados \u00e0 Mesa Diretora. Al\u00e9m disso, houve reajuste da Verba Indenizat\u00f3ria Parlamentar (Viap).<\/span><\/p>\n<\/div><div class=\"fusion-clearfix\"><\/div>\n\n\t\t\t\t\t<\/div>\n\t\t\t\t<\/div><\/div><\/div>\n","protected":false},"excerpt":{"rendered":"","protected":false},"author":2,"featured_media":4016,"comment_status":"open","ping_status":"open","sticky":false,"template":"","format":"standard","meta":{"om_disable_all_campaigns":false,"_monsterinsights_skip_tracking":false,"_monsterinsights_sitenote_active":false,"_monsterinsights_sitenote_note":"","_monsterinsights_sitenote_category":0,"_uf_show_specific_survey":0,"_uf_disable_surveys":false,"footnotes":""},"categories":[2],"tags":[],"class_list":["post-4311","post","type-post","status-publish","format-standard","has-post-thumbnail","hentry","category-not_mpal"],"aioseo_notices":[],"_links":{"self":[{"href":"https:\/\/www.mpal.mp.br\/index.php?rest_route=\/wp\/v2\/posts\/4311","targetHints":{"allow":["GET"]}}],"collection":[{"href":"https:\/\/www.mpal.mp.br\/index.php?rest_route=\/wp\/v2\/posts"}],"about":[{"href":"https:\/\/www.mpal.mp.br\/index.php?rest_route=\/wp\/v2\/types\/post"}],"author":[{"embeddable":true,"href":"https:\/\/www.mpal.mp.br\/index.php?rest_route=\/wp\/v2\/users\/2"}],"replies":[{"embeddable":true,"href":"https:\/\/www.mpal.mp.br\/index.php?rest_route=%2Fwp%2Fv2%2Fcomments&post=4311"}],"version-history":[{"count":2,"href":"https:\/\/www.mpal.mp.br\/index.php?rest_route=\/wp\/v2\/posts\/4311\/revisions"}],"predecessor-version":[{"id":4313,"href":"https:\/\/www.mpal.mp.br\/index.php?rest_route=\/wp\/v2\/posts\/4311\/revisions\/4313"}],"wp:featuredmedia":[{"embeddable":true,"href":"https:\/\/www.mpal.mp.br\/index.php?rest_route=\/wp\/v2\/media\/4016"}],"wp:attachment":[{"href":"https:\/\/www.mpal.mp.br\/index.php?rest_route=%2Fwp%2Fv2%2Fmedia&parent=4311"}],"wp:term":[{"taxonomy":"category","embeddable":true,"href":"https:\/\/www.mpal.mp.br\/index.php?rest_route=%2Fwp%2Fv2%2Fcategories&post=4311"},{"taxonomy":"post_tag","embeddable":true,"href":"https:\/\/www.mpal.mp.br\/index.php?rest_route=%2Fwp%2Fv2%2Ftags&post=4311"}],"curies":[{"name":"wp","href":"https:\/\/api.w.org\/{rel}","templated":true}]}}