{"id":4277,"date":"2022-01-10T09:24:51","date_gmt":"2022-01-10T12:24:51","guid":{"rendered":"https:\/\/www.mpal.mp.br\/?p=4277"},"modified":"2022-04-19T09:26:07","modified_gmt":"2022-04-19T12:26:07","slug":"pgj-marcio-roberto-tenorio-reassume-comando-do-mpal-nesta-segunda-feira-10","status":"publish","type":"post","link":"https:\/\/www.mpal.mp.br\/?p=4277","title":{"rendered":"PGJ M\u00e1rcio Roberto Ten\u00f3rio reassume comando do MPAL nesta segunda-feira (10)"},"content":{"rendered":"<div class=\"fusion-fullwidth fullwidth-box fusion-builder-row-1 nonhundred-percent-fullwidth non-hundred-percent-height-scrolling\"  style='background-color: #ffffff;background-position: center center;background-repeat: no-repeat;padding-top:0px;padding-right:0px;padding-bottom:0px;padding-left:0px;'><div class=\"fusion-builder-row fusion-row \"><div  class=\"fusion-layout-column fusion_builder_column fusion_builder_column_1_1 fusion-builder-column-1 fusion-one-full fusion-column-first fusion-column-last 1_1\"  style='margin-top:0px;margin-bottom:20px;'>\n\t\t\t\t\t<div class=\"fusion-column-wrapper\" style=\"padding: 0px 0px 0px 0px;background-position:left top;background-repeat:no-repeat;-webkit-background-size:cover;-moz-background-size:cover;-o-background-size:cover;background-size:cover;\"   data-bg-url=\"\">\n\t\t\t\t\t\t<div class=\"fusion-text\"><p style=\"text-align: justify;\" align=\"justify\" data-raofz=\"14\"><span style=\"font-size: 14pt;\" data-raofz=\"13\">O procurador-geral de Justi\u00e7a, M\u00e1rcio Roberto Ten\u00f3rio de Albuquerque, reassumiu, nesta segunda-feira (10), o comando do Minist\u00e9rio P\u00fablico do Estado de Alagoas (MPAL). Ele estava afastado, desde dezembro \u00faltimo, em raz\u00e3o do processo eleitoral para a escolha do novo chefe da institui\u00e7\u00e3o. Na \u00faltima sexta-feira (7), ele foi reconduzido ao cargo, com 125 votos.<\/span><\/p>\n<p style=\"text-align: justify;\" align=\"justify\" data-raofz=\"14\"><span style=\"font-size: 14pt;\" data-raofz=\"13\">O retorno aos trabalhos de M\u00e1rcio Roberto Ten\u00f3rio de Albuquerque j\u00e1 come\u00e7ou com agenda intensa. No in\u00edcio da manh\u00e3 desta segunda-feira, ele se reuniu com o chefe de gabinete e com o assessor especial do MPAL, promotores de Justi\u00e7a Humberto Bulh\u00f5es e Edelzito Andrade, respectivamente, para tratar de assuntos administrativos.<\/span><\/p>\n<p style=\"text-align: justify;\" align=\"justify\" data-raofz=\"14\"><span style=\"font-size: 14pt;\" data-raofz=\"13\">Na sequ\u00eancia, o PGJ participou de uma reuni\u00e3o virtual com a comiss\u00e3o respons\u00e1vel pelo retorno do trabalho presencial e, logo em seguida, com os diretores do \u00f3rg\u00e3o ministerial. Ele seguir\u00e1 executando as a\u00e7\u00f5es do seu primeiro mandato at\u00e9 o final do m\u00eas de abril, quando se encerrar\u00e3o os seus dois primeiros anos de gest\u00e3o. Ap\u00f3s esse per\u00edodo, ser\u00e1 marcada a data da posse para que M\u00e1rcio Roberto assuma o segundo mandato, para o qual foi eleito, na \u00faltima sexta-feira (7), com 125 votos.\u00a0<\/span><\/p>\n<p style=\"text-align: justify;\" align=\"justify\" data-raofz=\"14\"><span style=\"font-size: 14pt;\"><strong>Palmeira e Delmiro Gouveia<\/strong><\/span><\/p>\n<p style=\"text-align: justify;\" align=\"justify\" data-raofz=\"14\"><span style=\"font-size: 14pt;\" data-raofz=\"13\">J\u00e1 nesta ter\u00e7a-feira (11), o procurador-geral de Justi\u00e7a tem viagem marcada para o munic\u00edpio de Palmeira dos \u00cdndios. L\u00e1, ele visitar\u00e1 as obras da futura sede do Minist\u00e9rio P\u00fablico naquela cidade. A previs\u00e3o \u00e9 que o novo pr\u00e9dio seja inaugurado no primeiro semestre deste ano.<\/span><\/p>\n<p style=\"text-align: justify;\" align=\"justify\" data-raofz=\"14\"><span style=\"font-size: 14pt;\" data-raofz=\"13\">E, na quarta-feira (12), M\u00e1rcio Roberto se deslocar\u00e1 at\u00e9 Delmiro Gouveia, onde iniciar\u00e1 tratativas para a constru\u00e7\u00e3o do pr\u00e9dio-sede do MPAL naquela comarca.<\/span><\/p>\n<\/div><div class=\"fusion-clearfix\"><\/div>\n\n\t\t\t\t\t<\/div>\n\t\t\t\t<\/div><\/div><\/div>\n","protected":false},"excerpt":{"rendered":"","protected":false},"author":2,"featured_media":4278,"comment_status":"open","ping_status":"open","sticky":false,"template":"","format":"standard","meta":{"om_disable_all_campaigns":false,"_monsterinsights_skip_tracking":false,"_monsterinsights_sitenote_active":false,"_monsterinsights_sitenote_note":"","_monsterinsights_sitenote_category":0,"_uf_show_specific_survey":0,"_uf_disable_surveys":false,"footnotes":""},"categories":[2],"tags":[],"class_list":["post-4277","post","type-post","status-publish","format-standard","has-post-thumbnail","hentry","category-not_mpal"],"aioseo_notices":[],"_links":{"self":[{"href":"https:\/\/www.mpal.mp.br\/index.php?rest_route=\/wp\/v2\/posts\/4277","targetHints":{"allow":["GET"]}}],"collection":[{"href":"https:\/\/www.mpal.mp.br\/index.php?rest_route=\/wp\/v2\/posts"}],"about":[{"href":"https:\/\/www.mpal.mp.br\/index.php?rest_route=\/wp\/v2\/types\/post"}],"author":[{"embeddable":true,"href":"https:\/\/www.mpal.mp.br\/index.php?rest_route=\/wp\/v2\/users\/2"}],"replies":[{"embeddable":true,"href":"https:\/\/www.mpal.mp.br\/index.php?rest_route=%2Fwp%2Fv2%2Fcomments&post=4277"}],"version-history":[{"count":2,"href":"https:\/\/www.mpal.mp.br\/index.php?rest_route=\/wp\/v2\/posts\/4277\/revisions"}],"predecessor-version":[{"id":4280,"href":"https:\/\/www.mpal.mp.br\/index.php?rest_route=\/wp\/v2\/posts\/4277\/revisions\/4280"}],"wp:featuredmedia":[{"embeddable":true,"href":"https:\/\/www.mpal.mp.br\/index.php?rest_route=\/wp\/v2\/media\/4278"}],"wp:attachment":[{"href":"https:\/\/www.mpal.mp.br\/index.php?rest_route=%2Fwp%2Fv2%2Fmedia&parent=4277"}],"wp:term":[{"taxonomy":"category","embeddable":true,"href":"https:\/\/www.mpal.mp.br\/index.php?rest_route=%2Fwp%2Fv2%2Fcategories&post=4277"},{"taxonomy":"post_tag","embeddable":true,"href":"https:\/\/www.mpal.mp.br\/index.php?rest_route=%2Fwp%2Fv2%2Ftags&post=4277"}],"curies":[{"name":"wp","href":"https:\/\/api.w.org\/{rel}","templated":true}]}}