{"id":4273,"date":"2022-01-10T09:21:16","date_gmt":"2022-01-10T12:21:16","guid":{"rendered":"https:\/\/www.mpal.mp.br\/?p=4273"},"modified":"2022-04-19T09:23:16","modified_gmt":"2022-04-19T12:23:16","slug":"mpe-procurador-geral-de-justica-e-grupo-de-trabalho-definem-forma-de-funcionamento-nas-unidades-da-capital","status":"publish","type":"post","link":"https:\/\/www.mpal.mp.br\/?p=4273","title":{"rendered":"MPE: Procurador-geral de Justi\u00e7a e Grupo de Trabalho definem forma de funcionamento nas unidades da Capital"},"content":{"rendered":"<div class=\"fusion-fullwidth fullwidth-box fusion-builder-row-1 nonhundred-percent-fullwidth non-hundred-percent-height-scrolling\"  style='background-color: #ffffff;background-position: center center;background-repeat: no-repeat;padding-top:0px;padding-right:0px;padding-bottom:0px;padding-left:0px;'><div class=\"fusion-builder-row fusion-row \"><div  class=\"fusion-layout-column fusion_builder_column fusion_builder_column_1_1 fusion-builder-column-1 fusion-one-full fusion-column-first fusion-column-last 1_1\"  style='margin-top:0px;margin-bottom:20px;'>\n\t\t\t\t\t<div class=\"fusion-column-wrapper\" style=\"padding: 0px 0px 0px 0px;background-position:left top;background-repeat:no-repeat;-webkit-background-size:cover;-moz-background-size:cover;-o-background-size:cover;background-size:cover;\"   data-bg-url=\"\">\n\t\t\t\t\t\t<div class=\"fusion-text\"><p style=\"text-align: justify;\" data-raofz=\"14\"><span style=\"font-size: 14pt;\" data-raofz=\"14\">O procurador-geral de Justi\u00e7a (PGJ), M\u00e1rcio Roberto Ten\u00f3rio de Albuquerque, convocou, nesta segunda-feira (10), uma reuni\u00e3o com o Grupo de Trabalho (GT) Institu\u00eddo para Planejamento, Implementa\u00e7\u00e3o, Acompanhamento e Divulga\u00e7\u00e3o das Medidas de Retorno Gradual dos Servi\u00e7os Presencias para discutir estrat\u00e9gias que assegurem a prote\u00e7\u00e3o de membros e servidores diante de novos casos de Covid-19, al\u00e9m de h3n2 e h1n1. As medidas adotadas, at\u00e9 30 de janeiro, foram publicadas em Ato do PGJ e iniciam com redu\u00e7\u00e3o de carga hor\u00e1ria para as ter\u00e7as, quartas e quintas-feiras (presencialmente) e de forma remota nos demais. N\u00e3o haver\u00e1 atendimento direto ao p\u00fablico.<\/span><\/p>\n<p style=\"text-align: justify;\" data-raofz=\"14\"><span style=\"font-size: 14pt;\" data-raofz=\"14\">Para o PGJ, M\u00e1rcio Roberto, \u00e9 preciso usar de sensatez para evitar\u00a0 novos cont\u00e1gios nas estruturas da institui\u00e7\u00e3o.<\/span><\/p>\n<p style=\"text-align: justify;\" data-raofz=\"14\"><span style=\"font-size: 14pt;\" data-raofz=\"14\">\u201cHavia a necessidade de adotarmos tais provid\u00eancias para a seguran\u00e7a e preserva\u00e7\u00e3o da sa\u00fade de todos. Os casos est\u00e3o sendo alastrados em todos os lugares, temos membros e servidores infectados, outros recuperados, e \u00e9 preciso ter cautela. At\u00e9 o fim de janeiro \u00e9 esta a determina\u00e7\u00e3o, depois nos reunimos e reavaliamos\u201d, declara o chefe ministerial<\/span><\/p>\n<p style=\"text-align: justify;\" data-raofz=\"14\"><span style=\"font-size: 14pt;\" data-raofz=\"14\">Em consenso, o GT decidiu tamb\u00e9m que membros e servidores que apresentem qualquer sintoma gripal deve comunicar ao seu chefe imediato, ao Departamento de Recurso Humano, em seguida afastar-se das atividades, sendo o retorno garantido com a apresenta\u00e7\u00e3o de teste negativo.<\/span><\/p>\n<p style=\"text-align: justify;\" data-raofz=\"14\"><span style=\"font-size: 14pt;\" data-raofz=\"14\">Aos diretores, coordenadores e chefes dos setores administrativos ficam incumbidos de fiscalizar a conduta de servidores e estagi\u00e1rios para que sejam cumpridas as medidas sanit\u00e1rias. Os membros e servidores e colaboradores em trabalho remoto ficam obrigados a acessar, diariamente, o e-mail institucional. Al\u00e9m disso, fica restringido o acesso de p\u00fablico externo nas depend\u00eancias das unidades da capital.<\/span><\/p>\n<p style=\"text-align: justify;\" data-raofz=\"14\"><span style=\"font-size: 14pt;\" data-raofz=\"14\">Integram o GT, al\u00e9m do procurador-geral de Justi\u00e7a, o subprocurador-geral administrativo institucional, Valter Acioly, o diretor do Centro Integrado de Apoio Operacional \u00e0s Promotorias de Justi\u00e7a CAOP), promotor de Justi\u00e7a Jos\u00e9 Ant\u00f4nio Malta Marques, o diretor-geral do MPAL, Carlos Eduardo \u00c1vila, sendo o grupo9 secretariado pela jornalista Dulce Melo.<\/span><\/p>\n<p style=\"text-align: justify;\" data-raofz=\"14\"><span style=\"font-size: 14pt;\" data-raofz=\"14\">Foto: Anderson Macena<\/span><\/p>\n<\/div><div class=\"fusion-clearfix\"><\/div>\n\n\t\t\t\t\t<\/div>\n\t\t\t\t<\/div><\/div><\/div>\n","protected":false},"excerpt":{"rendered":"","protected":false},"author":2,"featured_media":4274,"comment_status":"open","ping_status":"open","sticky":false,"template":"","format":"standard","meta":{"om_disable_all_campaigns":false,"_monsterinsights_skip_tracking":false,"_monsterinsights_sitenote_active":false,"_monsterinsights_sitenote_note":"","_monsterinsights_sitenote_category":0,"_uf_show_specific_survey":0,"_uf_disable_surveys":false,"footnotes":""},"categories":[2],"tags":[],"class_list":["post-4273","post","type-post","status-publish","format-standard","has-post-thumbnail","hentry","category-not_mpal"],"aioseo_notices":[],"_links":{"self":[{"href":"https:\/\/www.mpal.mp.br\/index.php?rest_route=\/wp\/v2\/posts\/4273","targetHints":{"allow":["GET"]}}],"collection":[{"href":"https:\/\/www.mpal.mp.br\/index.php?rest_route=\/wp\/v2\/posts"}],"about":[{"href":"https:\/\/www.mpal.mp.br\/index.php?rest_route=\/wp\/v2\/types\/post"}],"author":[{"embeddable":true,"href":"https:\/\/www.mpal.mp.br\/index.php?rest_route=\/wp\/v2\/users\/2"}],"replies":[{"embeddable":true,"href":"https:\/\/www.mpal.mp.br\/index.php?rest_route=%2Fwp%2Fv2%2Fcomments&post=4273"}],"version-history":[{"count":2,"href":"https:\/\/www.mpal.mp.br\/index.php?rest_route=\/wp\/v2\/posts\/4273\/revisions"}],"predecessor-version":[{"id":4276,"href":"https:\/\/www.mpal.mp.br\/index.php?rest_route=\/wp\/v2\/posts\/4273\/revisions\/4276"}],"wp:featuredmedia":[{"embeddable":true,"href":"https:\/\/www.mpal.mp.br\/index.php?rest_route=\/wp\/v2\/media\/4274"}],"wp:attachment":[{"href":"https:\/\/www.mpal.mp.br\/index.php?rest_route=%2Fwp%2Fv2%2Fmedia&parent=4273"}],"wp:term":[{"taxonomy":"category","embeddable":true,"href":"https:\/\/www.mpal.mp.br\/index.php?rest_route=%2Fwp%2Fv2%2Fcategories&post=4273"},{"taxonomy":"post_tag","embeddable":true,"href":"https:\/\/www.mpal.mp.br\/index.php?rest_route=%2Fwp%2Fv2%2Ftags&post=4273"}],"curies":[{"name":"wp","href":"https:\/\/api.w.org\/{rel}","templated":true}]}}