{"id":42680,"date":"2024-07-15T12:56:36","date_gmt":"2024-07-15T15:56:36","guid":{"rendered":"https:\/\/www.mpal.mp.br\/?p=42680"},"modified":"2024-07-15T14:49:58","modified_gmt":"2024-07-15T17:49:58","slug":"pgj-lean-araujo-recebe-visita-de-cortesia-do-novo-secretario-da-saude-de-maceio","status":"publish","type":"post","link":"https:\/\/www.mpal.mp.br\/?p=42680","title":{"rendered":"PGJ Lean Ara\u00fajo recebe visita de cortesia do novo secret\u00e1rio da Sa\u00fade de Macei\u00f3"},"content":{"rendered":"<p style=\"text-align: justify;\"><span style=\"font-size: 14pt; font-family: georgia, palatino, serif;\">Nesta segunda-feira (15), o procurador-geral de Justi\u00e7a, Lean Ara\u00fajo, recebeu visita de cortesia do secret\u00e1rio Municipal da Sa\u00fade de Macei\u00f3, Mourinha, que assumiu a pasta na \u00faltima sexta-feira. Na ocasi\u00e3o, o chefe do Minist\u00e9rio P\u00fablico de Alagoas destacou a import\u00e2ncia do di\u00e1logo entre a institui\u00e7\u00e3o e o Executivo municipal.<\/span><\/p>\n<p style=\"text-align: justify;\"><span style=\"font-size: 14pt; font-family: georgia, palatino, serif;\">\u201cEstamos em di\u00e1logo permanente com a gest\u00e3o municipal e com a Secretaria da Sa\u00fade de Macei\u00f3, rela\u00e7\u00e3o marcada pela transpar\u00eancia e pelo compromisso com o bem-estar social. Agradecemos a visita do secret\u00e1rio que veio, cordialmente, se apresentar \u00e0 chefia do Minist\u00e9rio P\u00fablico\u201d, afirmou o PGJ Lean Ara\u00fajo.<\/span><\/p>\n<p style=\"text-align: justify;\"><span style=\"font-size: 14pt; font-family: georgia, palatino, serif;\">Durante sua visita, o secret\u00e1rio da Sa\u00fade elogiou a atua\u00e7\u00e3o do Minist\u00e9rio P\u00fablico de Alagoas, afirmando que a institui\u00e7\u00e3o tem um importante papel quando se fala na garantia dos direitos fundamentais \u00e0 popula\u00e7\u00e3o, a exemplo do acesso \u00e0 sa\u00fade. <\/span><\/p>\n<p><span style=\"font-size: 14pt; font-family: georgia, palatino, serif;\">&#8220;O MP conhece os problemas da popula\u00e7\u00e3o e nos ajuda a encontrar os caminhos. A rela\u00e7\u00e3o entre a Sa\u00fade municipal e o Minist\u00e9rio P\u00fablico n\u00e3o pode ser jamais de embate, mas de di\u00e1logo e de parceria na busca por solu\u00e7\u00f5es que atendam \u00e0 sociedade&#8221;, declarou Mourinha.<\/span><\/p>\n","protected":false},"excerpt":{"rendered":"<p> [&hellip;]<\/p>\n","protected":false},"author":6,"featured_media":42698,"comment_status":"open","ping_status":"open","sticky":false,"template":"","format":"standard","meta":{"om_disable_all_campaigns":false,"_monsterinsights_skip_tracking":false,"_monsterinsights_sitenote_active":false,"_monsterinsights_sitenote_note":"","_monsterinsights_sitenote_category":0,"_uf_show_specific_survey":0,"_uf_disable_surveys":false,"footnotes":""},"categories":[2,49,50],"tags":[],"class_list":["post-42680","post","type-post","status-publish","format-standard","has-post-thumbnail","hentry","category-not_mpal","category-not_pgj","category-not_saude"],"aioseo_notices":[],"_links":{"self":[{"href":"https:\/\/www.mpal.mp.br\/index.php?rest_route=\/wp\/v2\/posts\/42680","targetHints":{"allow":["GET"]}}],"collection":[{"href":"https:\/\/www.mpal.mp.br\/index.php?rest_route=\/wp\/v2\/posts"}],"about":[{"href":"https:\/\/www.mpal.mp.br\/index.php?rest_route=\/wp\/v2\/types\/post"}],"author":[{"embeddable":true,"href":"https:\/\/www.mpal.mp.br\/index.php?rest_route=\/wp\/v2\/users\/6"}],"replies":[{"embeddable":true,"href":"https:\/\/www.mpal.mp.br\/index.php?rest_route=%2Fwp%2Fv2%2Fcomments&post=42680"}],"version-history":[{"count":5,"href":"https:\/\/www.mpal.mp.br\/index.php?rest_route=\/wp\/v2\/posts\/42680\/revisions"}],"predecessor-version":[{"id":42728,"href":"https:\/\/www.mpal.mp.br\/index.php?rest_route=\/wp\/v2\/posts\/42680\/revisions\/42728"}],"wp:featuredmedia":[{"embeddable":true,"href":"https:\/\/www.mpal.mp.br\/index.php?rest_route=\/wp\/v2\/media\/42698"}],"wp:attachment":[{"href":"https:\/\/www.mpal.mp.br\/index.php?rest_route=%2Fwp%2Fv2%2Fmedia&parent=42680"}],"wp:term":[{"taxonomy":"category","embeddable":true,"href":"https:\/\/www.mpal.mp.br\/index.php?rest_route=%2Fwp%2Fv2%2Fcategories&post=42680"},{"taxonomy":"post_tag","embeddable":true,"href":"https:\/\/www.mpal.mp.br\/index.php?rest_route=%2Fwp%2Fv2%2Ftags&post=42680"}],"curies":[{"name":"wp","href":"https:\/\/api.w.org\/{rel}","templated":true}]}}