{"id":4265,"date":"2022-01-11T09:11:04","date_gmt":"2022-01-11T12:11:04","guid":{"rendered":"https:\/\/www.mpal.mp.br\/?p=4265"},"modified":"2022-04-19T09:15:25","modified_gmt":"2022-04-19T12:15:25","slug":"15a-e-16a-promotorias-da-fazenda-publica-municipal-ajuizam-acp-contra-13o-salario-de-vereadores-de-maceio","status":"publish","type":"post","link":"https:\/\/www.mpal.mp.br\/?p=4265","title":{"rendered":"15\u00aa E 16\u00aa Promotorias da Fazenda P\u00fablica Municipal aju\u00edzam ACP contra 13\u00ba sal\u00e1rio de vereadores de Macei\u00f3"},"content":{"rendered":"<div class=\"fusion-fullwidth fullwidth-box fusion-builder-row-1 nonhundred-percent-fullwidth non-hundred-percent-height-scrolling\"  style='background-color: #ffffff;background-position: center center;background-repeat: no-repeat;padding-top:0px;padding-right:0px;padding-bottom:0px;padding-left:0px;'><div class=\"fusion-builder-row fusion-row \"><div  class=\"fusion-layout-column fusion_builder_column fusion_builder_column_1_1 fusion-builder-column-1 fusion-one-full fusion-column-first fusion-column-last 1_1\"  style='margin-top:0px;margin-bottom:20px;'>\n\t\t\t\t\t<div class=\"fusion-column-wrapper\" style=\"padding: 0px 0px 0px 0px;background-position:left top;background-repeat:no-repeat;-webkit-background-size:cover;-moz-background-size:cover;-o-background-size:cover;background-size:cover;\"   data-bg-url=\"\">\n\t\t\t\t\t\t<div class=\"fusion-text\"><p style=\"text-align: justify;\" data-raofz=\"14\"><span style=\"font-size: 14pt;\">O Minist\u00e9rio P\u00fablico do Estado de Alagoas (MPAL) ajuizou, nessa segunda-feira (10), uma a\u00e7\u00e3o civil p\u00fablica (ACP) contra a C\u00e2mara Municipal de Macei\u00f3 para que os vereadores sejam impedidos de receber o 13\u00ba sal\u00e1rio, benef\u00edcio aprovado por eles, na semana passada, numa sess\u00e3o que tamb\u00e9m discutiu outros assuntos pol\u00eamicos. Na peti\u00e7\u00e3o, as 15\u00aa e a 16\u00aa Promotorias de Justi\u00e7a da capital pediram ao Judici\u00e1rio que anule tal pagamento, alegando que a sua cria\u00e7\u00e3o possui v\u00edcios inconstitucionais.<\/span><\/p>\n<p style=\"text-align: justify;\" data-raofz=\"14\"><span style=\"font-size: 14pt;\">Em seus argumentos, os promotores de Justi\u00e7a Fernanda Moreira e Marcus R\u00f4mulo Maia explicaram que a cria\u00e7\u00e3o do 13\u00ba sal\u00e1rio para vereadores apenas pode se dar por meio de lei pr\u00f3pria e n\u00e3o atrav\u00e9s de altera\u00e7\u00e3o no regimento interno, o que constitui uma ilegalidade jur\u00eddica.<\/span><\/p>\n<p style=\"text-align: justify;\" data-raofz=\"14\"><span style=\"font-size: 14pt;\">Na a\u00e7\u00e3o, o MPAL tamb\u00e9m refor\u00e7a que \u201ctal modifica\u00e7\u00e3o, resguardando a autonomia da iniciativa, materializa a possibilidade de aprimoramento do controle dos atos normativos, conciliando-se a separa\u00e7\u00e3o dos poderes e o sistema de freios e contrapesos\u201d.<\/span><\/p>\n<p style=\"text-align: justify;\" data-raofz=\"14\"><span style=\"font-size: 14pt;\"><strong>Princ\u00edpio da anterioridade<\/strong><\/span><\/p>\n<p style=\"text-align: justify;\" data-raofz=\"14\"><span style=\"font-size: 14pt;\">Al\u00e9m disso, a promotora de Justi\u00e7a tamb\u00e9m alegou que qualquer benef\u00edcio pecuni\u00e1rio s\u00f3 pode ser implantado de uma legislatura para outra, jamais ocorrendo a concess\u00e3o para o mesmo mandato: \u201cO subs\u00eddio de vereadores ser\u00e1 fixado pelas C\u00e2maras Municipais em cada legislatura para a subsequente, observado o que disp\u00f5e a Constitui\u00e7\u00e3o e os crit\u00e9rios estabelecidos na respectiva lei org\u00e2nica\u201d, \u00e9 o que diz um trecho da ACP.<\/span><\/p>\n<p style=\"text-align: justify;\" data-raofz=\"14\"><span style=\"font-size: 14pt;\">Segundo Fernanda Moreira, o princ\u00edpio da anterioridade foi institu\u00eddo como uma continuidade dos princ\u00edpios da \u201cisonomia, impessoalidade e moralidade, os quais impedem a atividade legislativa em causa pr\u00f3pria\u201d.<\/span><\/p>\n<p style=\"text-align: justify;\" data-raofz=\"14\"><span style=\"font-size: 14pt;\">Inclusive, a promotora de Justi\u00e7a ressalta que a pr\u00f3pria Lei Org\u00e2nica do Munic\u00edpio de Macei\u00f3, em seu artigo 18, j\u00e1 estabelece esse regramento, prevendo que compete \u00e0 C\u00e2mara Municipal de Macei\u00f3 \u201cfixar, a cada legislatura, para vig\u00eancia durante aquela que a suceder, a remunera\u00e7\u00e3o dos vereadores, prefeito e vice-prefeito\u201d.<\/span><\/p>\n<p style=\"text-align: justify;\" data-raofz=\"14\"><span style=\"font-size: 14pt;\">\u201cO STF reconheceu o direito dos parlamentares ao 13\u00ba sal\u00e1rio, como qualquer trabalhador. Todavia, esse aumento deve ocorrer atrav\u00e9s de lei, para vigorar na legislatura seguinte\u201d. refor\u00e7ou o promotor Marcus R\u00f4mulo.<\/span><\/p>\n<p style=\"text-align: justify;\" data-raofz=\"14\"><span style=\"font-size: 14pt;\"><strong>Os pedidos<\/strong><\/span><\/p>\n<p style=\"text-align: justify;\" data-raofz=\"14\"><span style=\"font-size: 14pt;\">Em raz\u00e3o dos v\u00edcios jur\u00eddicos comprovados, o Minist\u00e9rio P\u00fablico de Alagoas requereu que a aprova\u00e7\u00e3o promovida pelos vereadores para a institui\u00e7\u00e3o do 13\u00ba sal\u00e1rios para os atuais parlamentares, na semana passada, seja tornada imediatamente sem validade, sob pena de multa prevista nos artigos 11 e 12 da Lei 7.347\/85.<\/span><\/p>\n<\/div><div class=\"fusion-clearfix\"><\/div>\n\n\t\t\t\t\t<\/div>\n\t\t\t\t<\/div><\/div><\/div>\n","protected":false},"excerpt":{"rendered":"","protected":false},"author":2,"featured_media":4266,"comment_status":"open","ping_status":"open","sticky":false,"template":"","format":"standard","meta":{"om_disable_all_campaigns":false,"_monsterinsights_skip_tracking":false,"_monsterinsights_sitenote_active":false,"_monsterinsights_sitenote_note":"","_monsterinsights_sitenote_category":0,"_uf_show_specific_survey":0,"_uf_disable_surveys":false,"footnotes":""},"categories":[2],"tags":[],"class_list":["post-4265","post","type-post","status-publish","format-standard","has-post-thumbnail","hentry","category-not_mpal"],"aioseo_notices":[],"_links":{"self":[{"href":"https:\/\/www.mpal.mp.br\/index.php?rest_route=\/wp\/v2\/posts\/4265","targetHints":{"allow":["GET"]}}],"collection":[{"href":"https:\/\/www.mpal.mp.br\/index.php?rest_route=\/wp\/v2\/posts"}],"about":[{"href":"https:\/\/www.mpal.mp.br\/index.php?rest_route=\/wp\/v2\/types\/post"}],"author":[{"embeddable":true,"href":"https:\/\/www.mpal.mp.br\/index.php?rest_route=\/wp\/v2\/users\/2"}],"replies":[{"embeddable":true,"href":"https:\/\/www.mpal.mp.br\/index.php?rest_route=%2Fwp%2Fv2%2Fcomments&post=4265"}],"version-history":[{"count":2,"href":"https:\/\/www.mpal.mp.br\/index.php?rest_route=\/wp\/v2\/posts\/4265\/revisions"}],"predecessor-version":[{"id":4268,"href":"https:\/\/www.mpal.mp.br\/index.php?rest_route=\/wp\/v2\/posts\/4265\/revisions\/4268"}],"wp:featuredmedia":[{"embeddable":true,"href":"https:\/\/www.mpal.mp.br\/index.php?rest_route=\/wp\/v2\/media\/4266"}],"wp:attachment":[{"href":"https:\/\/www.mpal.mp.br\/index.php?rest_route=%2Fwp%2Fv2%2Fmedia&parent=4265"}],"wp:term":[{"taxonomy":"category","embeddable":true,"href":"https:\/\/www.mpal.mp.br\/index.php?rest_route=%2Fwp%2Fv2%2Fcategories&post=4265"},{"taxonomy":"post_tag","embeddable":true,"href":"https:\/\/www.mpal.mp.br\/index.php?rest_route=%2Fwp%2Fv2%2Ftags&post=4265"}],"curies":[{"name":"wp","href":"https:\/\/api.w.org\/{rel}","templated":true}]}}