{"id":4257,"date":"2022-01-11T09:06:17","date_gmt":"2022-01-11T12:06:17","guid":{"rendered":"https:\/\/www.mpal.mp.br\/?p=4257"},"modified":"2022-04-19T09:09:55","modified_gmt":"2022-04-19T12:09:55","slug":"procurador-geral-de-justica-visita-obra-da-sede-das-promotorias-em-palmeira-e-fecha-parceria-em-delmiro","status":"publish","type":"post","link":"https:\/\/www.mpal.mp.br\/?p=4257","title":{"rendered":"Procurador-geral de Justi\u00e7a visita obra da sede das Promotorias em Palmeira e fecha parceria em Delmiro"},"content":{"rendered":"<div class=\"fusion-fullwidth fullwidth-box fusion-builder-row-1 nonhundred-percent-fullwidth non-hundred-percent-height-scrolling\"  style='background-color: #ffffff;background-position: center center;background-repeat: no-repeat;padding-top:0px;padding-right:0px;padding-bottom:0px;padding-left:0px;'><div class=\"fusion-builder-row fusion-row \"><div  class=\"fusion-layout-column fusion_builder_column fusion_builder_column_1_1 fusion-builder-column-1 fusion-one-full fusion-column-first fusion-column-last 1_1\"  style='margin-top:0px;margin-bottom:20px;'>\n\t\t\t\t\t<div class=\"fusion-column-wrapper\" style=\"padding: 0px 0px 0px 0px;background-position:left top;background-repeat:no-repeat;-webkit-background-size:cover;-moz-background-size:cover;-o-background-size:cover;background-size:cover;\"   data-bg-url=\"\">\n\t\t\t\t\t\t<div class=\"fusion-text\"><p style=\"text-align: justify;\" align=\"justify\" data-raofz=\"14\"><span style=\"font-size: 14pt;\" data-raofz=\"14\">Cargo reassumido e os primeiros agendamentos sendo cumpridos pelo procurador-geral de Justi\u00e7a, M\u00e1rcio Roberto Ten\u00f3rio de Albuquerque, nesta ter\u00e7a-feira (11) inspecionando o andamento das obras das futuras instala\u00e7\u00f5es das Promotorias de Justi\u00e7a de Palmeira dos \u00cdndios. Os trabalhos est\u00e3o bem avan\u00e7ados e a perspectiva \u00e9 para entrega ainda neste primeiro semestre.<\/span><\/p>\n<p style=\"text-align: justify;\" align=\"justify\" data-raofz=\"14\"><span style=\"font-size: 14pt;\" data-raofz=\"14\">O chefe ministerial mostrou-se empolgado durante a visita e aposta na celeridade para, em breve, a unidade ser entregue e acomodar dignamente promotores de Justi\u00e7a e servidores.<\/span><\/p>\n<p style=\"text-align: justify;\" align=\"justify\" data-raofz=\"14\"><span style=\"font-size: 14pt;\" data-raofz=\"14\">\u201cFicamos felizes com a evolu\u00e7\u00e3o da constru\u00e7\u00e3o, hoje foram concretados os pilares de sustenta\u00e7\u00e3o, a segunda lage (teto), que passar\u00e1 pelo mesmo processo na pr\u00f3xima semana. Muito em breve ser\u00e1 conclu\u00edda a etapa de alvenaria, para, enfim, partirmos para os acabamentos finais, o que \u00e9 gratificante. N\u00e3o vejo a hora de inaugurar e entregar aos nobres membros e servidores um espa\u00e7o salubre, que os estimule a trabalhar, garanta uma melhor recep\u00e7\u00e3o ao cidad\u00e3o que necessite do Minist\u00e9rio P\u00fablico\u201d, ressalta M\u00e1rcio Roberto.<\/span><\/p>\n<p style=\"text-align: justify;\" align=\"justify\" data-raofz=\"14\"><span style=\"font-size: 14pt;\" data-raofz=\"14\"><b>Delmiro Gouveia<\/b><\/span><\/p>\n<p style=\"text-align: justify;\" align=\"justify\" data-raofz=\"14\"><span style=\"font-size: 14pt;\" data-raofz=\"14\">De Palmeira dos \u00cdnios, o PGJ seguiu para Delmiro Gouveia para ultimar junto \u00e0 gest\u00e3o do Munic\u00edpio as tratativas para a oficializa\u00e7\u00e3o da doa\u00e7\u00e3o de um excelente terreno, j\u00e1 escolhido e demarcado, localizado em \u00e1rea privilegiada, onde ser\u00e1 constru\u00edda a sede das Promotorias de Justi\u00e7a.<\/span><\/p>\n<p style=\"text-align: justify;\" align=\"justify\" data-raofz=\"14\"><span style=\"font-size: 14pt;\" data-raofz=\"14\">\u201cEstamos avan\u00e7ando e valorizando membros e servidores, em todos os lugares, como bem j\u00e1 disse nossa miss\u00e3o \u00e9 o melhor servir. Nesta quarta-feira me reunirei com os promotores de Justi\u00e7a locais para trocarmos ideias sobre o projeto e, com f\u00e9 em Deus, tudo dar\u00e1 certo como tem dado nos demais munic\u00edpios. N\u00e3o medirei esfor\u00e7os para garantir a verba necess\u00e1ria para realizar esse sonho de todos\u201d, afirma o chefe ministerial.<\/span><\/p>\n<p style=\"text-align: justify;\" align=\"justify\" data-raofz=\"14\"><span style=\"font-size: 14pt;\" data-raofz=\"14\"><strong>Ordens de servi\u00e7o<\/strong><\/span><\/p>\n<p style=\"text-align: justify;\" align=\"justify\" data-raofz=\"14\"><span style=\"font-size: 14pt;\" data-raofz=\"14\">Em Atalaia, no dia 1\u00ba dezembro de 2021, o procurador-geral de Justi\u00e7a, com os promotores de Justi\u00e7a, Bruno Baptista e El\u00edsio Maia, assinou o Termo de Servi\u00e7o para o in\u00edcio da constru\u00e7\u00e3o do pr\u00e9dio-sede das Promotorias de Justi\u00e7a.<\/span><\/p>\n<p style=\"text-align: justify;\" align=\"justify\" data-raofz=\"14\"><span style=\"font-size: 14pt;\" data-raofz=\"14\">J\u00e1 no dia 17, o procurador-geral de Justi\u00e7a em exerc\u00edcio, Valter Jos\u00e9 de Omena Acioly, ladeado pelos promotores de Justi\u00e7a naturais, Sitael Jones Lemos, El\u00e1dio Estrela e Wesley Fernandes, tamb\u00e9m do diretor-geral da institui\u00e7\u00e3o, Carlos Eduardo \u00c0vila, assinou, com o prefeito de Penedo, Ronaldo Lopes, e o engenheiro civil Jo\u00e3o Elias, a ordem de servi\u00e7o para a constru\u00e7\u00e3o do pr\u00e9dio-sede das Promotorias de Justi\u00e7a daquela cidade. A obra est\u00e1 or\u00e7ada em R$ 2 milh\u00f5es e cento e vinte mil reais.<\/span><\/p>\n<p style=\"text-align: justify;\" align=\"justify\" data-raofz=\"14\"><span style=\"font-size: 14pt;\">Fotos: Gerson Justino<\/span><\/p>\n<\/div><style type=\"text\/css\">.fusion-gallery-1 .fusion-gallery-image {border:5px solid #f6f6f6;-webkit-border-radius:5px;-moz-border-radius:5px;border-radius:5px;}<\/style><div class=\"fusion-gallery fusion-gallery-container fusion-grid-3 fusion-columns-total-0 fusion-gallery-layout-grid fusion-gallery-1\" style=\"margin:-5px;\"><div style=\"padding:5px;\" class=\"fusion-grid-column fusion-gallery-column fusion-gallery-column-3 hover-type-none\"><div class=\"fusion-gallery-image\"><a href=\"https:\/\/www.mpal.mp.br\/wp-content\/uploads\/2022\/04\/PGJ-Marcio-Roberto-visita-obras.jpg\" rel=\"noreferrer\" data-rel=\"iLightbox[gallery_image_1]\" class=\"fusion-lightbox\" target=\"_self\"><img loading=\"lazy\" decoding=\"async\" src=\"https:\/\/www.mpal.mp.br\/wp-content\/uploads\/2022\/04\/PGJ-Marcio-Roberto-visita-obras.jpg\" width=\"893\" height=\"894\" alt=\"\" title=\"PGJ-M\u00e1rcio-Roberto-visita-obras\" aria-label=\"PGJ-M\u00e1rcio-Roberto-visita-obras\" class=\"img-responsive wp-image-4259\" \/><\/a><\/div><\/div><div style=\"padding:5px;\" class=\"fusion-grid-column fusion-gallery-column fusion-gallery-column-3 hover-type-none\"><div class=\"fusion-gallery-image\"><a href=\"https:\/\/www.mpal.mp.br\/wp-content\/uploads\/2022\/04\/PGJ-Marcio-Roberto-visita-obras-11.01-2.jpg\" rel=\"noreferrer\" data-rel=\"iLightbox[gallery_image_1]\" class=\"fusion-lightbox\" target=\"_self\"><img loading=\"lazy\" decoding=\"async\" src=\"https:\/\/www.mpal.mp.br\/wp-content\/uploads\/2022\/04\/PGJ-Marcio-Roberto-visita-obras-11.01-2.jpg\" width=\"899\" height=\"900\" alt=\"\" title=\"PGJ-M\u00e1rcio-Roberto-visita-obras-11.01-2\" aria-label=\"PGJ-M\u00e1rcio-Roberto-visita-obras-11.01-2\" class=\"img-responsive wp-image-4260\" \/><\/a><\/div><\/div><div style=\"padding:5px;\" class=\"fusion-grid-column fusion-gallery-column fusion-gallery-column-3 hover-type-none\"><div class=\"fusion-gallery-image\"><a href=\"https:\/\/www.mpal.mp.br\/wp-content\/uploads\/2022\/04\/PGJ-Marcio-Roberto-visita-obras-11.01-3.jpg\" rel=\"noreferrer\" data-rel=\"iLightbox[gallery_image_1]\" class=\"fusion-lightbox\" target=\"_self\"><img loading=\"lazy\" decoding=\"async\" src=\"https:\/\/www.mpal.mp.br\/wp-content\/uploads\/2022\/04\/PGJ-Marcio-Roberto-visita-obras-11.01-3.jpg\" width=\"899\" height=\"900\" alt=\"\" title=\"PGJ-M\u00e1rcio-Roberto-visita-obras-11.01-3\" aria-label=\"PGJ-M\u00e1rcio-Roberto-visita-obras-11.01-3\" class=\"img-responsive wp-image-4261\" \/><\/a><\/div><\/div><div class=\"clearfix\"><\/div><div style=\"padding:5px;\" class=\"fusion-grid-column fusion-gallery-column fusion-gallery-column-3 hover-type-none\"><div class=\"fusion-gallery-image\"><a href=\"https:\/\/www.mpal.mp.br\/wp-content\/uploads\/2022\/04\/PGJ-Marcio-Roberto-visita-obras-11.01-4.jpg\" rel=\"noreferrer\" data-rel=\"iLightbox[gallery_image_1]\" class=\"fusion-lightbox\" target=\"_self\"><img loading=\"lazy\" decoding=\"async\" src=\"https:\/\/www.mpal.mp.br\/wp-content\/uploads\/2022\/04\/PGJ-Marcio-Roberto-visita-obras-11.01-4.jpg\" width=\"900\" height=\"900\" alt=\"\" title=\"PGJ-M\u00e1rcio-Roberto-visita-obras-11.01-4\" aria-label=\"PGJ-M\u00e1rcio-Roberto-visita-obras-11.01-4\" class=\"img-responsive wp-image-4262\" \/><\/a><\/div><\/div><\/div><div class=\"fusion-clearfix\"><\/div>\n\n\t\t\t\t\t<\/div>\n\t\t\t\t<\/div><\/div><\/div>\n","protected":false},"excerpt":{"rendered":"","protected":false},"author":2,"featured_media":4258,"comment_status":"open","ping_status":"open","sticky":false,"template":"","format":"standard","meta":{"om_disable_all_campaigns":false,"_monsterinsights_skip_tracking":false,"_monsterinsights_sitenote_active":false,"_monsterinsights_sitenote_note":"","_monsterinsights_sitenote_category":0,"_uf_show_specific_survey":0,"_uf_disable_surveys":false,"footnotes":""},"categories":[2],"tags":[],"class_list":["post-4257","post","type-post","status-publish","format-standard","has-post-thumbnail","hentry","category-not_mpal"],"aioseo_notices":[],"_links":{"self":[{"href":"https:\/\/www.mpal.mp.br\/index.php?rest_route=\/wp\/v2\/posts\/4257","targetHints":{"allow":["GET"]}}],"collection":[{"href":"https:\/\/www.mpal.mp.br\/index.php?rest_route=\/wp\/v2\/posts"}],"about":[{"href":"https:\/\/www.mpal.mp.br\/index.php?rest_route=\/wp\/v2\/types\/post"}],"author":[{"embeddable":true,"href":"https:\/\/www.mpal.mp.br\/index.php?rest_route=\/wp\/v2\/users\/2"}],"replies":[{"embeddable":true,"href":"https:\/\/www.mpal.mp.br\/index.php?rest_route=%2Fwp%2Fv2%2Fcomments&post=4257"}],"version-history":[{"count":2,"href":"https:\/\/www.mpal.mp.br\/index.php?rest_route=\/wp\/v2\/posts\/4257\/revisions"}],"predecessor-version":[{"id":4264,"href":"https:\/\/www.mpal.mp.br\/index.php?rest_route=\/wp\/v2\/posts\/4257\/revisions\/4264"}],"wp:featuredmedia":[{"embeddable":true,"href":"https:\/\/www.mpal.mp.br\/index.php?rest_route=\/wp\/v2\/media\/4258"}],"wp:attachment":[{"href":"https:\/\/www.mpal.mp.br\/index.php?rest_route=%2Fwp%2Fv2%2Fmedia&parent=4257"}],"wp:term":[{"taxonomy":"category","embeddable":true,"href":"https:\/\/www.mpal.mp.br\/index.php?rest_route=%2Fwp%2Fv2%2Fcategories&post=4257"},{"taxonomy":"post_tag","embeddable":true,"href":"https:\/\/www.mpal.mp.br\/index.php?rest_route=%2Fwp%2Fv2%2Ftags&post=4257"}],"curies":[{"name":"wp","href":"https:\/\/api.w.org\/{rel}","templated":true}]}}