{"id":4253,"date":"2022-01-12T09:02:18","date_gmt":"2022-01-12T12:02:18","guid":{"rendered":"https:\/\/www.mpal.mp.br\/?p=4253"},"modified":"2022-04-19T09:03:27","modified_gmt":"2022-04-19T12:03:27","slug":"em-delmiro-procurador-geral-de-justica-assegura-terreno-para-a-construcao-da-sede-das-promotorias","status":"publish","type":"post","link":"https:\/\/www.mpal.mp.br\/?p=4253","title":{"rendered":"Em Delmiro, procurador-geral de Justi\u00e7a assegura terreno para a constru\u00e7\u00e3o da sede das Promotorias"},"content":{"rendered":"<div class=\"fusion-fullwidth fullwidth-box fusion-builder-row-1 nonhundred-percent-fullwidth non-hundred-percent-height-scrolling\"  style='background-color: #ffffff;background-position: center center;background-repeat: no-repeat;padding-top:0px;padding-right:0px;padding-bottom:0px;padding-left:0px;'><div class=\"fusion-builder-row fusion-row \"><div  class=\"fusion-layout-column fusion_builder_column fusion_builder_column_1_1 fusion-builder-column-1 fusion-one-full fusion-column-first fusion-column-last 1_1\"  style='margin-top:0px;margin-bottom:20px;'>\n\t\t\t\t\t<div class=\"fusion-column-wrapper\" style=\"padding: 0px 0px 0px 0px;background-position:left top;background-repeat:no-repeat;-webkit-background-size:cover;-moz-background-size:cover;-o-background-size:cover;background-size:cover;\"   data-bg-url=\"\">\n\t\t\t\t\t\t<div class=\"fusion-text\"><p style=\"text-align: justify;\" align=\"justify\" data-raofz=\"14\"><span style=\"font-size: 14pt;\">\u201cAos poucos o que era um compromisso vai se substancializando, hoje demos mais um passo oficializando a parceria para a constru\u00e7\u00e3o da sede das Promotorias de Justi\u00e7a de Delmiro Gouveia e a, partir de agora, aguardar a aprova\u00e7\u00e3o da doa\u00e7\u00e3o do terreno pela prefeitura, na C\u00e2mara de Vereadores, o que acreditamos ser breve, e tentar viabilizar os recursos para iniciarmos essa obra t\u00e3o importante para os amigos promotores de Justi\u00e7a e servidores quanto para toda a sociedade delmirense\u201d, declara o procurador-geral de Justi\u00e7a, M\u00e1rcio Roberto Ten\u00f3rio de Albuquerque.<\/span><\/p>\n<p style=\"text-align: justify;\" align=\"justify\" data-raofz=\"14\"><span style=\"font-size: 14pt;\">Na manh\u00e3 desta quarta-feira (12), o chefe ministerial esteve com a prefeita de Delmiro Gouveia, Ziane Costa, e o procurador-geral do Munic\u00edpio, Ailton Paranhos, onde, acompanhado do promotor de Justi\u00e7a Bol\u00edvar Cruz Ferro, tratou, detalhadamente, sobre o espa\u00e7o para as futuras instala\u00e7\u00f5es da sede das Promotorias de Justi\u00e7a daquela Comarca. Agora, resta aguardar a aprova\u00e7\u00e3o da doa\u00e7\u00e3o pelo Poder Legislativo para avan\u00e7ar no projeto.<\/span><\/p>\n<p style=\"text-align: justify;\" align=\"justify\" data-raofz=\"14\"><span style=\"font-size: 14pt;\">Dessa forma, M\u00e1rcio Roberto d\u00e1 continuidade ao seu projeto de valoriza\u00e7\u00e3o dentro da institui\u00e7\u00e3o, pensando em ofertar um ambiente moderno, acess\u00edvel, confort\u00e1vel, mais digno de trabalho para todos.<\/span><\/p>\n<p style=\"text-align: justify;\" align=\"justify\" data-raofz=\"14\"><span style=\"font-size: 14pt;\">\u201cSeria bom que pud\u00e9ssemos construir em cada munic\u00edpio, o que \u00e9 invi\u00e1vel, mas quando poss\u00edvel, nos empenhamos e a ideia sai do papel para ofertar um espa\u00e7o mais digno de trabalho, \u00e0 altura da compet\u00eancia e dos valores dos nossos membros e servidores\u201d, conclui o PGJ.<\/span><\/p>\n<p style=\"text-align: justify;\" align=\"justify\" data-raofz=\"14\"><span style=\"font-size: 14pt;\">Em reuni\u00e3o \u00e0 parte com Bol\u00edvar Ferro, o PGJ falou da idealiza\u00e7\u00e3o do projeto e ouviu sugest\u00f5es do promotor de Justi\u00e7a.<\/span><\/p>\n<p style=\"text-align: justify;\" align=\"justify\" data-raofz=\"14\"><span style=\"font-size: 14pt;\">De dezembro para c\u00e1, j\u00e1 s\u00e3o duas ordens de servi\u00e7o assinadas para a constru\u00e7\u00e3o de sedes das Promotorias de Justi\u00e7a, em Atalaia e Penedo, significando evolu\u00e7\u00e3o no Minist\u00e9rio P\u00fablico de Alagoas. Pelo interior, na gest\u00e3o, v\u00e1rias outras unidades foram reformadas e a constru\u00e7\u00e3o em Palmeira dos \u00cdndios est\u00e1 bem avan\u00e7ada.<\/span><\/p>\n<p style=\"text-align: justify;\" align=\"justify\" data-raofz=\"14\"><sub>Foto: cortesia Gerson Justino<\/sub><\/p>\n<\/div><div class=\"fusion-clearfix\"><\/div>\n\n\t\t\t\t\t<\/div>\n\t\t\t\t<\/div><\/div><\/div>\n","protected":false},"excerpt":{"rendered":"","protected":false},"author":2,"featured_media":4254,"comment_status":"open","ping_status":"open","sticky":false,"template":"","format":"standard","meta":{"om_disable_all_campaigns":false,"_monsterinsights_skip_tracking":false,"_monsterinsights_sitenote_active":false,"_monsterinsights_sitenote_note":"","_monsterinsights_sitenote_category":0,"_uf_show_specific_survey":0,"_uf_disable_surveys":false,"footnotes":""},"categories":[2],"tags":[],"class_list":["post-4253","post","type-post","status-publish","format-standard","has-post-thumbnail","hentry","category-not_mpal"],"aioseo_notices":[],"_links":{"self":[{"href":"https:\/\/www.mpal.mp.br\/index.php?rest_route=\/wp\/v2\/posts\/4253","targetHints":{"allow":["GET"]}}],"collection":[{"href":"https:\/\/www.mpal.mp.br\/index.php?rest_route=\/wp\/v2\/posts"}],"about":[{"href":"https:\/\/www.mpal.mp.br\/index.php?rest_route=\/wp\/v2\/types\/post"}],"author":[{"embeddable":true,"href":"https:\/\/www.mpal.mp.br\/index.php?rest_route=\/wp\/v2\/users\/2"}],"replies":[{"embeddable":true,"href":"https:\/\/www.mpal.mp.br\/index.php?rest_route=%2Fwp%2Fv2%2Fcomments&post=4253"}],"version-history":[{"count":2,"href":"https:\/\/www.mpal.mp.br\/index.php?rest_route=\/wp\/v2\/posts\/4253\/revisions"}],"predecessor-version":[{"id":4256,"href":"https:\/\/www.mpal.mp.br\/index.php?rest_route=\/wp\/v2\/posts\/4253\/revisions\/4256"}],"wp:featuredmedia":[{"embeddable":true,"href":"https:\/\/www.mpal.mp.br\/index.php?rest_route=\/wp\/v2\/media\/4254"}],"wp:attachment":[{"href":"https:\/\/www.mpal.mp.br\/index.php?rest_route=%2Fwp%2Fv2%2Fmedia&parent=4253"}],"wp:term":[{"taxonomy":"category","embeddable":true,"href":"https:\/\/www.mpal.mp.br\/index.php?rest_route=%2Fwp%2Fv2%2Fcategories&post=4253"},{"taxonomy":"post_tag","embeddable":true,"href":"https:\/\/www.mpal.mp.br\/index.php?rest_route=%2Fwp%2Fv2%2Ftags&post=4253"}],"curies":[{"name":"wp","href":"https:\/\/api.w.org\/{rel}","templated":true}]}}