{"id":4249,"date":"2022-01-13T09:00:25","date_gmt":"2022-01-13T12:00:25","guid":{"rendered":"https:\/\/www.mpal.mp.br\/?p=4249"},"modified":"2022-04-19T09:01:19","modified_gmt":"2022-04-19T12:01:19","slug":"ft-do-mpal-vai-recomendar-a-municipios-intensificacao-na-vacinacao-e-reabertura-de-leitos-para-tratamento-contra-a-covid-19","status":"publish","type":"post","link":"https:\/\/www.mpal.mp.br\/?p=4249","title":{"rendered":"FT do MPAL vai recomendar a munic\u00edpios intensifica\u00e7\u00e3o na vacina\u00e7\u00e3o e reabertura de leitos para tratamento contra a Covid-19"},"content":{"rendered":"<div class=\"fusion-fullwidth fullwidth-box fusion-builder-row-1 nonhundred-percent-fullwidth non-hundred-percent-height-scrolling\"  style='background-color: #ffffff;background-position: center center;background-repeat: no-repeat;padding-top:0px;padding-right:0px;padding-bottom:0px;padding-left:0px;'><div class=\"fusion-builder-row fusion-row \"><div  class=\"fusion-layout-column fusion_builder_column fusion_builder_column_1_1 fusion-builder-column-1 fusion-one-full fusion-column-first fusion-column-last 1_1\"  style='margin-top:0px;margin-bottom:20px;'>\n\t\t\t\t\t<div class=\"fusion-column-wrapper\" style=\"padding: 0px 0px 0px 0px;background-position:left top;background-repeat:no-repeat;-webkit-background-size:cover;-moz-background-size:cover;-o-background-size:cover;background-size:cover;\"   data-bg-url=\"\">\n\t\t\t\t\t\t<div class=\"fusion-text\"><p style=\"text-align: justify;\" data-raofz=\"14\"><span style=\"font-size: 14pt;\" data-raofz=\"13\">A For\u00e7a-Tarefa de Preven\u00e7\u00e3o e Enfrentamento \u00e0 Pandemia da Covid-19 do Minist\u00e9rio P\u00fablico do Estado de Alagoas, reuniu-se, nessa quarta-feira (12), para discutir as novas medidas que ser\u00e3o adotadas pelo \u00f3rg\u00e3o de modo a ajudar no combate ao aumento de casos de pessoas infectadas pelo novo coronav\u00edrus e por outras s\u00edndromes gripais. Ficou definido que, dentre outras coisas, a FT expedir\u00e1 of\u00edcios ao estado e aos munic\u00edpios para que os entes p\u00fablicos reforcem a\u00e7\u00f5es visando a amplia\u00e7\u00e3o da vacina\u00e7\u00e3o e o aumento de leitos e para que sejam reabertas unidades de sa\u00fade para tratamento dessas doen\u00e7as.<\/span><\/p>\n<p style=\"text-align: justify;\" data-raofz=\"14\"><span style=\"font-size: 14pt;\" data-raofz=\"13\">O encontro virtual, que foi comandado pelo subprocurador-geral administrativo institucional, Valter Acioly, contou com a presen\u00e7a de promotores de Justi\u00e7a da capital e do interior e que trabalham nas mais diversas \u00e1reas. \u201cPrecis\u00e1vamos nos reunir porque estamos vendo crescer absurdamente novamente a quantidade de casos e, o Minist\u00e9rio P\u00fablico, como fiscal da lei, tem que, mais uma vez, sensibilizar e cobrar dos gestores novas medidas de enfrentamento \u00e0 pandemia e ao v\u00edrus da gripe, inclusive, com a disponibiliza\u00e7\u00e3o de mais testes detectores da Covid-19 que \u00e9 justamente para que as pessoas possam ser tratadas da maneira mais adequada\u201d, disse ele.<\/span><\/p>\n<p style=\"text-align: justify;\" data-raofz=\"14\"><span style=\"font-size: 14pt;\" data-raofz=\"13\">E, durante o encontro, ficou definido que, diante do aumento vertiginoso desse casos, a for\u00e7a-tarefa enviar\u00e1 of\u00edcio ao estado e aos munic\u00edpios para que os gestores voltem a cumprir os seus planos de conting\u00eancia de combate \u00e0 Covid-19, o que inclui a reabertura de unidades e postos de atendimento exclusivos para o atendimento de pacientes contaminados com o novo coronav\u00edrus e com outras s\u00edndromes gripais.<\/span><\/p>\n<p style=\"text-align: justify;\" data-raofz=\"14\"><span style=\"font-size: 14pt;\" data-raofz=\"13\">O Minist\u00e9rio P\u00fablico tamb\u00e9m pedir\u00e1 que sejam novamente reabertos e ampliados o n\u00famero de leitos para tratamento dessas enfermidades, de modo que cada cidade j\u00e1 fique preparada para um poss\u00edvel agravamento dos casos.<\/span><\/p>\n<p style=\"text-align: justify;\" data-raofz=\"14\"><span style=\"font-size: 14pt;\" data-raofz=\"13\">Al\u00e9m disso, a FT vai monitorar e cobrar dos gestores e dos hospitais informa\u00e7\u00f5es sobre o estoque de oxig\u00eanio medicinal, insumo necess\u00e1rio para ajudar no tratamento de pacientes que est\u00e3o em estado mais grave.\u00a0<\/span><\/p>\n<p style=\"text-align: justify;\" data-raofz=\"14\"><span style=\"font-size: 14pt;\"><strong>Busca ativa e vacina\u00e7\u00e3o para crian\u00e7as e adolescentes<\/strong><\/span><\/p>\n<p style=\"text-align: justify;\" data-raofz=\"14\"><span style=\"font-size: 14pt;\" data-raofz=\"13\">Por entender que a vacina salva vidas, o Minist\u00e9rio P\u00fablico vai orientar os prefeitos para que cada munic\u00edpio intensifique sua campanha de vacina\u00e7\u00e3o com o objetivo de convencer os moradores que ainda n\u00e3o se imunizaram a completarem o ciclo de vacina\u00e7\u00e3o que garante melhor imunidade contra o v\u00edrus. A recomenda\u00e7\u00e3o ser\u00e1 no sentindo de que as cidades fa\u00e7am uma busca ativa por essas pessoas, convencendo-as da import\u00e2ncia da imuniza\u00e7\u00e3o,\u00a0<\/span><\/p>\n<p style=\"text-align: justify;\" data-raofz=\"14\"><span style=\"font-size: 14pt;\" data-raofz=\"13\">E tamb\u00e9m ser\u00e1 recomendado aos munic\u00edpios que eles comecem a se preparar para vacinar crian\u00e7as entre 5 e 11 anos de idade, al\u00e9m de darem continuidade a imuniza\u00e7\u00e3o de adolescentes.\u00a0<\/span><\/p>\n<\/div><div class=\"fusion-clearfix\"><\/div>\n\n\t\t\t\t\t<\/div>\n\t\t\t\t<\/div><\/div><\/div>\n","protected":false},"excerpt":{"rendered":"","protected":false},"author":2,"featured_media":4250,"comment_status":"open","ping_status":"open","sticky":false,"template":"","format":"standard","meta":{"om_disable_all_campaigns":false,"_monsterinsights_skip_tracking":false,"_monsterinsights_sitenote_active":false,"_monsterinsights_sitenote_note":"","_monsterinsights_sitenote_category":0,"_uf_show_specific_survey":0,"_uf_disable_surveys":false,"footnotes":""},"categories":[2],"tags":[],"class_list":["post-4249","post","type-post","status-publish","format-standard","has-post-thumbnail","hentry","category-not_mpal"],"aioseo_notices":[],"_links":{"self":[{"href":"https:\/\/www.mpal.mp.br\/index.php?rest_route=\/wp\/v2\/posts\/4249","targetHints":{"allow":["GET"]}}],"collection":[{"href":"https:\/\/www.mpal.mp.br\/index.php?rest_route=\/wp\/v2\/posts"}],"about":[{"href":"https:\/\/www.mpal.mp.br\/index.php?rest_route=\/wp\/v2\/types\/post"}],"author":[{"embeddable":true,"href":"https:\/\/www.mpal.mp.br\/index.php?rest_route=\/wp\/v2\/users\/2"}],"replies":[{"embeddable":true,"href":"https:\/\/www.mpal.mp.br\/index.php?rest_route=%2Fwp%2Fv2%2Fcomments&post=4249"}],"version-history":[{"count":2,"href":"https:\/\/www.mpal.mp.br\/index.php?rest_route=\/wp\/v2\/posts\/4249\/revisions"}],"predecessor-version":[{"id":4252,"href":"https:\/\/www.mpal.mp.br\/index.php?rest_route=\/wp\/v2\/posts\/4249\/revisions\/4252"}],"wp:featuredmedia":[{"embeddable":true,"href":"https:\/\/www.mpal.mp.br\/index.php?rest_route=\/wp\/v2\/media\/4250"}],"wp:attachment":[{"href":"https:\/\/www.mpal.mp.br\/index.php?rest_route=%2Fwp%2Fv2%2Fmedia&parent=4249"}],"wp:term":[{"taxonomy":"category","embeddable":true,"href":"https:\/\/www.mpal.mp.br\/index.php?rest_route=%2Fwp%2Fv2%2Fcategories&post=4249"},{"taxonomy":"post_tag","embeddable":true,"href":"https:\/\/www.mpal.mp.br\/index.php?rest_route=%2Fwp%2Fv2%2Ftags&post=4249"}],"curies":[{"name":"wp","href":"https:\/\/api.w.org\/{rel}","templated":true}]}}