{"id":4246,"date":"2022-01-13T08:58:38","date_gmt":"2022-01-13T11:58:38","guid":{"rendered":"https:\/\/www.mpal.mp.br\/?p=4246"},"modified":"2022-04-19T08:59:35","modified_gmt":"2022-04-19T11:59:35","slug":"mpe-da-15-dias-para-smtt-justificar-fechamento-de-parte-de-rua-onde-foi-instalada-cadeira-de-praia-gigante","status":"publish","type":"post","link":"https:\/\/www.mpal.mp.br\/?p=4246","title":{"rendered":"MPE d\u00e1 15 dias para SMTT justificar fechamento de parte de rua onde foi instalada cadeira de praia gigante"},"content":{"rendered":"<div class=\"fusion-fullwidth fullwidth-box fusion-builder-row-1 nonhundred-percent-fullwidth non-hundred-percent-height-scrolling\"  style='background-color: #ffffff;background-position: center center;background-repeat: no-repeat;padding-top:0px;padding-right:0px;padding-bottom:0px;padding-left:0px;'><div class=\"fusion-builder-row fusion-row \"><div  class=\"fusion-layout-column fusion_builder_column fusion_builder_column_1_1 fusion-builder-column-1 fusion-one-full fusion-column-first fusion-column-last 1_1\"  style='margin-top:0px;margin-bottom:20px;'>\n\t\t\t\t\t<div class=\"fusion-column-wrapper\" style=\"padding: 0px 0px 0px 0px;background-position:left top;background-repeat:no-repeat;-webkit-background-size:cover;-moz-background-size:cover;-o-background-size:cover;background-size:cover;\"   data-bg-url=\"\">\n\t\t\t\t\t\t<div class=\"fusion-text\"><p style=\"text-align: justify;\" align=\"justify\" data-raofz=\"14\"><span style=\"font-size: 14pt;\" data-raofz=\"14\">Diante de v\u00e1rias reclama\u00e7\u00f5es feitas pela comunidade local, o Minist\u00e9rio P\u00fablico do Estado de Alagoas (MPAL), por meio da 66\u00aa\u00ba Promotoria de Urbanismo, instaurou o procedimento Not\u00edcia de Fato n] 01.2022.00000107-0 e destinou of\u00edcio ao gestor da Superintend\u00eancia Municipal de Transporte e Tr\u00e2nsito (SMTT), Andr\u00e9 Santos Costa, para que, no prazo de 15 dias, esclare\u00e7a fechamento de parte da Rua Valdo Omena, na Ponta Verde, para a instala\u00e7\u00e3o de um \u201cespa\u00e7o instagram\u00e1vel\u201d.<\/span><\/p>\n<p style=\"text-align: justify;\" align=\"justify\" data-raofz=\"14\"><span style=\"font-size: 14pt;\" data-raofz=\"14\">O promotor de Justi\u00e7a Jorge D\u00f3ria, em seus considerandos, deixa claro que para haver mudan\u00e7a de finalidade ou uso de um bem usado coletivamente, \u00e9 preciso que haja um tr\u00e2mite e que, para tal, um ato de desafeta\u00e7\u00e3o com justificativas convincentes e acatadas. Moradores locais afirmam que a modifica\u00e7\u00e3o no trecho para instala\u00e7\u00e3o da cadeira de praia gigante trouxe transtornos.<\/span><\/p>\n<p style=\"text-align: justify;\" align=\"justify\" data-raofz=\"14\"><span style=\"font-size: 14pt;\" data-raofz=\"14\">\u201cDeixamos claro que o question\u00e1vel nesse procedimento \u00e9 a mudan\u00e7a na referida rua, o que tem servido para diversas queixas feitas pela comunidade e precisamos que sejam apresentadas as justificativas pelo \u00f3rg\u00e3o competente. O Minist\u00e9rio P\u00fablico fica no aguardo e, conforme o recebido, adotar\u00e1 as medidas necess\u00e1rias\u201d, afirma D\u00f3ria.<\/span><\/p>\n<p style=\"text-align: justify;\" align=\"justify\" data-raofz=\"14\"><span style=\"font-size: 14pt;\" data-raofz=\"14\">O prazo estipulado para a manifesta\u00e7\u00e3o da SMTT, come\u00e7a a partir dessa quarta-feira,12.<\/span><\/p>\n<\/div><div class=\"fusion-clearfix\"><\/div>\n\n\t\t\t\t\t<\/div>\n\t\t\t\t<\/div><\/div><\/div>\n","protected":false},"excerpt":{"rendered":"","protected":false},"author":2,"featured_media":4016,"comment_status":"open","ping_status":"open","sticky":false,"template":"","format":"standard","meta":{"om_disable_all_campaigns":false,"_monsterinsights_skip_tracking":false,"_monsterinsights_sitenote_active":false,"_monsterinsights_sitenote_note":"","_monsterinsights_sitenote_category":0,"_uf_show_specific_survey":0,"_uf_disable_surveys":false,"footnotes":""},"categories":[2],"tags":[],"class_list":["post-4246","post","type-post","status-publish","format-standard","has-post-thumbnail","hentry","category-not_mpal"],"aioseo_notices":[],"_links":{"self":[{"href":"https:\/\/www.mpal.mp.br\/index.php?rest_route=\/wp\/v2\/posts\/4246","targetHints":{"allow":["GET"]}}],"collection":[{"href":"https:\/\/www.mpal.mp.br\/index.php?rest_route=\/wp\/v2\/posts"}],"about":[{"href":"https:\/\/www.mpal.mp.br\/index.php?rest_route=\/wp\/v2\/types\/post"}],"author":[{"embeddable":true,"href":"https:\/\/www.mpal.mp.br\/index.php?rest_route=\/wp\/v2\/users\/2"}],"replies":[{"embeddable":true,"href":"https:\/\/www.mpal.mp.br\/index.php?rest_route=%2Fwp%2Fv2%2Fcomments&post=4246"}],"version-history":[{"count":2,"href":"https:\/\/www.mpal.mp.br\/index.php?rest_route=\/wp\/v2\/posts\/4246\/revisions"}],"predecessor-version":[{"id":4248,"href":"https:\/\/www.mpal.mp.br\/index.php?rest_route=\/wp\/v2\/posts\/4246\/revisions\/4248"}],"wp:featuredmedia":[{"embeddable":true,"href":"https:\/\/www.mpal.mp.br\/index.php?rest_route=\/wp\/v2\/media\/4016"}],"wp:attachment":[{"href":"https:\/\/www.mpal.mp.br\/index.php?rest_route=%2Fwp%2Fv2%2Fmedia&parent=4246"}],"wp:term":[{"taxonomy":"category","embeddable":true,"href":"https:\/\/www.mpal.mp.br\/index.php?rest_route=%2Fwp%2Fv2%2Fcategories&post=4246"},{"taxonomy":"post_tag","embeddable":true,"href":"https:\/\/www.mpal.mp.br\/index.php?rest_route=%2Fwp%2Fv2%2Ftags&post=4246"}],"curies":[{"name":"wp","href":"https:\/\/api.w.org\/{rel}","templated":true}]}}