{"id":4243,"date":"2022-01-13T08:50:35","date_gmt":"2022-01-13T11:50:35","guid":{"rendered":"https:\/\/www.mpal.mp.br\/?p=4243"},"modified":"2022-04-19T08:57:51","modified_gmt":"2022-04-19T11:57:51","slug":"mpal-ajuiza-acao-e-prefeitura-de-japaratinga-sera-obrigada-a-criar-guarda-municipal","status":"publish","type":"post","link":"https:\/\/www.mpal.mp.br\/?p=4243","title":{"rendered":"MPAL aju\u00edza a\u00e7\u00e3o e Prefeitura de Japaratinga ser\u00e1 obrigada a criar Guarda Municipal"},"content":{"rendered":"<div class=\"fusion-fullwidth fullwidth-box fusion-builder-row-1 nonhundred-percent-fullwidth non-hundred-percent-height-scrolling\"  style='background-color: #ffffff;background-position: center center;background-repeat: no-repeat;padding-top:0px;padding-right:0px;padding-bottom:0px;padding-left:0px;'><div class=\"fusion-builder-row fusion-row \"><div  class=\"fusion-layout-column fusion_builder_column fusion_builder_column_1_1 fusion-builder-column-1 fusion-one-full fusion-column-first fusion-column-last 1_1\"  style='margin-top:0px;margin-bottom:20px;'>\n\t\t\t\t\t<div class=\"fusion-column-wrapper\" style=\"padding: 0px 0px 0px 0px;background-position:left top;background-repeat:no-repeat;-webkit-background-size:cover;-moz-background-size:cover;-o-background-size:cover;background-size:cover;\"   data-bg-url=\"\">\n\t\t\t\t\t\t<div class=\"fusion-text\"><p style=\"text-align: justify;\" align=\"justify\" data-raofz=\"14\"><span style=\"font-size: 14pt;\">Ap\u00f3s a\u00e7\u00e3o civil p\u00fablica proposta pelo Minist\u00e9rio P\u00fablico do Estado de Alagoas, a Prefeitura de Japaratinga ser\u00e1 obrigada a criar, oficialmente, a Guarda Municipal da cidade. Al\u00e9m disso, ela tamb\u00e9m ter\u00e1 que atrelar as atividades do \u00f3rg\u00e3os aquelas j\u00e1 desenvolvidas pelas for\u00e7as de seguran\u00e7a. O prazo dado foi de 45 dias.<\/span><\/p>\n<p style=\"text-align: justify;\" align=\"justify\" data-raofz=\"14\"><span style=\"font-size: 14pt;\">A a\u00e7\u00e3o foi ajuizada pelo promotor de Justi\u00e7a Paulo Barbosa de Almeida Filho, da Promotoria de Justi\u00e7a de Porto Calvo, que tem atribui\u00e7\u00e3o tamb\u00e9m sobre o munic\u00edpio de Japaratinga. Segundo ele, o Minist\u00e9rio P\u00fablico do Trabalho protocolou uma representa\u00e7\u00e3o junto ao MPAL, informando acerca da exist\u00eancia de irregularidades no funcionamento daquela Guarda Municipal. Diante de tal demanda, o Minist\u00e9rio P\u00fablico buscou tentou solucionar o problema extrajudicialmente, n\u00e3o obtendo \u00eaxito nas tratativas.<\/span><\/p>\n<p style=\"text-align: justify;\" align=\"justify\" data-raofz=\"14\"><span style=\"font-size: 14pt;\">De acordo com Paulo Barbosa, pessoas alheias estavam exercendo a fun\u00e7\u00e3o de guarda municipal em Japaratinga, sem possuir sequer curso de forma\u00e7\u00e3o profissional. Al\u00e9m disso, elas estavam trabalhando sem quaisquer equipamentos de prote\u00e7\u00e3o individual (EPI) e com um sistema de comunica\u00e7\u00e3o obsoleto.<\/span><\/p>\n<p style=\"text-align: justify;\" align=\"justify\" data-raofz=\"14\"><span style=\"font-size: 14pt;\">\u201cO que requeremos foi a cria\u00e7\u00e3o da Guarda Municipal nos termos da Lei n\u00ba 13.022\/2014 e que, ap\u00f3s essa legaliza\u00e7\u00e3o, a atividade seja harmonizada com os demais \u00f3rg\u00e3os de seguran\u00e7a. A legisla\u00e7\u00e3o \u00e9 clara ao exigir concurso para a ocupa\u00e7\u00e3o de cargos nos poderes p\u00fablicos e, exatamente por isso, a contrata\u00e7\u00e3o tempor\u00e1ria deve ser uma exce\u00e7\u00e3o, e n\u00e3o a regra\u201d, explicou o promotor de Justi\u00e7a Paulo Barbosa.<\/span><\/p>\n<p style=\"text-align: justify;\" align=\"justify\" data-raofz=\"14\"><span style=\"font-size: 14pt;\"><b>Munic\u00edpio admite falha<\/b><\/span><\/p>\n<p style=\"text-align: justify;\" align=\"justify\" data-raofz=\"14\"><span style=\"font-size: 14pt;\">Diante das respostas da Prefeitura de Japaratinga, confirmando a \u201cn\u00e3o exist\u00eancia legal da Guarda Municipal e que os servidores foram contratados de forma tempor\u00e1ria para exercerem a fun\u00e7\u00e3o de agente de mobilidade urbana\u201d, o Poder Judici\u00e1rio atendeu os pedidos formulados pelo Minist\u00e9rio P\u00fablico de Alagoas. O juiz Diogo de Mendon\u00e7a Furtado deu prazo de 45 dias para o munic\u00edpio envie \u00e0 C\u00e2mara de Vereadores projeto de lei regulamentando a exist\u00eancia da Guarda Municipal e que, na sequ\u00eancia, a gest\u00e3o harmonize os trabalhos do \u00f3rg\u00e3o com aqueles j\u00e1 desenvolvidos pelas Pol\u00edcias Civil e Militar.<\/span><\/p>\n<\/div><div class=\"fusion-clearfix\"><\/div>\n\n\t\t\t\t\t<\/div>\n\t\t\t\t<\/div><\/div><\/div>\n","protected":false},"excerpt":{"rendered":"","protected":false},"author":2,"featured_media":4122,"comment_status":"open","ping_status":"open","sticky":false,"template":"","format":"standard","meta":{"om_disable_all_campaigns":false,"_monsterinsights_skip_tracking":false,"_monsterinsights_sitenote_active":false,"_monsterinsights_sitenote_note":"","_monsterinsights_sitenote_category":0,"_uf_show_specific_survey":0,"_uf_disable_surveys":false,"footnotes":""},"categories":[2],"tags":[],"class_list":["post-4243","post","type-post","status-publish","format-standard","has-post-thumbnail","hentry","category-not_mpal"],"aioseo_notices":[],"_links":{"self":[{"href":"https:\/\/www.mpal.mp.br\/index.php?rest_route=\/wp\/v2\/posts\/4243","targetHints":{"allow":["GET"]}}],"collection":[{"href":"https:\/\/www.mpal.mp.br\/index.php?rest_route=\/wp\/v2\/posts"}],"about":[{"href":"https:\/\/www.mpal.mp.br\/index.php?rest_route=\/wp\/v2\/types\/post"}],"author":[{"embeddable":true,"href":"https:\/\/www.mpal.mp.br\/index.php?rest_route=\/wp\/v2\/users\/2"}],"replies":[{"embeddable":true,"href":"https:\/\/www.mpal.mp.br\/index.php?rest_route=%2Fwp%2Fv2%2Fcomments&post=4243"}],"version-history":[{"count":2,"href":"https:\/\/www.mpal.mp.br\/index.php?rest_route=\/wp\/v2\/posts\/4243\/revisions"}],"predecessor-version":[{"id":4245,"href":"https:\/\/www.mpal.mp.br\/index.php?rest_route=\/wp\/v2\/posts\/4243\/revisions\/4245"}],"wp:featuredmedia":[{"embeddable":true,"href":"https:\/\/www.mpal.mp.br\/index.php?rest_route=\/wp\/v2\/media\/4122"}],"wp:attachment":[{"href":"https:\/\/www.mpal.mp.br\/index.php?rest_route=%2Fwp%2Fv2%2Fmedia&parent=4243"}],"wp:term":[{"taxonomy":"category","embeddable":true,"href":"https:\/\/www.mpal.mp.br\/index.php?rest_route=%2Fwp%2Fv2%2Fcategories&post=4243"},{"taxonomy":"post_tag","embeddable":true,"href":"https:\/\/www.mpal.mp.br\/index.php?rest_route=%2Fwp%2Fv2%2Ftags&post=4243"}],"curies":[{"name":"wp","href":"https:\/\/api.w.org\/{rel}","templated":true}]}}