{"id":4237,"date":"2022-01-13T08:45:28","date_gmt":"2022-01-13T11:45:28","guid":{"rendered":"https:\/\/www.mpal.mp.br\/?p=4237"},"modified":"2022-04-19T08:48:34","modified_gmt":"2022-04-19T11:48:34","slug":"4237","status":"publish","type":"post","link":"https:\/\/www.mpal.mp.br\/?p=4237","title":{"rendered":"Obras para a constru\u00e7\u00e3o do pr\u00e9dio-sede das Promotorias de Justi\u00e7a em Atalaia s\u00e3o iniciadas"},"content":{"rendered":"<div class=\"fusion-fullwidth fullwidth-box fusion-builder-row-1 nonhundred-percent-fullwidth non-hundred-percent-height-scrolling\"  style='background-color: #ffffff;background-position: center center;background-repeat: no-repeat;padding-top:0px;padding-right:0px;padding-bottom:0px;padding-left:0px;'><div class=\"fusion-builder-row fusion-row \"><div  class=\"fusion-layout-column fusion_builder_column fusion_builder_column_1_1 fusion-builder-column-1 fusion-one-full fusion-column-first fusion-column-last 1_1\"  style='margin-top:0px;margin-bottom:20px;'>\n\t\t\t\t\t<div class=\"fusion-column-wrapper\" style=\"padding: 0px 0px 0px 0px;background-position:left top;background-repeat:no-repeat;-webkit-background-size:cover;-moz-background-size:cover;-o-background-size:cover;background-size:cover;\"   data-bg-url=\"\">\n\t\t\t\t\t\t<div class=\"fusion-text\"><p align=\"justify\" data-raofz=\"14\"><span style=\"font-size: 14pt;\" data-raofz=\"14\">O ano inicia com a boa nova para os promotores de Justi\u00e7a que atuam em Atalaia, bem como para a sociedade atalaiense, \u00e9 que as obras que resultar\u00e3o na sede das Promotorias de Justi\u00e7a tiveram o pontap\u00e9 nesta quinta-feira (12). O procurador-geral de Justi\u00e7a (PGJ), M\u00e1rcio Roberto Ten\u00f3rio de Albuquerque, comemora mais um ganho para o Minist\u00e9rio P\u00fablico do Estado de Alagoas (MPAL), enfatizando a valoriza\u00e7\u00e3o de membros e servidores.<\/span><\/p>\n<p align=\"justify\" data-raofz=\"14\"><span style=\"font-size: 14pt;\" data-raofz=\"14\">\u201cH\u00e1 pouco mais de um m\u00eas assinamos a ordem de servi\u00e7o e com as obras j\u00e1 iniciadas ficamos felizes e j\u00e1 sob expectativas em rela\u00e7\u00e3o ao andamento e conclus\u00e3o para, como idealizamos, em tempo h\u00e1bil, entregarmos aos promotores de Justi\u00e7a e servidores uma sede do jeito esperado, moderna, ampla, que possa acomodar a todos da melhor forma. Al\u00e9m disso, em todos os projetos pensamos em acessibilidade e num espa\u00e7o com melhores condi\u00e7\u00f5es para atender o cidad\u00e3o. Vamos em frente\u201d, afirma o PGJ, M\u00e1rcio Roberto.<\/span><\/p>\n<p align=\"justify\" data-raofz=\"14\"><span style=\"font-size: 14pt;\" data-raofz=\"14\">Os primeiros servi\u00e7os de terraplanagem foram acompanhados logo cedo pela engenheira Taynah Rabelo e pelo t\u00e9cnico em Engenharia, Jairo Marcolino.<\/span><\/p>\n<p align=\"justify\" data-raofz=\"14\"><span style=\"font-size: 14pt;\" data-raofz=\"14\">\u201cEstivemos no local para defini\u00e7\u00e3o do n\u00edvel, a compacta\u00e7\u00e3o, averiguar o come\u00e7o da obra, se estava sendo conforme o orientado, se havia a possibilidade de causar danos a uma creche vizinha o que foi descartado e se os trabalhos com o maquin\u00e1rio estava correto. Constatamos tudo sob controle e agora \u00e9 fazermos o acompanhamento para garantir uma conclus\u00e3o segura\u201d, explica a engenheira.<\/span><\/p>\n<p align=\"justify\" data-raofz=\"14\"><span style=\"font-size: 14pt;\" data-raofz=\"14\">Obra<\/span><\/p>\n<p align=\"justify\" data-raofz=\"14\"><span style=\"font-size: 14pt;\" data-raofz=\"14\">O valor para execu\u00e7\u00e3o da obra est\u00e1 or\u00e7ado em R$ 1.207.304,96 em um terreno de 49,95 x 21,95.<\/span><\/p>\n<p align=\"justify\" data-raofz=\"14\"><span style=\"font-size: 14pt;\" data-raofz=\"14\">Com o in\u00edcio dos servi\u00e7os em Atalaia, o Minist\u00e9rio P\u00fablico tem agora duas obras em andamento, sendo a outra, em estado avan\u00e7ado, em Palmeira dos \u00cdndios.<\/span><\/p>\n<p align=\"justify\" data-raofz=\"14\"><span style=\"font-size: 14pt;\" data-raofz=\"14\">Fotos de cortesia: Alysson Vieira<\/span><\/p>\n<\/div><div class=\"fusion-clearfix\"><\/div>\n\n\t\t\t\t\t<\/div>\n\t\t\t\t<\/div><\/div><\/div>\n","protected":false},"excerpt":{"rendered":"","protected":false},"author":2,"featured_media":4238,"comment_status":"open","ping_status":"open","sticky":false,"template":"","format":"standard","meta":{"om_disable_all_campaigns":false,"_monsterinsights_skip_tracking":false,"_monsterinsights_sitenote_active":false,"_monsterinsights_sitenote_note":"","_monsterinsights_sitenote_category":0,"_uf_show_specific_survey":0,"_uf_disable_surveys":false,"footnotes":""},"categories":[2],"tags":[],"class_list":["post-4237","post","type-post","status-publish","format-standard","has-post-thumbnail","hentry","category-not_mpal"],"aioseo_notices":[],"_links":{"self":[{"href":"https:\/\/www.mpal.mp.br\/index.php?rest_route=\/wp\/v2\/posts\/4237","targetHints":{"allow":["GET"]}}],"collection":[{"href":"https:\/\/www.mpal.mp.br\/index.php?rest_route=\/wp\/v2\/posts"}],"about":[{"href":"https:\/\/www.mpal.mp.br\/index.php?rest_route=\/wp\/v2\/types\/post"}],"author":[{"embeddable":true,"href":"https:\/\/www.mpal.mp.br\/index.php?rest_route=\/wp\/v2\/users\/2"}],"replies":[{"embeddable":true,"href":"https:\/\/www.mpal.mp.br\/index.php?rest_route=%2Fwp%2Fv2%2Fcomments&post=4237"}],"version-history":[{"count":4,"href":"https:\/\/www.mpal.mp.br\/index.php?rest_route=\/wp\/v2\/posts\/4237\/revisions"}],"predecessor-version":[{"id":4242,"href":"https:\/\/www.mpal.mp.br\/index.php?rest_route=\/wp\/v2\/posts\/4237\/revisions\/4242"}],"wp:featuredmedia":[{"embeddable":true,"href":"https:\/\/www.mpal.mp.br\/index.php?rest_route=\/wp\/v2\/media\/4238"}],"wp:attachment":[{"href":"https:\/\/www.mpal.mp.br\/index.php?rest_route=%2Fwp%2Fv2%2Fmedia&parent=4237"}],"wp:term":[{"taxonomy":"category","embeddable":true,"href":"https:\/\/www.mpal.mp.br\/index.php?rest_route=%2Fwp%2Fv2%2Fcategories&post=4237"},{"taxonomy":"post_tag","embeddable":true,"href":"https:\/\/www.mpal.mp.br\/index.php?rest_route=%2Fwp%2Fv2%2Ftags&post=4237"}],"curies":[{"name":"wp","href":"https:\/\/api.w.org\/{rel}","templated":true}]}}