{"id":4233,"date":"2022-01-14T08:43:41","date_gmt":"2022-01-14T11:43:41","guid":{"rendered":"https:\/\/www.mpal.mp.br\/?p=4233"},"modified":"2022-04-19T08:44:39","modified_gmt":"2022-04-19T11:44:39","slug":"ministerio-publico-avanca-com-inicio-de-obras-da-sede-das-promotorias-de-justica-em-penedo","status":"publish","type":"post","link":"https:\/\/www.mpal.mp.br\/?p=4233","title":{"rendered":"Minist\u00e9rio P\u00fablico avan\u00e7a com in\u00edcio de obras da sede das Promotorias de Justi\u00e7a em Penedo"},"content":{"rendered":"<div class=\"fusion-fullwidth fullwidth-box fusion-builder-row-1 nonhundred-percent-fullwidth non-hundred-percent-height-scrolling\"  style='background-color: #ffffff;background-position: center center;background-repeat: no-repeat;padding-top:0px;padding-right:0px;padding-bottom:0px;padding-left:0px;'><div class=\"fusion-builder-row fusion-row \"><div  class=\"fusion-layout-column fusion_builder_column fusion_builder_column_1_1 fusion-builder-column-1 fusion-one-full fusion-column-first fusion-column-last 1_1\"  style='margin-top:0px;margin-bottom:20px;'>\n\t\t\t\t\t<div class=\"fusion-column-wrapper\" style=\"padding: 0px 0px 0px 0px;background-position:left top;background-repeat:no-repeat;-webkit-background-size:cover;-moz-background-size:cover;-o-background-size:cover;background-size:cover;\"   data-bg-url=\"\">\n\t\t\t\t\t\t<div class=\"fusion-text\"><p class=\"western\" align=\"justify\" data-raofz=\"14\"><span style=\"font-size: 14pt;\" data-raofz=\"14\">O Minist\u00e9rio P\u00fablico do Estado de Alagoas (MPAL) vem se transformando em um verdadeiro canteiro de obras. Ap\u00f3s os primeiros passos para a constru\u00e7\u00e3o da sede das Promotorias de Justi\u00e7a, em Atalaia, nessa quinta-feira (13), chegou a vez da unidade de Penedo. A ordem de servi\u00e7o foi assinada no dia 16 de dezembro de 2021 e a\u00a0obra est\u00e1 or\u00e7ada em R$ 2 milh\u00f5es e cento e vinte mil reais.<\/span><\/p>\n<p class=\"western\" align=\"justify\" data-raofz=\"14\"><span style=\"font-size: 14pt;\" data-raofz=\"14\">Para o procurador-geral de Justi\u00e7a, M\u00e1rcio Roberto Ten\u00f3rio de Albuquerque, a constru\u00e7\u00e3o da sede em Penedo era uma d\u00edvida antiga e v\u00ea-la sendo paga \u00e9 sensa\u00e7\u00e3o de dever cumprido.<\/span><\/p>\n<p class=\"western\" align=\"justify\" data-raofz=\"14\"><span style=\"font-size: 14pt;\" data-raofz=\"14\">\u201cCom a constru\u00e7\u00e3o do pr\u00e9dio-sede em Penedo, atendemos uma demanda antiga dos amigos promotores de Justi\u00e7a que sempre reclamaram do desconforto, de acessibilidade nos pr\u00e9dios onde foram acomodados. O primeiro, um pr\u00e9dio de arquitetura antiga, escadaria estreita, dificultando o acesso de portadores de defici\u00eancia e idosos e tamb\u00e9m causando exaust\u00e3o a membros e servidores. O segundo, um pouco melhor, mas n\u00e3o atendendo ainda aos anseios. Ent\u00e3o, assumimos o compromisso e agora, gra\u00e7as a Deus, o sonho de todos ser\u00e1 realizado fazendo jus ao trabalho desenvolvido com tanta dedica\u00e7\u00e3o\u201d, enfatiza o chefe ministerial.<\/span><\/p>\n<p class=\"western\" align=\"justify\" data-raofz=\"14\"><span style=\"font-size: 14pt;\" data-raofz=\"14\">O engenheiro Caio Neves esteve acompanhando a limpeza do terreno e dando as devidas orienta\u00e7\u00f5es para um bom in\u00edcio da obra.<\/span><\/p>\n<p class=\"western\" align=\"justify\" data-raofz=\"14\"><span style=\"font-size: 14pt;\" data-raofz=\"14\">\u201c Essa \u00e9 a primeira visita que fazemos, o terreno tinha muita vegeta\u00e7\u00e3o e viemos acompanhar a limpeza, evidentemente necess\u00e1ria para que pud\u00e9ssemos dar in\u00edcio \u00e0 obra, al\u00e9m disso, da mesma forma que em Atalaia, ap\u00f3s a limpeza vem a loca\u00e7\u00e3o do canteiro e do pr\u00e9dio. No mais \u00e9 tocar os servi\u00e7os e fazer o acompanhamento necess\u00e1rio\u201d, diz o engenheiro.<\/span><\/p>\n<p class=\"western\" align=\"left\" data-raofz=\"14\"><span style=\"font-size: 14pt;\" data-raofz=\"14\">Em resumo, no local j\u00e1 foi iniciada a limpeza do terreno, a instala\u00e7\u00e3o e loca\u00e7\u00e3o do canteiro de obras, al\u00e9m da escava\u00e7\u00e3o do muro que garantir\u00e1 a seguran\u00e7a da obra. As fotos mostram o antes (no dia da assinatura da ordem de servi\u00e7o) e o presente.<\/span><\/p>\n<\/div><div class=\"fusion-clearfix\"><\/div>\n\n\t\t\t\t\t<\/div>\n\t\t\t\t<\/div><\/div><\/div>\n","protected":false},"excerpt":{"rendered":"","protected":false},"author":2,"featured_media":4234,"comment_status":"open","ping_status":"open","sticky":false,"template":"","format":"standard","meta":{"om_disable_all_campaigns":false,"_monsterinsights_skip_tracking":false,"_monsterinsights_sitenote_active":false,"_monsterinsights_sitenote_note":"","_monsterinsights_sitenote_category":0,"_uf_show_specific_survey":0,"_uf_disable_surveys":false,"footnotes":""},"categories":[2],"tags":[],"class_list":["post-4233","post","type-post","status-publish","format-standard","has-post-thumbnail","hentry","category-not_mpal"],"aioseo_notices":[],"_links":{"self":[{"href":"https:\/\/www.mpal.mp.br\/index.php?rest_route=\/wp\/v2\/posts\/4233","targetHints":{"allow":["GET"]}}],"collection":[{"href":"https:\/\/www.mpal.mp.br\/index.php?rest_route=\/wp\/v2\/posts"}],"about":[{"href":"https:\/\/www.mpal.mp.br\/index.php?rest_route=\/wp\/v2\/types\/post"}],"author":[{"embeddable":true,"href":"https:\/\/www.mpal.mp.br\/index.php?rest_route=\/wp\/v2\/users\/2"}],"replies":[{"embeddable":true,"href":"https:\/\/www.mpal.mp.br\/index.php?rest_route=%2Fwp%2Fv2%2Fcomments&post=4233"}],"version-history":[{"count":2,"href":"https:\/\/www.mpal.mp.br\/index.php?rest_route=\/wp\/v2\/posts\/4233\/revisions"}],"predecessor-version":[{"id":4236,"href":"https:\/\/www.mpal.mp.br\/index.php?rest_route=\/wp\/v2\/posts\/4233\/revisions\/4236"}],"wp:featuredmedia":[{"embeddable":true,"href":"https:\/\/www.mpal.mp.br\/index.php?rest_route=\/wp\/v2\/media\/4234"}],"wp:attachment":[{"href":"https:\/\/www.mpal.mp.br\/index.php?rest_route=%2Fwp%2Fv2%2Fmedia&parent=4233"}],"wp:term":[{"taxonomy":"category","embeddable":true,"href":"https:\/\/www.mpal.mp.br\/index.php?rest_route=%2Fwp%2Fv2%2Fcategories&post=4233"},{"taxonomy":"post_tag","embeddable":true,"href":"https:\/\/www.mpal.mp.br\/index.php?rest_route=%2Fwp%2Fv2%2Ftags&post=4233"}],"curies":[{"name":"wp","href":"https:\/\/api.w.org\/{rel}","templated":true}]}}