{"id":4230,"date":"2022-01-20T08:41:48","date_gmt":"2022-01-20T11:41:48","guid":{"rendered":"https:\/\/www.mpal.mp.br\/?p=4230"},"modified":"2022-04-19T08:42:44","modified_gmt":"2022-04-19T11:42:44","slug":"promotoria-de-justica-de-joaquim-gomes-denuncia-medico-que-cobrava-por-consulta-dentro-de-posto-de-saude","status":"publish","type":"post","link":"https:\/\/www.mpal.mp.br\/?p=4230","title":{"rendered":"Promotoria de Justi\u00e7a de Joaquim Gomes denuncia m\u00e9dico que cobrava por consulta dentro de posto de sa\u00fade"},"content":{"rendered":"<div class=\"fusion-fullwidth fullwidth-box fusion-builder-row-1 nonhundred-percent-fullwidth non-hundred-percent-height-scrolling\"  style='background-color: #ffffff;background-position: center center;background-repeat: no-repeat;padding-top:0px;padding-right:0px;padding-bottom:0px;padding-left:0px;'><div class=\"fusion-builder-row fusion-row \"><div  class=\"fusion-layout-column fusion_builder_column fusion_builder_column_1_1 fusion-builder-column-1 fusion-one-full fusion-column-first fusion-column-last 1_1\"  style='margin-top:0px;margin-bottom:20px;'>\n\t\t\t\t\t<div class=\"fusion-column-wrapper\" style=\"padding: 0px 0px 0px 0px;background-position:left top;background-repeat:no-repeat;-webkit-background-size:cover;-moz-background-size:cover;-o-background-size:cover;background-size:cover;\"   data-bg-url=\"\">\n\t\t\t\t\t\t<div class=\"fusion-text\"><p style=\"text-align: justify;\" align=\"justify\" data-raofz=\"14\"><span style=\"font-size: 14pt;\" data-raofz=\"13\">Ap\u00f3s den\u00fancia ajuizada pelo Minist\u00e9rio P\u00fablico Estadual de Alagoas (MPAL) em novembro do ano passado, o Poder Judici\u00e1rio deu in\u00edcio, nessa quarta-feira (19), \u00e0 a\u00e7\u00e3o penal contra o m\u00e9dico Thiago Viana Santana. Com a anu\u00eancia do ex-secret\u00e1rio municipal de Sa\u00fade de Joaquim Gomes, Est\u00e1cio Chagas de Almeida, Thiago cobrava por consultas dermatol\u00f3gicas realizadas dentro de uma unidade de sa\u00fade daquela cidade e, em troca, atendia de forma gratuita pacientes enviados pelo ent\u00e3o titular da pasta da sa\u00fade p\u00fablica. O m\u00e9dico j\u00e1 responde, desde 2020, a uma a\u00e7\u00e3o civil de responsabilidade contra ato de improbidade administrativa pelo mesmo motivo.<\/span><\/p>\n<p style=\"text-align: justify;\" align=\"justify\" data-raofz=\"14\"><span style=\"font-size: 14pt;\" data-raofz=\"13\">A den\u00fancia n\u00ba 08.2018.00138137-3 foi proposta pelo promotor de Justi\u00e7a Leonardo Novaes Bastos em 26 de novembro de 2021. Ela foi ajuizada ap\u00f3s o senhor Jos\u00e9 Ronaldo\u00a0M\u00e1ximo da Silva procurar o Minist\u00e9rio P\u00fablico, em Joaquim Gomes, para denunciar\u00a0que, ao\u00a0acompanhar\u00a0sua esposa, Roseane Maria da Concei\u00e7\u00e3o,\u00a0numa\u00a0consulta m\u00e9dica,\u00a0ambos foram atendidos por Thiago Viana Santana, ocasi\u00e3o em que o m\u00e9dico cobrou do casal o valor de R$150,00, mesmo\u00a0estando fazendo o atendimento dentro de uma unidade\u00a0b\u00e1sica de\u00a0sa\u00fade do munic\u00edpio.<\/span><\/p>\n<p style=\"text-align: justify;\" align=\"justify\" data-raofz=\"14\"><span style=\"font-size: 14pt;\" data-raofz=\"13\">Jos\u00e9 Ronaldo tamb\u00e9m disse que o m\u00e9dico confirmou que estava ocupando o espa\u00e7o da unidade de sa\u00fade para fazer atendimento particular na especialidade dele, dermatologia, com a devida autoriza\u00e7\u00e3o do secret\u00e1rio de Sa\u00fade, Est\u00e1cio Chagas. E, revelou ainda, que pagou os R$ 150 cobrados pela consulta, tendo recebido orienta\u00e7\u00e3o de Thiago Viana para voltar um m\u00eas depois, sendo esse retorno sem custo.<\/span><\/p>\n<p style=\"text-align: justify;\" align=\"justify\" data-raofz=\"14\"><span style=\"font-size: 14pt;\" data-raofz=\"13\">As v\u00edtimas do ato criminoso do m\u00e9dico tamb\u00e9m fizeram representa\u00e7\u00e3o contra Thiago junto ao Conselho Municipal de Sa\u00fade de Joaquim Gomes, que confirmou \u00e0 Promotoria de Justi\u00e7a a informa\u00e7\u00e3o. Inclusive, o conselheiro ouvido pelo MPAL informou que o referido m\u00e9dico confessou que a pr\u00e1tica da cobran\u00e7a j\u00e1 vinha sendo feita h\u00e1 algum tempo para outros pacientes e que, em \u201ctroca\u201d da permiss\u00e3o para fazer as consultas privadas, o ent\u00e3o secret\u00e1rio enviava ao posto de sa\u00fade pacientes para que o m\u00e9dico os atendesse sem cobrar pelo servi\u00e7o.<\/span><\/p>\n<p style=\"text-align: justify;\" align=\"justify\" data-raofz=\"14\"><span style=\"font-size: 14pt;\"><strong>Crime<\/strong><\/span><\/p>\n<p style=\"text-align: justify;\" align=\"justify\" data-raofz=\"14\"><span style=\"font-size: 14pt;\" data-raofz=\"13\">Leonardo Novaes Bastos pediu a condena\u00e7\u00e3o de Thiago Viana com base no artigo 317 do C\u00f3digo Penal Brasileiro, que diz que \u00e9 crime \u201cs<span lang=\"pt-BR\" data-raofz=\"13\">olicitar ou receber, para si ou para outrem, direta ou indiretamente, ainda que fora da fun\u00e7\u00e3o ou antes de assumi-la, mas em raz\u00e3o dela, vantagem indevida, ou aceitar promessa de tal vantagem\u201d.\u00a0<\/span><span lang=\"pt-BR\" data-raofz=\"13\">A pena prevista \u00e9 de\u00a0<\/span><span lang=\"pt-BR\" data-raofz=\"13\">reclus\u00e3o, de dois a 12 doze anos\u00a0<\/span><span lang=\"pt-BR\" data-raofz=\"13\">mais pagamento de\u00a0<\/span><span lang=\"pt-BR\" data-raofz=\"13\">multa.<\/span><\/span><\/p>\n<p style=\"text-align: justify;\" align=\"justify\" data-raofz=\"14\"><span style=\"font-size: 14pt;\" data-raofz=\"13\"><strong>Ato de improbidade<\/strong><\/span><\/p>\n<p style=\"text-align: justify;\" align=\"justify\" data-raofz=\"14\"><span style=\"font-size: 14pt;\" data-raofz=\"13\">Em 2020, o Minist\u00e9rio P\u00fablico j\u00e1 havia ajuizado a\u00e7\u00e3o por ato de improbidade administrativa contra o m\u00e9dico. \u201cVerificaram-se atos de improbidade administrativa geradores de enriquecimento il\u00edcito, preju\u00edzo ao er\u00e1rio e violadores dos princ\u00edpios da legalidade, moralidade, impessoalidade e efici\u00eancia administrativas. Assim, devem os promovidos, diante das improbidades ora demonstradas, responder moldes do artigo 12, incisos I, II e III da Lei 8.429\/92\u201d, diz o trecho da peti\u00e7\u00e3o\u201d, diz um trecho da peti\u00e7\u00e3o proposta \u00e0quela \u00e9poca.<\/span><\/p>\n<\/div><div class=\"fusion-clearfix\"><\/div>\n\n\t\t\t\t\t<\/div>\n\t\t\t\t<\/div><\/div><\/div>\n","protected":false},"excerpt":{"rendered":"","protected":false},"author":2,"featured_media":3993,"comment_status":"open","ping_status":"open","sticky":false,"template":"","format":"standard","meta":{"om_disable_all_campaigns":false,"_monsterinsights_skip_tracking":false,"_monsterinsights_sitenote_active":false,"_monsterinsights_sitenote_note":"","_monsterinsights_sitenote_category":0,"_uf_show_specific_survey":0,"_uf_disable_surveys":false,"footnotes":""},"categories":[2],"tags":[],"class_list":["post-4230","post","type-post","status-publish","format-standard","has-post-thumbnail","hentry","category-not_mpal"],"aioseo_notices":[],"_links":{"self":[{"href":"https:\/\/www.mpal.mp.br\/index.php?rest_route=\/wp\/v2\/posts\/4230","targetHints":{"allow":["GET"]}}],"collection":[{"href":"https:\/\/www.mpal.mp.br\/index.php?rest_route=\/wp\/v2\/posts"}],"about":[{"href":"https:\/\/www.mpal.mp.br\/index.php?rest_route=\/wp\/v2\/types\/post"}],"author":[{"embeddable":true,"href":"https:\/\/www.mpal.mp.br\/index.php?rest_route=\/wp\/v2\/users\/2"}],"replies":[{"embeddable":true,"href":"https:\/\/www.mpal.mp.br\/index.php?rest_route=%2Fwp%2Fv2%2Fcomments&post=4230"}],"version-history":[{"count":2,"href":"https:\/\/www.mpal.mp.br\/index.php?rest_route=\/wp\/v2\/posts\/4230\/revisions"}],"predecessor-version":[{"id":4232,"href":"https:\/\/www.mpal.mp.br\/index.php?rest_route=\/wp\/v2\/posts\/4230\/revisions\/4232"}],"wp:featuredmedia":[{"embeddable":true,"href":"https:\/\/www.mpal.mp.br\/index.php?rest_route=\/wp\/v2\/media\/3993"}],"wp:attachment":[{"href":"https:\/\/www.mpal.mp.br\/index.php?rest_route=%2Fwp%2Fv2%2Fmedia&parent=4230"}],"wp:term":[{"taxonomy":"category","embeddable":true,"href":"https:\/\/www.mpal.mp.br\/index.php?rest_route=%2Fwp%2Fv2%2Fcategories&post=4230"},{"taxonomy":"post_tag","embeddable":true,"href":"https:\/\/www.mpal.mp.br\/index.php?rest_route=%2Fwp%2Fv2%2Ftags&post=4230"}],"curies":[{"name":"wp","href":"https:\/\/api.w.org\/{rel}","templated":true}]}}