{"id":4205,"date":"2022-01-24T08:35:12","date_gmt":"2022-01-24T11:35:12","guid":{"rendered":"https:\/\/www.mpal.mp.br\/?p=4205"},"modified":"2022-04-19T08:35:43","modified_gmt":"2022-04-19T11:35:43","slug":"ministerio-publico-recomenda-que-prefeito-de-coruripe-se-abstenha-de-promover-festas-publicas","status":"publish","type":"post","link":"https:\/\/www.mpal.mp.br\/?p=4205","title":{"rendered":"Minist\u00e9rio P\u00fablico recomenda que prefeito de Coruripe se abstenha de promover festas p\u00fablicas"},"content":{"rendered":"<div class=\"fusion-fullwidth fullwidth-box fusion-builder-row-1 nonhundred-percent-fullwidth non-hundred-percent-height-scrolling\"  style='background-color: #ffffff;background-position: center center;background-repeat: no-repeat;padding-top:0px;padding-right:0px;padding-bottom:0px;padding-left:0px;'><div class=\"fusion-builder-row fusion-row \"><div  class=\"fusion-layout-column fusion_builder_column fusion_builder_column_1_1 fusion-builder-column-1 fusion-one-full fusion-column-first fusion-column-last 1_1\"  style='margin-top:0px;margin-bottom:20px;'>\n\t\t\t\t\t<div class=\"fusion-column-wrapper\" style=\"padding: 0px 0px 0px 0px;background-position:left top;background-repeat:no-repeat;-webkit-background-size:cover;-moz-background-size:cover;-o-background-size:cover;background-size:cover;\"   data-bg-url=\"\">\n\t\t\t\t\t\t<div class=\"fusion-text\"><div class=\"wpb_text_column wpb_content_element \" data-raofz=\"14\">\n<div id=\"ct_tr37kvb0qc73asq02wn3\" class=\"wpb_wrapper\" data-raofz=\"14\">\n<p style=\"text-align: justify;\" align=\"justify\" data-raofz=\"14\"><span style=\"font-size: 14pt;\" data-raofz=\"14\">O Minist\u00e9rio P\u00fablico do Estado de Alagoas (MPAL) recomendou, por meio da Promotoria de Justi\u00e7a de Coruripe, que o prefeito Marcelo Beltr\u00e3o, suspenda toda programa\u00e7\u00e3o de festividades p\u00fablicas para os meses de janeiro e fevereiro de 2022, incluindo as carnavalescas e tamb\u00e9m religiosas e, consequentemente, cancele contratos, publica\u00e7\u00e3o de editais ou qualquer tipo de despesa, repasses, patroc\u00ednios com uso de recursos p\u00fablicos. Para os eventos particulares, a promotora de Justi\u00e7a Hylza Paiva ressaltou que a autoriza\u00e7\u00e3o s\u00f3 deve ocorrer com efetiva comprova\u00e7\u00e3o de cumprimento das regras estabelecidas no Protocolo Sanit\u00e1rio de Distanciamento Social Controlado.<\/span><\/p>\n<p style=\"text-align: justify;\" align=\"justify\" data-raofz=\"14\"><span style=\"font-size: 14pt;\" data-raofz=\"14\">A representante do MPAL tamb\u00e9m recomendou ao chefe do Poder Executivo Municipal que, seguindo as orienta\u00e7\u00f5es da Vigil\u00e2ncia Sanit\u00e1ria local, seja criado um Decreto Municipal estabelecendo um limite de percentual m\u00e1ximo de p\u00fablico nos eventos particulares, em bares, casas de shows e similares. Hylza Paiva esclarece que diante de uma nova onda de casos de Covid e primando pelo cont\u00ednuo combate \u00e0 doen\u00e7a os cuidados s\u00e3o necess\u00e1rios para o bem dos mun\u00edcipes.<\/span><\/p>\n<p style=\"text-align: justify;\" align=\"justify\" data-raofz=\"14\"><span style=\"font-size: 14pt;\" data-raofz=\"14\">\u201cA recomenda\u00e7\u00e3o tem o objetivo de evitar gastos com o dinheiro p\u00fablico quando se fazem necess\u00e1rios novos investimentos na sa\u00fade e educa\u00e7\u00e3o, al\u00e9m de impedir aglomera\u00e7\u00e3o em locais p\u00fablicos sem a possibilidade de um controle e fiscaliza\u00e7\u00e3o r\u00edgidos. Ent\u00e3o, mesmo para as festas privadas foram recomendados os crit\u00e9rios para que possam acontecer e esperamos agora a manifesta\u00e7\u00e3o do gestor para sabermos se acatar\u00e1 ou n\u00e3o\u201d, explica a promotora.<\/span><\/p>\n<p style=\"text-align: justify;\" data-raofz=\"14\"><span style=\"font-size: 14pt;\" data-raofz=\"14\"><b>Festas privadas<\/b><\/span><\/p>\n<p style=\"text-align: justify;\" data-raofz=\"14\"><span style=\"font-size: 14pt;\" data-raofz=\"14\">Para as festas privadas programadas, os participantes devem apresentar comprovante de vacina\u00e7\u00e3o e usar m\u00e1scara, no local deve ter n\u00famero suficiente de \u00e1lcool 70% e haver distanciamento social.<\/span><\/p>\n<p style=\"text-align: justify;\" align=\"justify\" data-raofz=\"14\"><span style=\"font-size: 14pt;\" data-raofz=\"14\">\u201cDentro do local do evento tem de haver um n\u00famero de pessoas que permita o distanciamento, logo \u00e9 preciso que, com anteced\u00eancia, s\u00f3 sejam anunciadas as vendas de ingressos com n\u00famero limitado. Nestes locais devem ser seguidos todos os requisitos exigidos pelo Protocolo Sanit\u00e1rio de Distanciamento Social Controlado\u201d, adverte Hylza Paiva.<\/span><\/p>\n<p style=\"text-align: justify;\" align=\"justify\" data-raofz=\"14\"><span style=\"font-size: 14pt;\" data-raofz=\"14\">Al\u00e9m de tentar minimizar os casos de Covid-19 h\u00e1 uma preocupa\u00e7\u00e3o tamb\u00e9m da promotora de Justi\u00e7a em rela\u00e7\u00e3o \u00e0 eleva\u00e7\u00e3o de casos de gripes e H1N1 e H3N2.<\/span><\/p>\n<p style=\"text-align: justify;\" align=\"justify\" data-raofz=\"14\"><span style=\"font-size: 14pt;\" data-raofz=\"14\">Para a manifesta\u00e7\u00e3o de Marcelo Beltr\u00e3o foi dado um prazo de cinco dias informando se acata os termos da recomenda\u00e7\u00e3o e para poss\u00edveis justificativas caso seja ignorada.<\/span><\/p>\n<p style=\"text-align: justify;\" align=\"justify\" data-raofz=\"14\"><span style=\"font-size: 14pt;\" data-raofz=\"14\"><strong>\u00d3rg\u00e3os municipais<\/strong><\/span><\/p>\n<p style=\"text-align: justify;\" data-raofz=\"14\"><span style=\"font-size: 14pt;\" data-raofz=\"14\">Al\u00e9m de ser direcionada ao prefeito, a promotora deixa claro que a presente Recomenda\u00e7\u00e3o tem o car\u00e1ter de notificar as autoridades competentes e servidores p\u00fablicos(Vigil\u00e2ncia Sanit\u00e1ria, Secret\u00e1rio de Cultura e Eventos, Secret\u00e1rio de Esporte, Secret\u00e1rio de Infraestrutura, SMTT, PM, etc) da necessidade de serem adotadas medidas espec\u00edficas de prote\u00e7\u00e3o ao direito a sa\u00fade, \u00e0 vida, ao consumidor, sobretudo para eventual responsabiliza\u00e7\u00e3o civil, administrativa e criminal.<\/span><\/p>\n<\/div>\n<\/div>\n<\/div><div class=\"fusion-clearfix\"><\/div>\n\n\t\t\t\t\t<\/div>\n\t\t\t\t<\/div><\/div><\/div>\n","protected":false},"excerpt":{"rendered":"","protected":false},"author":2,"featured_media":4016,"comment_status":"open","ping_status":"open","sticky":false,"template":"","format":"standard","meta":{"om_disable_all_campaigns":false,"_monsterinsights_skip_tracking":false,"_monsterinsights_sitenote_active":false,"_monsterinsights_sitenote_note":"","_monsterinsights_sitenote_category":0,"_uf_show_specific_survey":0,"_uf_disable_surveys":false,"footnotes":""},"categories":[2],"tags":[],"class_list":["post-4205","post","type-post","status-publish","format-standard","has-post-thumbnail","hentry","category-not_mpal"],"aioseo_notices":[],"_links":{"self":[{"href":"https:\/\/www.mpal.mp.br\/index.php?rest_route=\/wp\/v2\/posts\/4205","targetHints":{"allow":["GET"]}}],"collection":[{"href":"https:\/\/www.mpal.mp.br\/index.php?rest_route=\/wp\/v2\/posts"}],"about":[{"href":"https:\/\/www.mpal.mp.br\/index.php?rest_route=\/wp\/v2\/types\/post"}],"author":[{"embeddable":true,"href":"https:\/\/www.mpal.mp.br\/index.php?rest_route=\/wp\/v2\/users\/2"}],"replies":[{"embeddable":true,"href":"https:\/\/www.mpal.mp.br\/index.php?rest_route=%2Fwp%2Fv2%2Fcomments&post=4205"}],"version-history":[{"count":2,"href":"https:\/\/www.mpal.mp.br\/index.php?rest_route=\/wp\/v2\/posts\/4205\/revisions"}],"predecessor-version":[{"id":4207,"href":"https:\/\/www.mpal.mp.br\/index.php?rest_route=\/wp\/v2\/posts\/4205\/revisions\/4207"}],"wp:featuredmedia":[{"embeddable":true,"href":"https:\/\/www.mpal.mp.br\/index.php?rest_route=\/wp\/v2\/media\/4016"}],"wp:attachment":[{"href":"https:\/\/www.mpal.mp.br\/index.php?rest_route=%2Fwp%2Fv2%2Fmedia&parent=4205"}],"wp:term":[{"taxonomy":"category","embeddable":true,"href":"https:\/\/www.mpal.mp.br\/index.php?rest_route=%2Fwp%2Fv2%2Fcategories&post=4205"},{"taxonomy":"post_tag","embeddable":true,"href":"https:\/\/www.mpal.mp.br\/index.php?rest_route=%2Fwp%2Fv2%2Ftags&post=4205"}],"curies":[{"name":"wp","href":"https:\/\/api.w.org\/{rel}","templated":true}]}}