{"id":4201,"date":"2022-01-24T08:33:54","date_gmt":"2022-01-24T11:33:54","guid":{"rendered":"https:\/\/www.mpal.mp.br\/?p=4201"},"modified":"2022-04-19T08:34:23","modified_gmt":"2022-04-19T11:34:23","slug":"pgj-marcio-roberto-recebe-nova-diretoria-da-oab-al-e-destaca-relacao-de-respeito-entre-as-duas-instituicoes","status":"publish","type":"post","link":"https:\/\/www.mpal.mp.br\/?p=4201","title":{"rendered":"PGJ M\u00e1rcio Roberto recebe nova diretoria da OAB\/AL e destaca rela\u00e7\u00e3o de respeito entre as duas institui\u00e7\u00f5es"},"content":{"rendered":"<div class=\"fusion-fullwidth fullwidth-box fusion-builder-row-1 nonhundred-percent-fullwidth non-hundred-percent-height-scrolling\"  style='background-color: #ffffff;background-position: center center;background-repeat: no-repeat;padding-top:0px;padding-right:0px;padding-bottom:0px;padding-left:0px;'><div class=\"fusion-builder-row fusion-row \"><div  class=\"fusion-layout-column fusion_builder_column fusion_builder_column_1_1 fusion-builder-column-1 fusion-one-full fusion-column-first fusion-column-last 1_1\"  style='margin-top:0px;margin-bottom:20px;'>\n\t\t\t\t\t<div class=\"fusion-column-wrapper\" style=\"padding: 0px 0px 0px 0px;background-position:left top;background-repeat:no-repeat;-webkit-background-size:cover;-moz-background-size:cover;-o-background-size:cover;background-size:cover;\"   data-bg-url=\"\">\n\t\t\t\t\t\t<div class=\"fusion-text\"><div class=\"wpb_text_column wpb_content_element \" data-raofz=\"14\">\n<div id=\"ct_tr37kvb0qc73asq02wn3\" class=\"wpb_wrapper\" data-raofz=\"14\">\n<p class=\"p1\" style=\"text-align: justify;\" data-raofz=\"14\"><span class=\"s1\" style=\"font-size: 14pt;\" data-raofz=\"14\">O procurador-geral de Justi\u00e7a, M\u00e1rcio Roberto Ten\u00f3rio de Albuquerque, recebeu, nesta segunda-feira (24), o novo presidente da Ordem dos Advogados do Brasil\/seccional Alagoas, Vagner Paes, acompanhado de sua diretoria, e o advogado M\u00e1rcio Roberto J\u00fanior. O encontro, que ocorreu na sede do Minist\u00e9rio P\u00fablico do Estado de Alagoas, dentre outras coisas, ocorreu para refor\u00e7ar a import\u00e2ncia da rela\u00e7\u00e3o de respeito e harmonia que deve ocorrer entre as duas institui\u00e7\u00f5es, t\u00e3o essenciais ao bom funcionamento do Sistema da Justi\u00e7a.<\/span><\/p>\n<p class=\"p1\" style=\"text-align: justify;\" data-raofz=\"14\"><span class=\"s1\" style=\"font-size: 14pt;\" data-raofz=\"14\">Na visita de cortesia, o chefe do MPAL, M\u00e1rcio Roberto, recepcionou em seu gabinete o presidente da OAB\/AL, Vagner Paes, o secret\u00e1rio-geral e o tesoureiro da Ordem, Henrique Correia e Victor Pontes, respectivamente, e o advogado M\u00e1rcio Roberto J\u00fanior. \u201cDe in\u00edcio, na ocasi\u00e3o, parabenizamos os advogados eleitos democraticamente para conduzir os destinos da Ordem dos Advogados do Brasil\/seccional Alagoas para o bi\u00eanio 2022\/2024 e desejamos sucesso \u00e0 administra\u00e7\u00e3o. A OAB \u00e9 um importante instrumento de defesa dos direitos do cidad\u00e3o\u201d, declarou o procurador-geral de Justi\u00e7a.<\/span><\/p>\n<p class=\"p1\" style=\"text-align: justify;\" data-raofz=\"14\"><span class=\"s1\" style=\"font-size: 14pt;\" data-raofz=\"14\">O encontro tamb\u00e9m serviu para refor\u00e7ar a boa rela\u00e7\u00e3o que deve existir entre o Minist\u00e9rio P\u00fablico e a Ordem. \u201cEstamos falando de institui\u00e7\u00f5es que, cada uma, dentro do seu papel constitucional, possui atribui\u00e7\u00f5es essenciais na promo\u00e7\u00e3o de justi\u00e7a para a sociedade. Refor\u00e7amos a nossa admira\u00e7\u00e3o pela OAB\/AL e falamos do nosso compromisso de manter sempre uma rela\u00e7\u00e3o cordial e de respeito com a entidade\u201d, afirmou M\u00e1rcio Roberto Ten\u00f3rio de Albuquerque.<\/span><\/p>\n<p class=\"p1\" style=\"text-align: justify;\" data-raofz=\"14\"><span class=\"s1\" style=\"font-size: 14pt;\" data-raofz=\"14\">Ainda durante a reuni\u00e3o, o procurador-geral de Justi\u00e7a recebeu o convite para a posse da nova diretoria da Ordem, solenidade que acontecer\u00e1 no pr\u00f3ximo dia 26, no Centro de Conven\u00e7\u00f5es Ruth Cardoso.<\/span><\/p>\n<\/div>\n<\/div>\n<\/div><div class=\"fusion-clearfix\"><\/div>\n\n\t\t\t\t\t<\/div>\n\t\t\t\t<\/div><\/div><\/div>\n","protected":false},"excerpt":{"rendered":"","protected":false},"author":2,"featured_media":4202,"comment_status":"open","ping_status":"open","sticky":false,"template":"","format":"standard","meta":{"om_disable_all_campaigns":false,"_monsterinsights_skip_tracking":false,"_monsterinsights_sitenote_active":false,"_monsterinsights_sitenote_note":"","_monsterinsights_sitenote_category":0,"_uf_show_specific_survey":0,"_uf_disable_surveys":false,"footnotes":""},"categories":[2],"tags":[],"class_list":["post-4201","post","type-post","status-publish","format-standard","has-post-thumbnail","hentry","category-not_mpal"],"aioseo_notices":[],"_links":{"self":[{"href":"https:\/\/www.mpal.mp.br\/index.php?rest_route=\/wp\/v2\/posts\/4201","targetHints":{"allow":["GET"]}}],"collection":[{"href":"https:\/\/www.mpal.mp.br\/index.php?rest_route=\/wp\/v2\/posts"}],"about":[{"href":"https:\/\/www.mpal.mp.br\/index.php?rest_route=\/wp\/v2\/types\/post"}],"author":[{"embeddable":true,"href":"https:\/\/www.mpal.mp.br\/index.php?rest_route=\/wp\/v2\/users\/2"}],"replies":[{"embeddable":true,"href":"https:\/\/www.mpal.mp.br\/index.php?rest_route=%2Fwp%2Fv2%2Fcomments&post=4201"}],"version-history":[{"count":2,"href":"https:\/\/www.mpal.mp.br\/index.php?rest_route=\/wp\/v2\/posts\/4201\/revisions"}],"predecessor-version":[{"id":4204,"href":"https:\/\/www.mpal.mp.br\/index.php?rest_route=\/wp\/v2\/posts\/4201\/revisions\/4204"}],"wp:featuredmedia":[{"embeddable":true,"href":"https:\/\/www.mpal.mp.br\/index.php?rest_route=\/wp\/v2\/media\/4202"}],"wp:attachment":[{"href":"https:\/\/www.mpal.mp.br\/index.php?rest_route=%2Fwp%2Fv2%2Fmedia&parent=4201"}],"wp:term":[{"taxonomy":"category","embeddable":true,"href":"https:\/\/www.mpal.mp.br\/index.php?rest_route=%2Fwp%2Fv2%2Fcategories&post=4201"},{"taxonomy":"post_tag","embeddable":true,"href":"https:\/\/www.mpal.mp.br\/index.php?rest_route=%2Fwp%2Fv2%2Ftags&post=4201"}],"curies":[{"name":"wp","href":"https:\/\/api.w.org\/{rel}","templated":true}]}}