{"id":4197,"date":"2022-01-26T08:32:16","date_gmt":"2022-01-26T11:32:16","guid":{"rendered":"https:\/\/www.mpal.mp.br\/?p=4197"},"modified":"2022-04-19T08:32:33","modified_gmt":"2022-04-19T11:32:33","slug":"procuradora-de-justica-marluce-caldas-e-a-primeira-mulher-a-participar-de-uma-sessao-da-camara-criminal-do-tjal","status":"publish","type":"post","link":"https:\/\/www.mpal.mp.br\/?p=4197","title":{"rendered":"Procuradora de Justi\u00e7a Marluce Caldas \u00e9 a primeira mulher a participar de uma sess\u00e3o da C\u00e2mara Criminal do TJAL"},"content":{"rendered":"<div class=\"fusion-fullwidth fullwidth-box fusion-builder-row-1 nonhundred-percent-fullwidth non-hundred-percent-height-scrolling\"  style='background-color: #ffffff;background-position: center center;background-repeat: no-repeat;padding-top:0px;padding-right:0px;padding-bottom:0px;padding-left:0px;'><div class=\"fusion-builder-row fusion-row \"><div  class=\"fusion-layout-column fusion_builder_column fusion_builder_column_1_1 fusion-builder-column-1 fusion-one-full fusion-column-first fusion-column-last 1_1\"  style='margin-top:0px;margin-bottom:20px;'>\n\t\t\t\t\t<div class=\"fusion-column-wrapper\" style=\"padding: 0px 0px 0px 0px;background-position:left top;background-repeat:no-repeat;-webkit-background-size:cover;-moz-background-size:cover;-o-background-size:cover;background-size:cover;\"   data-bg-url=\"\">\n\t\t\t\t\t\t<div class=\"fusion-text\"><div class=\"wpb_text_column wpb_content_element \" data-raofz=\"14\">\n<div id=\"ct_tr37kvb0qc73asq02wn3\" class=\"wpb_wrapper\" data-raofz=\"14\">\n<p align=\"justify\" data-raofz=\"14\"><span style=\"font-size: 14pt;\" data-raofz=\"13\">Pela primeira vez na hist\u00f3ria do Minist\u00e9rio P\u00fablico do Estado de Alagoas (MPAL) uma mulher teve atua\u00e7\u00e3o na C\u00e2mara Criminal do Tribunal de Justi\u00e7a de Alagoas. Nesta quarta-feira (26), a procuradora de Justi\u00e7a Marluce Caldas fez sua participa\u00e7\u00e3o naquele colegiado, exercendo suas atribui\u00e7\u00f5es em 72 processos em grau de recurso que estavam em pauta.<\/span><\/p>\n<p align=\"justify\" data-raofz=\"14\"><span style=\"font-size: 14pt;\" data-raofz=\"13\">Durante a sess\u00e3o, os desembargadores presentes deram as boas-vindas \u00e0 procuradora de Justi\u00e7a, que agradeceu a acolhida e refor\u00e7ou seu compromisso na promo\u00e7\u00e3o da Justi\u00e7a durante os julgamentos da C\u00e2mara Criminal. \u201cAvalio que estamos fazendo hist\u00f3ria no dia de hoje porque, pela primeira vez, nesta c\u00e2mara Criminal, uma mulher representa o Minist\u00e9rio P\u00fablico. Sinto-me feliz e honrada por ser esta mulher e por poder falar em nome da minha institui\u00e7\u00e3o durante o julgamento das a\u00e7\u00f5es penais que buscam a responsabiliza\u00e7\u00e3o daqueles que afrontaram a lei. Aproveito a oportunidade tamb\u00e9m para dizer que \u00e9 uma grande responsabilidade substituir, a partir de agora, o procurador Ant\u00f4nio Arecippo, nobre colega de Minist\u00e9rio P\u00fablico, e que cumprirei essa miss\u00e3o com muita responsabilidade e dedica\u00e7\u00e3o\u201d, declarou Marluce Caldas.<\/span><\/p>\n<p align=\"justify\" data-raofz=\"14\"><span style=\"font-size: 14pt;\" data-raofz=\"13\">O presidente da C\u00e2mara Criminal, desembargador Jos\u00e9 Carlos Malta Marques, destacou as qualidades da procuradora de Justi\u00e7a. \u201cQuando assisti a sua posse e vi aquele discurso emocionado, tive ainda mais certeza de que ter\u00edamos aqui, neste colegiado, uma grande representante do Minist\u00e9rio P\u00fablico, uma procuradora atuante e correta naquilo que faz. Seja muito bem-vinda\u201d, disse ele.<\/span><\/p>\n<p align=\"justify\" data-raofz=\"14\"><span style=\"font-size: 14pt;\" data-raofz=\"13\">\u201cVossa excel\u00eancia engradece o MP de Alagoas e estou seguro que dar\u00e1 grandes contribui\u00e7\u00f5es a esta C\u00e2mara Criminal. Como temos origens familiares semelhantes na \u00e1rea cartorial, j\u00e1 crescemos com esse sentimento de justi\u00e7a aflorado e, tamb\u00e9m por isso, a gente sabe que honrar\u00e1s essa miss\u00e3o\u201d, acrescentou o desembargador Washington Luiz Damasceno Freitas.<\/span><\/p>\n<p align=\"justify\" data-raofz=\"14\"><span style=\"font-size: 14pt;\" data-raofz=\"13\">E o reconhecimento seguiu com o desembargador Jo\u00e3o Luiz Azevedo Lessa. \u201cTrabalhamos juntos por muito tempo e eu sou prova do quanto Marluce Caldas \u00e9 comprometida e s\u00e9ria no desempenho das atribui\u00e7\u00f5es a ela conferidas. Conhe\u00e7o de perto a sua intelig\u00eancia e ela muito contribuir\u00e1 com as nossas discuss\u00f5es jur\u00eddicas\u201d, disse ele.<\/span><\/p>\n<p align=\"justify\" data-raofz=\"14\"><span style=\"font-size: 14pt;\" data-raofz=\"13\">A pr\u00f3xima sess\u00e3o da C\u00e2mara Criminal do Tribunal de Justi\u00e7a ocorrer\u00e1 na pr\u00f3xima semana.<\/span><\/p>\n<\/div>\n<\/div>\n<\/div><div class=\"fusion-clearfix\"><\/div>\n\n\t\t\t\t\t<\/div>\n\t\t\t\t<\/div><\/div><\/div>\n","protected":false},"excerpt":{"rendered":"","protected":false},"author":2,"featured_media":4198,"comment_status":"open","ping_status":"open","sticky":false,"template":"","format":"standard","meta":{"om_disable_all_campaigns":false,"_monsterinsights_skip_tracking":false,"_monsterinsights_sitenote_active":false,"_monsterinsights_sitenote_note":"","_monsterinsights_sitenote_category":0,"_uf_show_specific_survey":0,"_uf_disable_surveys":false,"footnotes":""},"categories":[2],"tags":[],"class_list":["post-4197","post","type-post","status-publish","format-standard","has-post-thumbnail","hentry","category-not_mpal"],"aioseo_notices":[],"_links":{"self":[{"href":"https:\/\/www.mpal.mp.br\/index.php?rest_route=\/wp\/v2\/posts\/4197","targetHints":{"allow":["GET"]}}],"collection":[{"href":"https:\/\/www.mpal.mp.br\/index.php?rest_route=\/wp\/v2\/posts"}],"about":[{"href":"https:\/\/www.mpal.mp.br\/index.php?rest_route=\/wp\/v2\/types\/post"}],"author":[{"embeddable":true,"href":"https:\/\/www.mpal.mp.br\/index.php?rest_route=\/wp\/v2\/users\/2"}],"replies":[{"embeddable":true,"href":"https:\/\/www.mpal.mp.br\/index.php?rest_route=%2Fwp%2Fv2%2Fcomments&post=4197"}],"version-history":[{"count":2,"href":"https:\/\/www.mpal.mp.br\/index.php?rest_route=\/wp\/v2\/posts\/4197\/revisions"}],"predecessor-version":[{"id":4200,"href":"https:\/\/www.mpal.mp.br\/index.php?rest_route=\/wp\/v2\/posts\/4197\/revisions\/4200"}],"wp:featuredmedia":[{"embeddable":true,"href":"https:\/\/www.mpal.mp.br\/index.php?rest_route=\/wp\/v2\/media\/4198"}],"wp:attachment":[{"href":"https:\/\/www.mpal.mp.br\/index.php?rest_route=%2Fwp%2Fv2%2Fmedia&parent=4197"}],"wp:term":[{"taxonomy":"category","embeddable":true,"href":"https:\/\/www.mpal.mp.br\/index.php?rest_route=%2Fwp%2Fv2%2Fcategories&post=4197"},{"taxonomy":"post_tag","embeddable":true,"href":"https:\/\/www.mpal.mp.br\/index.php?rest_route=%2Fwp%2Fv2%2Ftags&post=4197"}],"curies":[{"name":"wp","href":"https:\/\/api.w.org\/{rel}","templated":true}]}}