{"id":41861,"date":"2024-06-20T11:18:36","date_gmt":"2024-06-20T14:18:36","guid":{"rendered":"https:\/\/www.mpal.mp.br\/?p=41861"},"modified":"2024-06-20T11:18:36","modified_gmt":"2024-06-20T14:18:36","slug":"mpal-debate-medidas-para-a-prevencao-de-amputacoes-por-pe-diabetico-em-alagoas","status":"publish","type":"post","link":"https:\/\/www.mpal.mp.br\/?p=41861","title":{"rendered":"MPAL debate medidas para a preven\u00e7\u00e3o de amputa\u00e7\u00f5es por p\u00e9 diab\u00e9tico em Alagoas"},"content":{"rendered":"<div class=\"fusion-fullwidth fullwidth-box fusion-builder-row-1 nonhundred-percent-fullwidth non-hundred-percent-height-scrolling\"  style='background-color: #ffffff;background-position: center center;background-repeat: no-repeat;padding-top:0px;padding-right:0px;padding-bottom:0px;padding-left:0px;'><div class=\"fusion-builder-row fusion-row \"><div  class=\"fusion-layout-column fusion_builder_column fusion_builder_column_1_1 fusion-builder-column-1 fusion-one-full fusion-column-first fusion-column-last 1_1\"  style='margin-top:0px;margin-bottom:0px;'>\n\t\t\t\t\t<div class=\"fusion-column-wrapper\" style=\"padding: 0px 0px 0px 0px;background-position:left top;background-repeat:no-repeat;-webkit-background-size:cover;-moz-background-size:cover;-o-background-size:cover;background-size:cover;\"   data-bg-url=\"\">\n\t\t\t\t\t\t<div class=\"fusion-text\"><p style=\"text-align: justify;\"><span style=\"font-size: 14pt;\">O procurador-geral de Justi\u00e7a, Lean Ara\u00fajo, reuniu-se com o m\u00e9dico Guilherme Pitta para tratar do projeto \u201cFecha Feridas\u201d, que busca a preven\u00e7\u00e3o do p\u00e9 diab\u00e9tico, condi\u00e7\u00e3o que ocorre em pessoas com diabetes n\u00e3o controlado e que pode resultar em amputa\u00e7\u00e3o. No encontro, realizado nesta quarta-feira (19), os participantes discutiram a possibilidade de implanta\u00e7\u00e3o do projeto em todo o estado.<\/span><\/p>\n<p style=\"text-align: justify;\"><span style=\"font-size: 14pt;\">Est\u00e1 em tramita\u00e7\u00e3o na C\u00e2mara Municipal de Macei\u00f3 um projeto de lei que institui o Programa de Atendimento ao P\u00e9 Diab\u00e9tico, de autoria do vereador Leonardo Dias, movimento que surgiu a partir de di\u00e1logos suscitados pelo m\u00e9dico Guilherme Pitta.<\/span><\/p>\n<p style=\"text-align: justify;\"><span style=\"font-size: 14pt;\">\u201cEm vias de ser implementado no \u00e2mbito do Munic\u00edpio Macei\u00f3, aproveitamos para discutir durante o encontro a possibilidade de tamb\u00e9m estendermos essa iniciativa a todo o estado, tendo em vista que Alagoas tem registrado altos \u00edndices de amputa\u00e7\u00e3o de p\u00e9s diab\u00e9ticos\u201d, destacou o PGJ Lean Ara\u00fajo.<\/span><\/p>\n<p style=\"text-align: justify;\"><span style=\"font-size: 14pt;\">De acordo com Guilherme Pitta, a ideia \u00e9 trabalhar com a preven\u00e7\u00e3o, identificando precocemente diab\u00e9ticos com feridas que necessitam de tratamento. Para tal, \u00e9 necess\u00e1ria a devida capacita\u00e7\u00e3o dos profissionais que atuam nas unidades de sa\u00fade para que eles saibam identificar os pacientes que precisam de atendimento especializado.<\/span><\/p>\n<p style=\"text-align: justify;\"><span style=\"font-size: 14pt;\">Al\u00e9m do m\u00e9dico e do PGJ, participaram da reuni\u00e3o o corregedor-geral do MPAL, procurador de Justi\u00e7a Maur\u00edcio Pitta; a promotora de Justi\u00e7a Micheline Ten\u00f3rio (Sa\u00fade); a promotora Cec\u00edlia Carna\u00faba (Fazenda Estadual); o promotor de Justi\u00e7a Luciano Romero (Sa\u00fade); e o professor Aldemar Ara\u00fajo Castro (Uncisal).<\/span><\/p>\n<\/div><style type=\"text\/css\">.fusion-gallery-1 .fusion-gallery-image {border:0px solid #f6f6f6;-webkit-border-radius:5px;-moz-border-radius:5px;border-radius:5px;}<\/style><div class=\"fusion-gallery fusion-gallery-container fusion-grid-3 fusion-columns-total-0 fusion-gallery-layout-grid fusion-gallery-1\" style=\"margin:-5px;\"><div style=\"padding:5px;\" class=\"fusion-grid-column fusion-gallery-column fusion-gallery-column-3 hover-type-none\"><div class=\"fusion-gallery-image\"><a href=\"https:\/\/www.mpal.mp.br\/wp-content\/uploads\/2024\/06\/WhatsApp-Image-2024-06-20-at-08.19.03.jpeg\" rel=\"noreferrer\" data-rel=\"iLightbox[gallery_image_1]\" class=\"fusion-lightbox\" target=\"_self\"><img loading=\"lazy\" decoding=\"async\" src=\"https:\/\/www.mpal.mp.br\/wp-content\/uploads\/2024\/06\/WhatsApp-Image-2024-06-20-at-08.19.03.jpeg\" width=\"968\" height=\"575\" alt=\"\" title=\"WhatsApp Image 2024-06-20 at 08.19.03\" aria-label=\"WhatsApp Image 2024-06-20 at 08.19.03\" class=\"img-responsive wp-image-41863\" \/><\/a><\/div><\/div><\/div><div class=\"fusion-clearfix\"><\/div>\n\n\t\t\t\t\t<\/div>\n\t\t\t\t<\/div><\/div><\/div>\n","protected":false},"excerpt":{"rendered":"","protected":false},"author":6,"featured_media":41862,"comment_status":"open","ping_status":"open","sticky":false,"template":"","format":"standard","meta":{"om_disable_all_campaigns":false,"_monsterinsights_skip_tracking":false,"_monsterinsights_sitenote_active":false,"_monsterinsights_sitenote_note":"","_monsterinsights_sitenote_category":0,"_uf_show_specific_survey":0,"_uf_disable_surveys":false,"footnotes":""},"categories":[2,50],"tags":[],"class_list":["post-41861","post","type-post","status-publish","format-standard","has-post-thumbnail","hentry","category-not_mpal","category-not_saude"],"aioseo_notices":[],"_links":{"self":[{"href":"https:\/\/www.mpal.mp.br\/index.php?rest_route=\/wp\/v2\/posts\/41861","targetHints":{"allow":["GET"]}}],"collection":[{"href":"https:\/\/www.mpal.mp.br\/index.php?rest_route=\/wp\/v2\/posts"}],"about":[{"href":"https:\/\/www.mpal.mp.br\/index.php?rest_route=\/wp\/v2\/types\/post"}],"author":[{"embeddable":true,"href":"https:\/\/www.mpal.mp.br\/index.php?rest_route=\/wp\/v2\/users\/6"}],"replies":[{"embeddable":true,"href":"https:\/\/www.mpal.mp.br\/index.php?rest_route=%2Fwp%2Fv2%2Fcomments&post=41861"}],"version-history":[{"count":3,"href":"https:\/\/www.mpal.mp.br\/index.php?rest_route=\/wp\/v2\/posts\/41861\/revisions"}],"predecessor-version":[{"id":41866,"href":"https:\/\/www.mpal.mp.br\/index.php?rest_route=\/wp\/v2\/posts\/41861\/revisions\/41866"}],"wp:featuredmedia":[{"embeddable":true,"href":"https:\/\/www.mpal.mp.br\/index.php?rest_route=\/wp\/v2\/media\/41862"}],"wp:attachment":[{"href":"https:\/\/www.mpal.mp.br\/index.php?rest_route=%2Fwp%2Fv2%2Fmedia&parent=41861"}],"wp:term":[{"taxonomy":"category","embeddable":true,"href":"https:\/\/www.mpal.mp.br\/index.php?rest_route=%2Fwp%2Fv2%2Fcategories&post=41861"},{"taxonomy":"post_tag","embeddable":true,"href":"https:\/\/www.mpal.mp.br\/index.php?rest_route=%2Fwp%2Fv2%2Ftags&post=41861"}],"curies":[{"name":"wp","href":"https:\/\/api.w.org\/{rel}","templated":true}]}}