{"id":4186,"date":"2022-01-28T08:21:31","date_gmt":"2022-01-28T11:21:31","guid":{"rendered":"https:\/\/www.mpal.mp.br\/?p=4186"},"modified":"2022-04-19T08:21:57","modified_gmt":"2022-04-19T11:21:57","slug":"62a-promotoria-de-justica-investiga-suposta-violencia-policial-contra-gari","status":"publish","type":"post","link":"https:\/\/www.mpal.mp.br\/?p=4186","title":{"rendered":"62\u00aa Promotoria de Justi\u00e7a investiga suposta viol\u00eancia policial contra gari"},"content":{"rendered":"<div class=\"fusion-fullwidth fullwidth-box fusion-builder-row-1 nonhundred-percent-fullwidth non-hundred-percent-height-scrolling\"  style='background-color: #ffffff;background-position: center center;background-repeat: no-repeat;padding-top:0px;padding-right:0px;padding-bottom:0px;padding-left:0px;'><div class=\"fusion-builder-row fusion-row \"><div  class=\"fusion-layout-column fusion_builder_column fusion_builder_column_1_1 fusion-builder-column-1 fusion-one-full fusion-column-first fusion-column-last 1_1\"  style='margin-top:0px;margin-bottom:20px;'>\n\t\t\t\t\t<div class=\"fusion-column-wrapper\" style=\"padding: 0px 0px 0px 0px;background-position:left top;background-repeat:no-repeat;-webkit-background-size:cover;-moz-background-size:cover;-o-background-size:cover;background-size:cover;\"   data-bg-url=\"\">\n\t\t\t\t\t\t<div class=\"fusion-text\"><p data-raofz=\"14\"><span style=\"font-size: 14pt;\" data-raofz=\"13\">O Minist\u00e9rio P\u00fablico do Estado de Alagoas instaurou procedimento para apurar a suposta conduta ilegal que teria sido praticada por policiais militares contra um gari, na Vila Emater \u2013 localizada no bairro de Jacarecica, no \u00faltimo dia 13. A 62\u00aa Promotoria de Justi\u00e7a da capital tamb\u00e9m requisitou abertura de sindic\u00e2ncia \u00e0 Corregedoria da Pol\u00edcia Militar.<\/span><\/p>\n<p data-raofz=\"14\"><span style=\"font-size: 14pt;\" data-raofz=\"13\">De acordo com o promotor de Justi\u00e7a Magno Alexandre Moura, que est\u00e1 \u00e0 frente da 62\u00aa neste m\u00eas de janeiro, o MPAL foi procurado por entidades de Direitos Humanos e por familiares do gari Walquides Santos da Silva, de 26 anos, informando que ele teria sido atingido por disparos de armas de fogo feitos por uma equipe da Pol\u00edcia Militar. \u201cOs parentes alegam que a v\u00edtima foi confundida com um traficante e que fora baleada quando estava retornando para a sua resid\u00eancia, ap\u00f3s voltar da UPA mais pr\u00f3xima de sua casa, por desconfiar que estivesse com Covid-19. Diante disso, instauramos um procedimento para que o fato possa ser melhor apurado. Precisamos saber se houve ou n\u00e3o trucul\u00eancia e viol\u00eancia policial\u201d, afirmou o promotor.<\/span><\/p>\n<p data-raofz=\"14\"><span style=\"font-size: 14pt;\" data-raofz=\"13\">Magno Alexandre Moura declarou tamb\u00e9m que, diante da den\u00fancia, requisitou ao comando da corpora\u00e7\u00e3o para que, por meio da sua Corregedoria, proceda a abertura de uma sindic\u00e2ncia interna para apurar se realmente houve o desvio de conduta. \u201cSe a acusa\u00e7\u00e3o ficar comprovada, esses PMs ter\u00e3o que ser responsabilizados por abuso de autoridade, com uma a\u00e7\u00e3o a ser ajuizada pelo Minist\u00e9rio P\u00fablico. E, por consequ\u00eancia do resultado das apura\u00e7\u00f5es da pr\u00f3pria Pol\u00edcia Militar, queremos que o policial venha a agir com atitude, claro, mas, tamb\u00e9m, com responsabilidade\u201d. frisou.<\/span><\/p>\n<p data-raofz=\"14\"><span style=\"font-size: 14pt;\"><strong>Monitoramento no fardamento<\/strong><\/span><\/p>\n<p data-raofz=\"14\"><span style=\"font-size: 14pt;\" data-raofz=\"13\">Diante de novas den\u00fancias de suposta viol\u00eancia policial, o promotor Magno Alexandre Moura refor\u00e7ou a necessidade de serem instaladas c\u00e2meras no fardamento dos militares que est\u00e3o atuando no policiamento ostensivo nas ruas. \u201cEssa \u00e9 uma forma de garantir mais seguran\u00e7a para todos os lados envolvidos: cidad\u00e3o e o pr\u00f3prio policial, al\u00e9m de prestigiar o princ\u00edpio constitucional da efici\u00eancia na administra\u00e7\u00e3o p\u00fablica, tendo em vista que a pr\u00f3pria pol\u00edcia poder\u00e1 revisar os atos praticados por seus agentes. Estados que assim j\u00e1 o fazem, a exemplo de S\u00e3o Paulo, conseguiram reduzir consideravelmente o n\u00famero de letalidade policial com c\u00e2meras em uniformes\u201d, garantiu.<\/span><\/p>\n<\/div><div class=\"fusion-clearfix\"><\/div>\n\n\t\t\t\t\t<\/div>\n\t\t\t\t<\/div><\/div><\/div>\n","protected":false},"excerpt":{"rendered":"","protected":false},"author":2,"featured_media":4187,"comment_status":"open","ping_status":"open","sticky":false,"template":"","format":"standard","meta":{"om_disable_all_campaigns":false,"_monsterinsights_skip_tracking":false,"_monsterinsights_sitenote_active":false,"_monsterinsights_sitenote_note":"","_monsterinsights_sitenote_category":0,"_uf_show_specific_survey":0,"_uf_disable_surveys":false,"footnotes":""},"categories":[2],"tags":[],"class_list":["post-4186","post","type-post","status-publish","format-standard","has-post-thumbnail","hentry","category-not_mpal"],"aioseo_notices":[],"_links":{"self":[{"href":"https:\/\/www.mpal.mp.br\/index.php?rest_route=\/wp\/v2\/posts\/4186","targetHints":{"allow":["GET"]}}],"collection":[{"href":"https:\/\/www.mpal.mp.br\/index.php?rest_route=\/wp\/v2\/posts"}],"about":[{"href":"https:\/\/www.mpal.mp.br\/index.php?rest_route=\/wp\/v2\/types\/post"}],"author":[{"embeddable":true,"href":"https:\/\/www.mpal.mp.br\/index.php?rest_route=\/wp\/v2\/users\/2"}],"replies":[{"embeddable":true,"href":"https:\/\/www.mpal.mp.br\/index.php?rest_route=%2Fwp%2Fv2%2Fcomments&post=4186"}],"version-history":[{"count":2,"href":"https:\/\/www.mpal.mp.br\/index.php?rest_route=\/wp\/v2\/posts\/4186\/revisions"}],"predecessor-version":[{"id":4189,"href":"https:\/\/www.mpal.mp.br\/index.php?rest_route=\/wp\/v2\/posts\/4186\/revisions\/4189"}],"wp:featuredmedia":[{"embeddable":true,"href":"https:\/\/www.mpal.mp.br\/index.php?rest_route=\/wp\/v2\/media\/4187"}],"wp:attachment":[{"href":"https:\/\/www.mpal.mp.br\/index.php?rest_route=%2Fwp%2Fv2%2Fmedia&parent=4186"}],"wp:term":[{"taxonomy":"category","embeddable":true,"href":"https:\/\/www.mpal.mp.br\/index.php?rest_route=%2Fwp%2Fv2%2Fcategories&post=4186"},{"taxonomy":"post_tag","embeddable":true,"href":"https:\/\/www.mpal.mp.br\/index.php?rest_route=%2Fwp%2Fv2%2Ftags&post=4186"}],"curies":[{"name":"wp","href":"https:\/\/api.w.org\/{rel}","templated":true}]}}