{"id":41841,"date":"2024-06-20T09:19:15","date_gmt":"2024-06-20T12:19:15","guid":{"rendered":"https:\/\/www.mpal.mp.br\/?p=41841"},"modified":"2024-06-20T09:55:24","modified_gmt":"2024-06-20T12:55:24","slug":"em-acao-mpal-pede-a-estruturacao-da-delegacia-do-municipio-de-capela","status":"publish","type":"post","link":"https:\/\/www.mpal.mp.br\/?p=41841","title":{"rendered":"Em a\u00e7\u00e3o, MPAL pede a estrutura\u00e7\u00e3o da Delegacia do munic\u00edpio de Capela"},"content":{"rendered":"<div class=\"fusion-fullwidth fullwidth-box fusion-builder-row-1 nonhundred-percent-fullwidth non-hundred-percent-height-scrolling\"  style='background-color: #ffffff;background-position: center center;background-repeat: no-repeat;padding-top:0px;padding-right:0px;padding-bottom:0px;padding-left:0px;'><div class=\"fusion-builder-row fusion-row \"><div  class=\"fusion-layout-column fusion_builder_column fusion_builder_column_1_1 fusion-builder-column-1 fusion-one-full fusion-column-first fusion-column-last 1_1\"  style='margin-top:0px;margin-bottom:0px;'>\n\t\t\t\t\t<div class=\"fusion-column-wrapper\" style=\"padding: 0px 0px 0px 0px;background-position:left top;background-repeat:no-repeat;-webkit-background-size:cover;-moz-background-size:cover;-o-background-size:cover;background-size:cover;\"   data-bg-url=\"\">\n\t\t\t\t\t\t<div class=\"fusion-text\"><p style=\"text-align: justify;\"><span style=\"font-size: 14pt;\">Com o objetivo de estruturar a Delegacia de Pol\u00edcia Civil de Capela, o Minist\u00e9rio P\u00fablico de Alagoas ajuizou uma a\u00e7\u00e3o civil p\u00fablica contra o Estado de Alagoas. Em pedido liminar, o MPAL solicita que o Estado aumente o efetivo policial em Capela, estabelecendo o quantitativo m\u00ednimo de tr\u00eas escriv\u00e3es e dois agentes, que dever\u00e3o atuar diariamente na delegacia.<\/span><\/p>\n<p style=\"text-align: justify;\"><span style=\"font-size: 14pt;\">De acordo com o promotor de Justi\u00e7a Guilherme Diamantaras, o Estado dever\u00e1 tamb\u00e9m garantir as condi\u00e7\u00f5es adequadas de trabalho, com local pr\u00f3prio para o dep\u00f3sito de bens, armas, ve\u00edculos e drogas, bem como m\u00f3veis, computadores e demais equipamentos de inform\u00e1tica, em quantidade suficiente.<\/span><\/p>\n<p style=\"text-align: justify;\"><span style=\"font-size: 14pt;\">Na a\u00e7\u00e3o, o MPAL solicita ainda que a delegacia passe a contar com salas para reconhecimento, setor de opera\u00e7\u00f5es, oitivas, registros de boletins de ocorr\u00eancia, bem como uma sala destinada ao delegado. <\/span><\/p>\n<p style=\"text-align: justify;\"><span style=\"font-size: 14pt;\">A delegacia precisar\u00e1 se adequar \u00e0s normas de acessibilidade e dispor de <\/span><span style=\"font-size: 14pt;\">um sistema de monitoramento, celas para cust\u00f3dia, internet e linha telef\u00f4nica.<\/span><\/p>\n<p style=\"text-align: justify;\"><span style=\"font-size: 14pt;\"><b>Mais medidas<\/b><\/span><\/p>\n<p style=\"text-align: justify;\"><span style=\"font-size: 14pt;\">O Estado dever\u00e1 providenciar viaturas que possibilitem o bom desempenho da atividade policial. A frota dever\u00e1 contar inclusive com ve\u00edculos com tra\u00e7\u00e3o 4&#215;4, que permitem o acesso \u00e0 \u00e1rea rural. Deve-se observar tamb\u00e9m a necessidade de ve\u00edculos ostensivos e descaracterizados.<\/span><\/p>\n<p style=\"text-align: justify;\"><span style=\"font-size: 14pt;\">O MPAL solicita \u00e0 Justi\u00e7a que o Estado providencie a implementa\u00e7\u00e3o do atendimento policial especializado para mulheres na Delegacia de Capela, com capacita\u00e7\u00e3o do pessoal e estrutura\u00e7\u00e3o adequada.<\/span><\/p>\n<p style=\"text-align: justify;\"><span style=\"font-size: 14pt;\">Caso n\u00e3o seja poss\u00edvel implementar todas as medidas imediatamente, o Minist\u00e9rio P\u00fablico pede a cria\u00e7\u00e3o de um cronograma com prazo m\u00e1ximo de seis meses para o cumprimento de todas as obriga\u00e7\u00f5es.<\/span><\/p>\n<p style=\"text-align: justify;\"><strong><span style=\"font-size: 14pt;\">Multa<\/span><\/strong><\/p>\n<p style=\"text-align: justify;\"><span style=\"font-size: 14pt;\">O Estado dever\u00e1 comprovar, por meio de documenta\u00e7\u00e3o, que realmente cumpriu as obriga\u00e7\u00f5es impostas na a\u00e7\u00e3o civil p\u00fablica. Caso desrespeite alguma das cl\u00e1usulas da a\u00e7\u00e3o, estar\u00e1 sujeito a multa di\u00e1ria de R$ 10 mil.<\/span><\/p>\n<\/div><style type=\"text\/css\">.fusion-gallery-1 .fusion-gallery-image {border:0px solid #f6f6f6;-webkit-border-radius:5px;-moz-border-radius:5px;border-radius:5px;}<\/style><div class=\"fusion-gallery fusion-gallery-container fusion-grid-3 fusion-columns-total-0 fusion-gallery-layout-grid fusion-gallery-1\" style=\"margin:-5px;\"><div style=\"padding:5px;\" class=\"fusion-grid-column fusion-gallery-column fusion-gallery-column-3 hover-type-none\"><div class=\"fusion-gallery-image\"><a href=\"https:\/\/www.mpal.mp.br\/wp-content\/uploads\/2024\/06\/WhatsApp-Image-2024-06-20-at-09.27.14.jpeg\" rel=\"noreferrer\" data-rel=\"iLightbox[gallery_image_1]\" class=\"fusion-lightbox\" target=\"_self\"><img loading=\"lazy\" decoding=\"async\" src=\"https:\/\/www.mpal.mp.br\/wp-content\/uploads\/2024\/06\/WhatsApp-Image-2024-06-20-at-09.27.14.jpeg\" width=\"960\" height=\"1280\" alt=\"\" title=\"WhatsApp Image 2024-06-20 at 09.27.14\" aria-label=\"WhatsApp Image 2024-06-20 at 09.27.14\" class=\"img-responsive wp-image-41845\" \/><\/a><\/div><\/div><div style=\"padding:5px;\" class=\"fusion-grid-column fusion-gallery-column fusion-gallery-column-3 hover-type-none\"><div class=\"fusion-gallery-image\"><a href=\"https:\/\/www.mpal.mp.br\/wp-content\/uploads\/2024\/06\/WhatsApp-Image-2024-06-20-at-09.27.15-1.jpeg\" rel=\"noreferrer\" data-rel=\"iLightbox[gallery_image_1]\" class=\"fusion-lightbox\" target=\"_self\"><img loading=\"lazy\" decoding=\"async\" src=\"https:\/\/www.mpal.mp.br\/wp-content\/uploads\/2024\/06\/WhatsApp-Image-2024-06-20-at-09.27.15-1.jpeg\" width=\"1280\" height=\"960\" alt=\"\" title=\"WhatsApp Image 2024-06-20 at 09.27.15 (1)\" aria-label=\"WhatsApp Image 2024-06-20 at 09.27.15 (1)\" class=\"img-responsive wp-image-41846\" \/><\/a><\/div><\/div><div style=\"padding:5px;\" class=\"fusion-grid-column fusion-gallery-column fusion-gallery-column-3 hover-type-none\"><div class=\"fusion-gallery-image\"><a href=\"https:\/\/www.mpal.mp.br\/wp-content\/uploads\/2024\/06\/WhatsApp-Image-2024-06-20-at-09.27.15.jpeg\" rel=\"noreferrer\" data-rel=\"iLightbox[gallery_image_1]\" class=\"fusion-lightbox\" target=\"_self\"><img loading=\"lazy\" decoding=\"async\" src=\"https:\/\/www.mpal.mp.br\/wp-content\/uploads\/2024\/06\/WhatsApp-Image-2024-06-20-at-09.27.15.jpeg\" width=\"960\" height=\"1280\" alt=\"\" title=\"WhatsApp Image 2024-06-20 at 09.27.15\" aria-label=\"WhatsApp Image 2024-06-20 at 09.27.15\" class=\"img-responsive wp-image-41847\" \/><\/a><\/div><\/div><div class=\"clearfix\"><\/div><\/div><div class=\"fusion-clearfix\"><\/div>\n\n\t\t\t\t\t<\/div>\n\t\t\t\t<\/div><\/div><\/div>\n","protected":false},"excerpt":{"rendered":"","protected":false},"author":6,"featured_media":41853,"comment_status":"open","ping_status":"open","sticky":false,"template":"","format":"standard","meta":{"om_disable_all_campaigns":false,"_monsterinsights_skip_tracking":false,"_monsterinsights_sitenote_active":false,"_monsterinsights_sitenote_note":"","_monsterinsights_sitenote_category":0,"_uf_show_specific_survey":0,"_uf_disable_surveys":false,"footnotes":""},"categories":[2,52],"tags":[],"class_list":["post-41841","post","type-post","status-publish","format-standard","has-post-thumbnail","hentry","category-not_mpal","category-not_seguranca_publica"],"aioseo_notices":[],"_links":{"self":[{"href":"https:\/\/www.mpal.mp.br\/index.php?rest_route=\/wp\/v2\/posts\/41841","targetHints":{"allow":["GET"]}}],"collection":[{"href":"https:\/\/www.mpal.mp.br\/index.php?rest_route=\/wp\/v2\/posts"}],"about":[{"href":"https:\/\/www.mpal.mp.br\/index.php?rest_route=\/wp\/v2\/types\/post"}],"author":[{"embeddable":true,"href":"https:\/\/www.mpal.mp.br\/index.php?rest_route=\/wp\/v2\/users\/6"}],"replies":[{"embeddable":true,"href":"https:\/\/www.mpal.mp.br\/index.php?rest_route=%2Fwp%2Fv2%2Fcomments&post=41841"}],"version-history":[{"count":7,"href":"https:\/\/www.mpal.mp.br\/index.php?rest_route=\/wp\/v2\/posts\/41841\/revisions"}],"predecessor-version":[{"id":41851,"href":"https:\/\/www.mpal.mp.br\/index.php?rest_route=\/wp\/v2\/posts\/41841\/revisions\/41851"}],"wp:featuredmedia":[{"embeddable":true,"href":"https:\/\/www.mpal.mp.br\/index.php?rest_route=\/wp\/v2\/media\/41853"}],"wp:attachment":[{"href":"https:\/\/www.mpal.mp.br\/index.php?rest_route=%2Fwp%2Fv2%2Fmedia&parent=41841"}],"wp:term":[{"taxonomy":"category","embeddable":true,"href":"https:\/\/www.mpal.mp.br\/index.php?rest_route=%2Fwp%2Fv2%2Fcategories&post=41841"},{"taxonomy":"post_tag","embeddable":true,"href":"https:\/\/www.mpal.mp.br\/index.php?rest_route=%2Fwp%2Fv2%2Ftags&post=41841"}],"curies":[{"name":"wp","href":"https:\/\/api.w.org\/{rel}","templated":true}]}}