{"id":4182,"date":"2022-01-28T08:19:59","date_gmt":"2022-01-28T11:19:59","guid":{"rendered":"https:\/\/www.mpal.mp.br\/?p=4182"},"modified":"2022-04-19T08:20:44","modified_gmt":"2022-04-19T11:20:44","slug":"sede-de-aprender-inspeciona-escolas-de-atalaia-constata-inconformidades-e-gestores-se-comprometem-em-sanar-as-falhas","status":"publish","type":"post","link":"https:\/\/www.mpal.mp.br\/?p=4182","title":{"rendered":"\u201cSede de Aprender\u201d inspeciona escolas de Atalaia, constata inconformidades e gestores se comprometem em sanar as falhas"},"content":{"rendered":"<div class=\"fusion-fullwidth fullwidth-box fusion-builder-row-1 nonhundred-percent-fullwidth non-hundred-percent-height-scrolling\"  style='background-color: #ffffff;background-position: center center;background-repeat: no-repeat;padding-top:0px;padding-right:0px;padding-bottom:0px;padding-left:0px;'><div class=\"fusion-builder-row fusion-row \"><div  class=\"fusion-layout-column fusion_builder_column fusion_builder_column_1_1 fusion-builder-column-1 fusion-one-full fusion-column-first fusion-column-last 1_1\"  style='margin-top:0px;margin-bottom:20px;'>\n\t\t\t\t\t<div class=\"fusion-column-wrapper\" style=\"padding: 0px 0px 0px 0px;background-position:left top;background-repeat:no-repeat;-webkit-background-size:cover;-moz-background-size:cover;-o-background-size:cover;background-size:cover;\"   data-bg-url=\"\">\n\t\t\t\t\t\t<div class=\"fusion-text\"><p data-raofz=\"14\"><span style=\"font-size: 14pt;\" data-raofz=\"13\">Pela segunda vez agora em 2022 ocorreu, nessa quarta-feira (27), mais uma inspe\u00e7\u00e3o do \u201cSede de aprender: \u00c1gua pot\u00e1vel nas escolas\u201d. O projeto, que \u00e9 uma iniciativa dos N\u00facleos de Defesa da Educa\u00e7\u00e3o e do Patrim\u00f4nio P\u00fablico do Minist\u00e9rio P\u00fablico do Estado de Alagoas (MPAL), foi at\u00e9 a cidade de Atalaia e visitou quatro escolas, sendo uma delas privada. Como durante os trabalhos foram detectadas algumas inconformidades, os promotores de Justi\u00e7a j\u00e1 pediram a sua corre\u00e7\u00e3o aos gestores p\u00fablicos das unidades de ensino, que se comprometeram em solucionar as falhas.<\/span><\/p>\n<p data-raofz=\"14\"><span style=\"font-size: 14pt;\" data-raofz=\"13\">As fiscaliza\u00e7\u00f5es foram comandadas pelos promotores de Justi\u00e7a Lucas Sachsida \u2013 que coordena o projeto \u2013 Kleber Valadares e Bruno Baptista, integrante do N\u00facleo da Educa\u00e7\u00e3o e promotor da comarca de Atalaia, respectivamente. Eles estiveram nas Escolas Municipais Francisco Moura e Jabes Francisco da Silva, Escola Estadual Floriano Peixoto e no Centro Pedag\u00f3gico Educando Para Vida (privada).<\/span><\/p>\n<p data-raofz=\"14\"><span style=\"font-size: 14pt;\" data-raofz=\"13\">De acordo com os promotores, as inspe\u00e7\u00f5es constataram algumas inconformidades, que j\u00e1 foram pontuadas junto aos diretores das unidades de ensino e a Secretaria Municipal de Educa\u00e7\u00e3o. Em conversa com esses gestores, os representantes do Minist\u00e9rio P\u00fablico apontaram os pontos alvos de questionamento e informaram que, por meio do inqu\u00e9rito civil n\u00ba 06.2021.00000467-4, v\u00e3o acompanhar a evolu\u00e7\u00e3o da resolu\u00e7\u00e3o das quest\u00f5es abordadas.<\/span><\/p>\n<p data-raofz=\"14\"><span style=\"font-size: 14pt;\"><strong>As falhas<\/strong><\/span><\/p>\n<p data-raofz=\"14\"><span style=\"font-size: 14pt;\" data-raofz=\"13\">Al\u00e9m das pontua\u00e7\u00f5es feitas durante as inspe\u00e7\u00f5es, o MPAL tamb\u00e9m vai solicitar, por meio de of\u00edcio, que as falhas sejam solucionadas. Dentre outras coisas, a institui\u00e7\u00e3o encontrou infiltra\u00e7\u00f5es nas paredes, quantidade insuficiente de bebedouros dispon\u00edveis em escolas com uma grande quantidade de alunos e presen\u00e7a de pombos \u2013 o que pode levar doen\u00e7as \u00e0 comunidade escolar.<\/span><\/p>\n<p data-raofz=\"14\"><span style=\"font-size: 14pt;\" data-raofz=\"13\">Parceiro do projeto, o Instituto do Meio Ambiente de Alagoas (IMA) tamb\u00e9m acompanhou a fiscaliza\u00e7\u00e3o e recolheu amostras da \u00e1gua existente nos bebedouros e nas pias das cozinhas a fim de realizar o exame de microbiologia, capaz de avaliar a potabilidade dessa \u00e1gua que \u00e9 servida para os alunos e utilizada para o preparo da merenda escolar.<\/span><\/p>\n<p data-raofz=\"14\"><span style=\"font-size: 14pt;\" data-raofz=\"13\"><b><strong>O projeto<\/strong><\/b><\/span><\/p>\n<p data-raofz=\"14\"><span style=\"font-size: 14pt;\" data-raofz=\"13\">O projeto \u201cSede de aprender: \u00c1gua pot\u00e1vel nas escolas\u201d \u00e9 uma a\u00e7\u00e3o dos N\u00facleos de Defesa da Educa\u00e7\u00e3o e do Patrim\u00f4nio P\u00fablico, que t\u00eam a coordena\u00e7\u00e3o dos promotores Lucas Sachsida e Jos\u00e9 Carlos Castro, respectivamente, e conta com o apoio do Centro de Apoio Operacional \u00e0s Promotorias de Justi\u00e7a (Caop) e da Assessoria de Planejamento Estrat\u00e9gico (Asplage). Ele tem o objetivo de discutir, propor e ajudar a implantar medidas capazes de solucionar o problema da falta de \u00e1gua de qualidade em escolas das redes p\u00fablica e privada na capital e interior.<\/span><\/p>\n<\/div><div class=\"fusion-clearfix\"><\/div>\n\n\t\t\t\t\t<\/div>\n\t\t\t\t<\/div><\/div><\/div>\n","protected":false},"excerpt":{"rendered":"","protected":false},"author":2,"featured_media":4183,"comment_status":"open","ping_status":"open","sticky":false,"template":"","format":"standard","meta":{"om_disable_all_campaigns":false,"_monsterinsights_skip_tracking":false,"_monsterinsights_sitenote_active":false,"_monsterinsights_sitenote_note":"","_monsterinsights_sitenote_category":0,"_uf_show_specific_survey":0,"_uf_disable_surveys":false,"footnotes":""},"categories":[2],"tags":[],"class_list":["post-4182","post","type-post","status-publish","format-standard","has-post-thumbnail","hentry","category-not_mpal"],"aioseo_notices":[],"_links":{"self":[{"href":"https:\/\/www.mpal.mp.br\/index.php?rest_route=\/wp\/v2\/posts\/4182","targetHints":{"allow":["GET"]}}],"collection":[{"href":"https:\/\/www.mpal.mp.br\/index.php?rest_route=\/wp\/v2\/posts"}],"about":[{"href":"https:\/\/www.mpal.mp.br\/index.php?rest_route=\/wp\/v2\/types\/post"}],"author":[{"embeddable":true,"href":"https:\/\/www.mpal.mp.br\/index.php?rest_route=\/wp\/v2\/users\/2"}],"replies":[{"embeddable":true,"href":"https:\/\/www.mpal.mp.br\/index.php?rest_route=%2Fwp%2Fv2%2Fcomments&post=4182"}],"version-history":[{"count":2,"href":"https:\/\/www.mpal.mp.br\/index.php?rest_route=\/wp\/v2\/posts\/4182\/revisions"}],"predecessor-version":[{"id":4185,"href":"https:\/\/www.mpal.mp.br\/index.php?rest_route=\/wp\/v2\/posts\/4182\/revisions\/4185"}],"wp:featuredmedia":[{"embeddable":true,"href":"https:\/\/www.mpal.mp.br\/index.php?rest_route=\/wp\/v2\/media\/4183"}],"wp:attachment":[{"href":"https:\/\/www.mpal.mp.br\/index.php?rest_route=%2Fwp%2Fv2%2Fmedia&parent=4182"}],"wp:term":[{"taxonomy":"category","embeddable":true,"href":"https:\/\/www.mpal.mp.br\/index.php?rest_route=%2Fwp%2Fv2%2Fcategories&post=4182"},{"taxonomy":"post_tag","embeddable":true,"href":"https:\/\/www.mpal.mp.br\/index.php?rest_route=%2Fwp%2Fv2%2Ftags&post=4182"}],"curies":[{"name":"wp","href":"https:\/\/api.w.org\/{rel}","templated":true}]}}