{"id":4179,"date":"2022-01-29T08:18:35","date_gmt":"2022-01-29T11:18:35","guid":{"rendered":"https:\/\/www.mpal.mp.br\/?p=4179"},"modified":"2022-04-19T08:18:46","modified_gmt":"2022-04-19T11:18:46","slug":"ministerio-publico-instaura-procedimento-administrativo-e-convoca-orgaos-municipais-para-definir-situacao-de-food-trucks","status":"publish","type":"post","link":"https:\/\/www.mpal.mp.br\/?p=4179","title":{"rendered":"Minist\u00e9rio P\u00fablico instaura procedimento administrativo e convoca \u00f3rg\u00e3os municipais para definir situa\u00e7\u00e3o de Food Trucks"},"content":{"rendered":"<div class=\"fusion-fullwidth fullwidth-box fusion-builder-row-1 nonhundred-percent-fullwidth non-hundred-percent-height-scrolling\"  style='background-color: #ffffff;background-position: center center;background-repeat: no-repeat;padding-top:0px;padding-right:0px;padding-bottom:0px;padding-left:0px;'><div class=\"fusion-builder-row fusion-row \"><div  class=\"fusion-layout-column fusion_builder_column fusion_builder_column_1_1 fusion-builder-column-1 fusion-one-full fusion-column-first fusion-column-last 1_1\"  style='margin-top:0px;margin-bottom:20px;'>\n\t\t\t\t\t<div class=\"fusion-column-wrapper\" style=\"padding: 0px 0px 0px 0px;background-position:left top;background-repeat:no-repeat;-webkit-background-size:cover;-moz-background-size:cover;-o-background-size:cover;background-size:cover;\"   data-bg-url=\"\">\n\t\t\t\t\t\t<div class=\"fusion-text\"><p class=\"western\" align=\"justify\" data-raofz=\"14\"><span style=\"font-size: 14pt;\" data-raofz=\"14\">O Minist\u00e9rio P\u00fablico do Estado de Alagoas (MPAL), por meio da 66\u00aa Promotoria de Urbanismo da Capital, motivado por in\u00fameras reclama\u00e7\u00f5es de moradores de v\u00e1rios bairros de Macei\u00f3, em rela\u00e7\u00e3o ao funcionamento desordenado de grande parte dos Food Trucks espalhados pela cidade, convocou representantes da Secretaria Municipal de Seguran\u00e7a e Conv\u00edvio Social ( SEMSCS), da Superintend\u00eancia Municipal de Transportes e Tr\u00e2nsito ( SMTT), da Associa\u00e7\u00e3o dos Comerciantes de Food Trucks, al\u00e9m dos vereadores Leonardo Dias e Chico Holanda para uma audi\u00eancia extrajudicial, \u00e0s 15 h, da pr\u00f3xima segunda-feira ( 31).<\/span><\/p>\n<p class=\"western\" align=\"justify\" data-raofz=\"14\"><span style=\"font-size: 14pt;\" data-raofz=\"14\">De acordo com o promotor de Justi\u00e7a, Jorge D\u00f3ria, a maioria das reclama\u00e7\u00f5es diz respeito tanto ao n\u00famero excessivo quanto \u00e0 localiza\u00e7\u00e3o desordenada e irregular dos Food Trucks em diversas vias e espa\u00e7os p\u00fablicos da cidade, a exemplo da Pra\u00e7a do Skate, no bairro da Paju\u00e7ara, onde est\u00e3o instalados 32 desses estabelecimentos m\u00f3veis, contrariando as normas que regem a referida atividade.<\/span><\/p>\n<p class=\"western\" align=\"justify\" data-raofz=\"14\"><span style=\"font-size: 14pt;\" data-raofz=\"14\">\u201c A quest\u00e3o sobre o funcionamento dos Food Trucks em Macei\u00f3 \u00e9 antiga, e tal atividade precisa ser aprimorada e definitivamente resolvida , de forma a atender aos leg\u00edtimos interesses econ\u00f4micos dos empreendedores e aos direitos dos moradores da cidade dentro de uma ordem urban\u00edstica adequada. Apesar da exist\u00eancia da lei municipal n\u00ba 6.633, de 27 de abril de 2017, e at\u00e9 de uma decis\u00e3o judicial proferida em uma a\u00e7\u00e3o civil p\u00fablica j\u00e1 ajuizada por nossa promotoria, determinando esse disciplinamento, variadas irregularidades continuam sendo cometidas, e isso n\u00e3o \u00e9 admiss\u00edvel\u201d, afirma o promotor de Justi\u00e7a Jorge Doria.<\/span><\/p>\n<p class=\"western\" align=\"justify\" data-raofz=\"14\"><span style=\"font-size: 14pt;\" data-raofz=\"14\">O membro ministerial complementa seu racioc\u00ednio alertando sob a possibilidade de ajuizar novas a\u00e7\u00f5es com consequ\u00eancias judiciais, caso o problema n\u00e3o seja dissoluto.<\/span><\/p>\n<p class=\"western\" align=\"justify\" data-raofz=\"14\"><span style=\"font-size: 14pt;\" data-raofz=\"14\">\u201c Visando, portanto , buscar uma eficaz resolutividade autocompositiva para o problema, de forma a compatibilizar os leg\u00edtimos interesses envolvidos e, especialmente, a consecu\u00e7\u00e3o do pleno e saud\u00e1vel desenvolvimento urbano de Macei\u00f3, decidimos convocar todas os \u00f3rg\u00e3os e partes interessadas para uma ampla discuss\u00e3o em busca de uma solu\u00e7\u00e3o consensualizada, ou seja, o cumprimento da lei, sob pena da ado\u00e7\u00e3o das medidas judiciais cab\u00edveis\u201d, concluiu Doria.<\/span><\/p>\n<p class=\"western\" align=\"justify\" data-raofz=\"14\"><span style=\"font-size: 14pt;\" data-raofz=\"14\">Vale ressaltar que tramita na C\u00e2mara de Vereadores um novo projeto de lei dando novo disciplinamento \u00e0 mencionada atividade de Food Trucks , o que pode contribuir para a adequa\u00e7\u00e3o e solu\u00e7\u00e3o dos problemas apontados.<\/span><\/p>\n<\/div><div class=\"fusion-clearfix\"><\/div>\n\n\t\t\t\t\t<\/div>\n\t\t\t\t<\/div><\/div><\/div>\n","protected":false},"excerpt":{"rendered":"","protected":false},"author":2,"featured_media":4016,"comment_status":"open","ping_status":"open","sticky":false,"template":"","format":"standard","meta":{"om_disable_all_campaigns":false,"_monsterinsights_skip_tracking":false,"_monsterinsights_sitenote_active":false,"_monsterinsights_sitenote_note":"","_monsterinsights_sitenote_category":0,"_uf_show_specific_survey":0,"_uf_disable_surveys":false,"footnotes":""},"categories":[2],"tags":[],"class_list":["post-4179","post","type-post","status-publish","format-standard","has-post-thumbnail","hentry","category-not_mpal"],"aioseo_notices":[],"_links":{"self":[{"href":"https:\/\/www.mpal.mp.br\/index.php?rest_route=\/wp\/v2\/posts\/4179","targetHints":{"allow":["GET"]}}],"collection":[{"href":"https:\/\/www.mpal.mp.br\/index.php?rest_route=\/wp\/v2\/posts"}],"about":[{"href":"https:\/\/www.mpal.mp.br\/index.php?rest_route=\/wp\/v2\/types\/post"}],"author":[{"embeddable":true,"href":"https:\/\/www.mpal.mp.br\/index.php?rest_route=\/wp\/v2\/users\/2"}],"replies":[{"embeddable":true,"href":"https:\/\/www.mpal.mp.br\/index.php?rest_route=%2Fwp%2Fv2%2Fcomments&post=4179"}],"version-history":[{"count":2,"href":"https:\/\/www.mpal.mp.br\/index.php?rest_route=\/wp\/v2\/posts\/4179\/revisions"}],"predecessor-version":[{"id":4181,"href":"https:\/\/www.mpal.mp.br\/index.php?rest_route=\/wp\/v2\/posts\/4179\/revisions\/4181"}],"wp:featuredmedia":[{"embeddable":true,"href":"https:\/\/www.mpal.mp.br\/index.php?rest_route=\/wp\/v2\/media\/4016"}],"wp:attachment":[{"href":"https:\/\/www.mpal.mp.br\/index.php?rest_route=%2Fwp%2Fv2%2Fmedia&parent=4179"}],"wp:term":[{"taxonomy":"category","embeddable":true,"href":"https:\/\/www.mpal.mp.br\/index.php?rest_route=%2Fwp%2Fv2%2Fcategories&post=4179"},{"taxonomy":"post_tag","embeddable":true,"href":"https:\/\/www.mpal.mp.br\/index.php?rest_route=%2Fwp%2Fv2%2Ftags&post=4179"}],"curies":[{"name":"wp","href":"https:\/\/api.w.org\/{rel}","templated":true}]}}