{"id":4175,"date":"2022-01-31T08:17:11","date_gmt":"2022-01-31T11:17:11","guid":{"rendered":"https:\/\/www.mpal.mp.br\/?p=4175"},"modified":"2022-04-19T08:17:37","modified_gmt":"2022-04-19T11:17:37","slug":"mpal-e-camara-municipal-de-penedo-assinam-tac-para-que-legislativo-extinga-64-cargos-comissionados","status":"publish","type":"post","link":"https:\/\/www.mpal.mp.br\/?p=4175","title":{"rendered":"MPAL e C\u00e2mara Municipal de Penedo assinam TAC para que legislativo extinga 64 cargos comissionados"},"content":{"rendered":"<div class=\"fusion-fullwidth fullwidth-box fusion-builder-row-1 nonhundred-percent-fullwidth non-hundred-percent-height-scrolling\"  style='background-color: #ffffff;background-position: center center;background-repeat: no-repeat;padding-top:0px;padding-right:0px;padding-bottom:0px;padding-left:0px;'><div class=\"fusion-builder-row fusion-row \"><div  class=\"fusion-layout-column fusion_builder_column fusion_builder_column_1_1 fusion-builder-column-1 fusion-one-full fusion-column-first fusion-column-last 1_1\"  style='margin-top:0px;margin-bottom:20px;'>\n\t\t\t\t\t<div class=\"fusion-column-wrapper\" style=\"padding: 0px 0px 0px 0px;background-position:left top;background-repeat:no-repeat;-webkit-background-size:cover;-moz-background-size:cover;-o-background-size:cover;background-size:cover;\"   data-bg-url=\"\">\n\t\t\t\t\t\t<div class=\"fusion-text\"><p align=\"justify\" data-raofz=\"14\"><span style=\"font-size: 14pt;\">O Minist\u00e9rio P\u00fablico do Estado de Alagoas (MPAL) assinou um termo de ajustamento de conduta (TAC) com a C\u00e2mara Municipal de Penedo para que o referido parlamento promova a extin\u00e7\u00e3o e posterior exonera\u00e7\u00e3o de 64 cargos em comiss\u00e3o at\u00e9 o pr\u00f3ximo m\u00eas de novembro. A medida extrajudicial foi formalizada de modo a cumprir a recomenda\u00e7\u00e3o anteriormente expedida pelo promotor de Justi\u00e7a Wesley Fernandes Oliveira, titular da 2\u00aa Promotoria de Justi\u00e7a daquela comarca.<\/span><\/p>\n<p align=\"justify\" data-raofz=\"14\"><span style=\"font-size: 14pt;\">O TAC faz parte do procedimento preparat\u00f3rio n\u00ba 01.2020.00000005-2 e foi formalizado no sentido de que sejam extintos 64 cargos comissionados, correspondentes ao n\u00famero de cargos em comiss\u00e3o que excedem o quantitativo de cargos efetivos, de forma que se respeite a proporcionalidade de um cargo em comiss\u00e3o para cada cargo efetivo.<\/span><\/p>\n<p align=\"justify\" data-raofz=\"14\"><span style=\"font-size: 14pt;\">De acordo com Wesley Fernandes, o objetivo do acordo de forma escalonada visou o atendimento do princ\u00edpio da continuidade do servi\u00e7o p\u00fablico. Nele, ficou consignado que ser\u00e3o imediatamente extintos 34 cargos comissionados, mais 12 cargos em abril e, por fim, os outros 18 no m\u00eas de novembro.<\/span><\/p>\n<p align=\"justify\" data-raofz=\"14\"><span style=\"font-size: 14pt;\"><strong>O n\u00e3o cumprimento<\/strong><\/span><\/p>\n<p align=\"justify\" data-raofz=\"14\"><span style=\"font-size: 14pt;\">Em caso de descumprimento injustificado do TAC, a C\u00e2mara Municipal de Penedo ter\u00e1 que pagar uma multa di\u00e1ria e pessoal, na pessoa do seu presidente, de R$ 1 mil para cada dia de atraso at\u00e9 o efetivo cumprimento da obriga\u00e7\u00e3o.<\/span><\/p>\n<p align=\"justify\" data-raofz=\"14\"><span style=\"font-size: 14pt;\">\u00c9 importante destacar que a multa prevista no termo de ajustamento ser\u00e1 aplicada sem preju\u00edzo das demais san\u00e7\u00f5es penais, civis e administrativas que forem cab\u00edveis, e ainda ser\u00e1 atualizada monetariamente no momento de seu pagamento judicial ou extrajudicial e revertida em favor de entidade filantr\u00f3pica em atua\u00e7\u00e3o naquele munic\u00edpio.<\/span><\/p>\n<p align=\"justify\" data-raofz=\"14\"><span style=\"font-size: 14pt;\">Caber\u00e1 a fiscaliza\u00e7\u00e3o do cumprimento das obriga\u00e7\u00f5es constantes no TAC \u00e0 2\u00aa Promotoria de Justi\u00e7a de Penedo. \u201cVale ressaltar que a assinatura do TAC n\u00e3o impede o Minist\u00e9rio P\u00fablico de prosseguir com a apura\u00e7\u00e3o ou promover a responsabilidade sobre eventuais danos ao patrim\u00f4nio p\u00fablico ocorridos em virtude da atua\u00e7\u00e3o dos vereadores neste caso em quest\u00e3o\u201d, informou o promotor de Justi\u00e7a.<\/span><\/p>\n<\/div><div class=\"fusion-clearfix\"><\/div>\n\n\t\t\t\t\t<\/div>\n\t\t\t\t<\/div><\/div><\/div>\n","protected":false},"excerpt":{"rendered":"","protected":false},"author":2,"featured_media":4176,"comment_status":"open","ping_status":"open","sticky":false,"template":"","format":"standard","meta":{"om_disable_all_campaigns":false,"_monsterinsights_skip_tracking":false,"_monsterinsights_sitenote_active":false,"_monsterinsights_sitenote_note":"","_monsterinsights_sitenote_category":0,"_uf_show_specific_survey":0,"_uf_disable_surveys":false,"footnotes":""},"categories":[2],"tags":[],"class_list":["post-4175","post","type-post","status-publish","format-standard","has-post-thumbnail","hentry","category-not_mpal"],"aioseo_notices":[],"_links":{"self":[{"href":"https:\/\/www.mpal.mp.br\/index.php?rest_route=\/wp\/v2\/posts\/4175","targetHints":{"allow":["GET"]}}],"collection":[{"href":"https:\/\/www.mpal.mp.br\/index.php?rest_route=\/wp\/v2\/posts"}],"about":[{"href":"https:\/\/www.mpal.mp.br\/index.php?rest_route=\/wp\/v2\/types\/post"}],"author":[{"embeddable":true,"href":"https:\/\/www.mpal.mp.br\/index.php?rest_route=\/wp\/v2\/users\/2"}],"replies":[{"embeddable":true,"href":"https:\/\/www.mpal.mp.br\/index.php?rest_route=%2Fwp%2Fv2%2Fcomments&post=4175"}],"version-history":[{"count":2,"href":"https:\/\/www.mpal.mp.br\/index.php?rest_route=\/wp\/v2\/posts\/4175\/revisions"}],"predecessor-version":[{"id":4178,"href":"https:\/\/www.mpal.mp.br\/index.php?rest_route=\/wp\/v2\/posts\/4175\/revisions\/4178"}],"wp:featuredmedia":[{"embeddable":true,"href":"https:\/\/www.mpal.mp.br\/index.php?rest_route=\/wp\/v2\/media\/4176"}],"wp:attachment":[{"href":"https:\/\/www.mpal.mp.br\/index.php?rest_route=%2Fwp%2Fv2%2Fmedia&parent=4175"}],"wp:term":[{"taxonomy":"category","embeddable":true,"href":"https:\/\/www.mpal.mp.br\/index.php?rest_route=%2Fwp%2Fv2%2Fcategories&post=4175"},{"taxonomy":"post_tag","embeddable":true,"href":"https:\/\/www.mpal.mp.br\/index.php?rest_route=%2Fwp%2Fv2%2Ftags&post=4175"}],"curies":[{"name":"wp","href":"https:\/\/api.w.org\/{rel}","templated":true}]}}