{"id":41686,"date":"2024-06-17T19:10:22","date_gmt":"2024-06-17T22:10:22","guid":{"rendered":"https:\/\/www.mpal.mp.br\/?p=41686"},"modified":"2024-06-17T19:11:01","modified_gmt":"2024-06-17T22:11:01","slug":"ministerio-publico-e-prefeitura-de-maceio-convidam-movimentos-negros-para-discutir-formacao-de-conselho-para-igualdade-racial","status":"publish","type":"post","link":"https:\/\/www.mpal.mp.br\/?p=41686","title":{"rendered":"Minist\u00e9rio P\u00fablico e Prefeitura de Macei\u00f3 convidam movimentos negros para discutir forma\u00e7\u00e3o de conselho para igualdade racial"},"content":{"rendered":"<p class=\"p1\" style=\"text-align: justify;\"><span class=\"s1\">O Minist\u00e9rio P\u00fablico do Estado de Alagoas, ao lado da Prefeitura de Macei\u00f3, da Ordem dos Advogados do Brasil e da Defensoria P\u00fablica v\u00e3o promover, na pr\u00f3xima quarta-feira (19), um plen\u00e1ria para discutir a cria\u00e7\u00e3o do Conselho de Promo\u00e7\u00e3o de Pol\u00edticas de Igualdade Racial do munic\u00edpio de Macei\u00f3. As institui\u00e7\u00f5es ressaltam a import\u00e2ncia dos movimentos negros participem dos debates em busca pol\u00edticas p\u00fablicas afirmativas e de combate ao racismo.<\/span><\/p>\n<p class=\"p1\" style=\"text-align: justify;\"><span class=\"s1\">O encontro acontecer\u00e1 no dia 19 de junho, \u00e0s 14h, no audit\u00f3rio do pr\u00e9dio das Promotorias de Justi\u00e7a da capital, no Barro Duro, e contatar\u00e1 com a participa\u00e7\u00e3o de Lean Ara\u00fajo, procurador-geral de Justi\u00e7a, Alexandra Beurlen, titular da Promotoria de Justi\u00e7a de Defesa dos Direitos Humanos, Ar\u00edsia Barros, <\/span><span class=\"s1\">coordenadora-geral de Promo\u00e7\u00e3o de Pol\u00edticas para Igualdade Racial da Secretaria Municipal da Mulher, Pessoas com Defici\u00eancia, Idosos e Cidadania<\/span> <span class=\"s1\">(Semuc), Ana Clara Alves, p<\/span>residente da Comiss\u00e3o de Promo\u00e7\u00e3o da Igualdade Racial &#8211; OAB\/AL, e Isaac Souto, defensor p\u00fablico.<\/p>\n<p class=\"p1\" style=\"text-align: justify;\"><span class=\"s1\">A plen\u00e1ria ser\u00e1 importante para debatermos a<span class=\"Apple-converted-space\">\u00a0 <\/span>Lei n\u00b0. 7.436, de 21 de novembro de 2023, que disp\u00f5e sobre a cria\u00e7\u00e3o do Conselho de Promo\u00e7\u00e3o de Pol\u00edticas de Igualdade Racial do munic\u00edpio de Macei\u00f3.<\/span><\/p>\n<p class=\"p1\" style=\"text-align: justify;\"><span class=\"s1\">\u201cQuando o Conselho for institu\u00eddo, ele ser\u00e1 um forte instrumento orientador de pol\u00edticas p\u00fablicas, a\u00e7\u00f5es, iniciativas e programas de promo\u00e7\u00e3o da igualdade racial. Por siso, \u00e9 t\u00e3o fundamental que os movimentos negros estejam presentes para este debate\u201d, afirmou a promotora de Justi\u00e7a Alexandra Beurlen. <\/span><\/p>\n<p class=\"p1\"><strong><span class=\"s1\">Baob\u00e1<\/span><\/strong><\/p>\n<p class=\"p1\" style=\"text-align: justify;\"><span class=\"s1\">Em respeito ao movimento negro, um Baob\u00e1 ser\u00e1 plantado, de forma simb\u00f3lica, antes das discuss\u00f5es come\u00e7arem, na terreno onde est\u00e1 o pr\u00e9dio do MPAL. A \u00e1rvore \u00e9 considerada, pela comunidade negra, uma representa\u00e7\u00e3o da ancestralidade do povo africano. <\/span><\/p>\n","protected":false},"excerpt":{"rendered":"<p> [&hellip;]<\/p>\n","protected":false},"author":17,"featured_media":22057,"comment_status":"open","ping_status":"open","sticky":false,"template":"","format":"standard","meta":{"om_disable_all_campaigns":false,"_monsterinsights_skip_tracking":false,"_monsterinsights_sitenote_active":false,"_monsterinsights_sitenote_note":"","_monsterinsights_sitenote_category":0,"_uf_show_specific_survey":0,"_uf_disable_surveys":false,"footnotes":""},"categories":[49],"tags":[],"class_list":["post-41686","post","type-post","status-publish","format-standard","has-post-thumbnail","hentry","category-not_pgj"],"aioseo_notices":[],"_links":{"self":[{"href":"https:\/\/www.mpal.mp.br\/index.php?rest_route=\/wp\/v2\/posts\/41686","targetHints":{"allow":["GET"]}}],"collection":[{"href":"https:\/\/www.mpal.mp.br\/index.php?rest_route=\/wp\/v2\/posts"}],"about":[{"href":"https:\/\/www.mpal.mp.br\/index.php?rest_route=\/wp\/v2\/types\/post"}],"author":[{"embeddable":true,"href":"https:\/\/www.mpal.mp.br\/index.php?rest_route=\/wp\/v2\/users\/17"}],"replies":[{"embeddable":true,"href":"https:\/\/www.mpal.mp.br\/index.php?rest_route=%2Fwp%2Fv2%2Fcomments&post=41686"}],"version-history":[{"count":2,"href":"https:\/\/www.mpal.mp.br\/index.php?rest_route=\/wp\/v2\/posts\/41686\/revisions"}],"predecessor-version":[{"id":41688,"href":"https:\/\/www.mpal.mp.br\/index.php?rest_route=\/wp\/v2\/posts\/41686\/revisions\/41688"}],"wp:featuredmedia":[{"embeddable":true,"href":"https:\/\/www.mpal.mp.br\/index.php?rest_route=\/wp\/v2\/media\/22057"}],"wp:attachment":[{"href":"https:\/\/www.mpal.mp.br\/index.php?rest_route=%2Fwp%2Fv2%2Fmedia&parent=41686"}],"wp:term":[{"taxonomy":"category","embeddable":true,"href":"https:\/\/www.mpal.mp.br\/index.php?rest_route=%2Fwp%2Fv2%2Fcategories&post=41686"},{"taxonomy":"post_tag","embeddable":true,"href":"https:\/\/www.mpal.mp.br\/index.php?rest_route=%2Fwp%2Fv2%2Ftags&post=41686"}],"curies":[{"name":"wp","href":"https:\/\/api.w.org\/{rel}","templated":true}]}}