{"id":41067,"date":"2024-06-03T16:05:48","date_gmt":"2024-06-03T19:05:48","guid":{"rendered":"https:\/\/www.mpal.mp.br\/?p=41067"},"modified":"2024-06-04T13:43:31","modified_gmt":"2024-06-04T16:43:31","slug":"membros-do-mpal-participacao-de-capacitacao-sobre-o-uso-da-ia-nas-eleicoes-2024","status":"publish","type":"post","link":"https:\/\/www.mpal.mp.br\/?p=41067","title":{"rendered":"Membros do MPAL participar\u00e3o de capacita\u00e7\u00e3o sobre o uso da IA nas elei\u00e7\u00f5es 2024"},"content":{"rendered":"<div class=\"fusion-fullwidth fullwidth-box fusion-builder-row-1 nonhundred-percent-fullwidth non-hundred-percent-height-scrolling\"  style='background-color: #ffffff;background-position: center center;background-repeat: no-repeat;padding-top:0px;padding-right:0px;padding-bottom:0px;padding-left:0px;'><div class=\"fusion-builder-row fusion-row \"><div  class=\"fusion-layout-column fusion_builder_column fusion_builder_column_1_1 fusion-builder-column-1 fusion-one-full fusion-column-first fusion-column-last 1_1\"  style='margin-top:0px;margin-bottom:0px;'>\n\t\t\t\t\t<div class=\"fusion-column-wrapper\" style=\"padding: 0px 0px 0px 0px;background-position:left top;background-repeat:no-repeat;-webkit-background-size:cover;-moz-background-size:cover;-o-background-size:cover;background-size:cover;\"   data-bg-url=\"\">\n\t\t\t\t\t\t<div class=\"fusion-text\"><p style=\"text-align: justify;\" align=\"justify\"><span style=\"font-family: helvetica, arial, sans-serif; font-size: 10pt; color: #000000;\">Promotores de Justi\u00e7a do Minist\u00e9rio P\u00fablico do Estado de Alagoas v\u00e3o participar do XI Encontro Nacional do Col\u00e9gio Permanente de Juristas da Justi\u00e7a Eleitoral (Copeje) que, este ano, vai trazer como tem\u00e1tica principal \u201cA Justi\u00e7a Eleitoral e os Desafios da Intelig\u00eancia Artificial nas Elei\u00e7\u00f5es 2024\u201d. Autoridades renomadas estar\u00e3o entre os palestrantes do evento, dentre elas, o ministro do Supremo Tribunal Federal, Alexandre de Morais, e o ministro do Superior Tribunal de Justi\u00e7a, Humberto Martins.<\/span><\/p>\n<p style=\"text-align: justify;\" align=\"justify\"><span style=\"font-family: helvetica, arial, sans-serif; font-size: 10pt; color: #000000;\">A abertura do Encontro acontecer\u00e1 na noite do pr\u00f3ximo dia 6, no Centro de Eventos do Hotel Jati\u00faca, com a palestra do ministro Humberto Martins e, na sequ\u00eancia, acontecer\u00e1 a aula magna a ser ministrada pelo ministro Alexandre de Moraes que, at\u00e9 este dia 3, presidiu o Superior Tribunal Eleitoral (TSE).<\/span><\/p>\n<p style=\"text-align: justify;\" align=\"justify\"><span style=\"font-family: helvetica, arial, sans-serif; font-size: 10pt; color: #000000;\">A convite do Col\u00e9gio Permanente, o Minist\u00e9rio P\u00fablico estar\u00e1 presente nos dois dias de atividades, garantiu o procurador-geral de Justi\u00e7a, Lean Ara\u00fajo, que, nesta segunda-feira (3), recebeu, ao lado da promotora de Justi\u00e7a L\u00eddia Malta, vice-diretora executiva da Escola Superior do MPAL, o desembargador\u00a0eleitoral Rodrigo Malta Prata\u00a0Lima, coordenador do XI Copeje. \u201cSer\u00e1 um encontro de alto n\u00edvel intelectual, com especialistas de not\u00f3rio saber jur\u00eddico sobre esse tema que, inclusive, precisa fazer parte da nossa realidade. A intelig\u00eancia artificial est\u00e1 presente no dia a dia das pessoas e, se utilizada da maneira correta, pode facilitar o trabalho de qualquer profissional\u201d, disse o chefe do MPAL. <\/span><\/p>\n<p style=\"text-align: justify;\" align=\"justify\"><span style=\"font-family: helvetica, arial, sans-serif; font-size: 10pt; color: #000000;\">Rodrigo Malta Prata\u00a0Lima informou que 10 vagas est\u00e3o sendo disponibilizadas para o Minist\u00e9rio P\u00fablico e, outras 20, para a Ordem dos Advogados do Brasil e para o Tribunal de Justi\u00e7a de Alagoas. \u201c\u00c9 um assunto que est\u00e1 fervilhando e que certamente ser\u00e1 bastante utilizado como estrat\u00e9gia pelos candidatos que disputar\u00e3o o pleito deste ano. Por isso, fazemos tanta quest\u00e3o que o Minist\u00e9rio P\u00fablico esteja presente\u201d, afirmou o desembargador\u00a0<em>eleitoral. <\/em><\/span><\/p>\n<p style=\"text-align: justify;\"><span style=\"font-family: helvetica, arial, sans-serif; font-size: 10pt; color: #000000;\"><strong>O Copeje<\/strong><\/span><\/p>\n<p style=\"text-align: justify;\" align=\"justify\"><span style=\"font-family: helvetica, arial, sans-serif; font-size: 10pt; color: #000000;\">O Copeje foi fundado em 18 de novembro de 2016 e tem como integrantes ministros e ex-ministros do Tribunal Superior Eleitoral, bem como ju\u00edzes titulares e substitutos dos Tribunais Regionais Eleitorais da classe dos juristas. Tamb\u00e9m integram e participam do Copeje ex-ju\u00edzes membros dos TREs da mesma classe.<\/span><\/p>\n<p style=\"text-align: justify;\" align=\"justify\"><span style=\"font-family: helvetica, arial, sans-serif; font-size: 10pt; color: #000000;\">A realiza\u00e7\u00e3o dos encontros nacionais de juristas consta do rol dos objetivos institucionais do Copeje. A inten\u00e7\u00e3o doa eventos \u00e9 promover o debate acad\u00eamico entre os membros da Justi\u00e7a Eleitoral, com a participa\u00e7\u00e3o de doutrinadores e juristas, para atualizar e difundir o conhecimento jur\u00eddico e estimular o relacionamento entre os ministros e ju\u00edzes eleitorais, buscando a socializa\u00e7\u00e3o do conhecimento na \u00e1rea do Direito Eleitoral, em todos os estados da Federa\u00e7\u00e3o, visando a integra\u00e7\u00e3o.<\/span><\/p>\n<p style=\"text-align: justify;\" align=\"justify\"><span style=\"font-family: helvetica, arial, sans-serif; font-size: 10pt; color: #000000;\"><b>Confira a programa\u00e7\u00e3o: <\/b><\/span><\/p>\n<p style=\"text-align: justify;\" align=\"justify\"><span style=\"font-size: 10pt; font-family: helvetica, arial, sans-serif; color: #000000;\"><strong>Dia 06.06:<\/strong><\/span><\/p>\n<p style=\"text-align: justify;\" align=\"justify\"><span style=\"font-family: helvetica, arial, sans-serif; font-size: 10pt; color: #000000;\">15:30 \u2013 Painel 1: \u201cEJE, Democracia E IA\u201d<\/span><\/p>\n<p style=\"text-align: justify;\" align=\"justify\"><span style=\"font-family: helvetica, arial, sans-serif; font-size: 10pt; color: #000000;\">Palestrante 1: Des. Carlos Cavalcanti de Albuquerque (TRE\/AL)<\/span><\/p>\n<p style=\"text-align: justify;\" align=\"justify\"><span style=\"font-family: helvetica, arial, sans-serif; font-size: 10pt; color: #000000;\">Palestrante 2: Des. Diogo Rais (TRE\/SP)<\/span><\/p>\n<p style=\"text-align: justify;\" align=\"justify\"><span style=\"font-family: helvetica, arial, sans-serif; font-size: 10pt; color: #000000;\">Mediador: Gustavo Teixeira (Copeje)<\/span><\/p>\n<p style=\"text-align: justify;\" align=\"justify\"><span style=\"font-family: helvetica, arial, sans-serif; font-size: 10pt; color: #000000;\">16:30 \u2013 Painel 2: \u201cDesafios Atuais do Direito Eleitoral Ante o Poder das Corpora\u00e7\u00f5es Digitais\u201d Palestrante 1: Stefani Vogel (C\u00e2mara dos Deputados)<\/span><\/p>\n<p style=\"text-align: justify;\" align=\"justify\"><span style=\"font-family: helvetica, arial, sans-serif; font-size: 10pt; color: #000000;\">Palestrante 2: Cristina Rios (Advogada) Palestrante 3: Henrique Vasconcelos (OAB\/AL)<\/span><\/p>\n<p style=\"text-align: justify;\" align=\"justify\"><span style=\"font-family: helvetica, arial, sans-serif; font-size: 10pt; color: #000000;\">Mediador: Gustavo Mazzei (Copeje)<\/span><\/p>\n<p style=\"text-align: justify;\" align=\"justify\"><span style=\"font-family: helvetica, arial, sans-serif; font-size: 10pt; color: #000000;\">17:30 &#8211; Coffe Break\/ Intervalo<\/span><\/p>\n<p style=\"text-align: justify;\" align=\"justify\"><span style=\"font-family: helvetica, arial, sans-serif; font-size: 10pt; color: #000000;\">19:30 &#8211; Abertura oficial\/Entrega da Medalha C\u00e9lio Silva ao ministro Humberto Martins<\/span><\/p>\n<p style=\"text-align: justify;\" align=\"justify\"><span style=\"font-family: helvetica, arial, sans-serif; font-size: 10pt; color: #000000;\">Palestra de Abertura: Min. Humberto Martins (STJ)<\/span><\/p>\n<p style=\"text-align: justify;\" align=\"justify\"><span style=\"font-family: helvetica, arial, sans-serif; font-size: 10pt; color: #000000;\">Aula Magna: Min. Alexandre de Moraes (TSE\/STF)<\/span><\/p>\n<p style=\"text-align: justify;\" align=\"justify\"><span style=\"font-size: 10pt; font-family: helvetica, arial, sans-serif; color: #000000;\"><strong>Dia 07.06:<\/strong><\/span><\/p>\n<p style=\"text-align: justify;\" align=\"justify\"><span style=\"font-family: helvetica, arial, sans-serif; font-size: 10pt; color: #000000;\">09:30 &#8211; Painel 3: \u201cAs Novas Formas de Campanha Em Tempos de IA: O Olhar do Marketing Eleitoral\u201d<\/span><\/p>\n<p style=\"text-align: justify;\" align=\"justify\"><span style=\"font-family: helvetica, arial, sans-serif; font-size: 10pt; color: #000000;\">Palestrante 1: Luiz Siqueira (Publicit\u00e1rio)<\/span><\/p>\n<p style=\"text-align: justify;\" align=\"justify\"><span style=\"font-family: helvetica, arial, sans-serif; font-size: 10pt; color: #000000;\">Palestrante 2: Igor Paulin (Publicit\u00e1rio)<\/span><\/p>\n<p style=\"text-align: justify;\" align=\"justify\"><span style=\"font-family: helvetica, arial, sans-serif; font-size: 10pt; color: #000000;\">Mediador: Hermann Fernandes (Publicit\u00e1rio)<\/span><\/p>\n<p style=\"text-align: justify;\" align=\"justify\"><span style=\"font-family: helvetica, arial, sans-serif; font-size: 10pt; color: #000000;\">10:30 \u2013 Painel 4: \u201cParticipa\u00e7\u00e3o Feminina na Pol\u00edtica &#8211; Quest\u00f5es Relevantes\u201d<\/span><\/p>\n<p style=\"text-align: justify;\" align=\"justify\"><span style=\"font-family: helvetica, arial, sans-serif; font-size: 10pt; color: #000000;\">Palestrante 1: Des. Fl\u00e1via da Costa Viana (TJ\/PR ex-TRE\/PR)<\/span><\/p>\n<p style=\"text-align: justify;\" align=\"justify\"><span style=\"font-family: helvetica, arial, sans-serif; font-size: 10pt; color: #000000;\">Palestrante 2: Des. Kalin Rodrigues (Copeje \u2013 TRE\/RS)<\/span><\/p>\n<p style=\"text-align: justify;\" align=\"justify\"><span style=\"font-family: helvetica, arial, sans-serif; font-size: 10pt; color: #000000;\">Mediadora: Des.Nat\u00e1lia Von Sohsten (TRE\/AL)<\/span><\/p>\n<p style=\"text-align: justify;\" align=\"justify\"><span style=\"font-family: helvetica, arial, sans-serif; font-size: 10pt; color: #000000;\">11:30 \u2013 Painel 5: \u201cPol\u00edtica, Elei\u00e7\u00f5es e Intelig\u00eancia Artificial\u201d<\/span><\/p>\n<p style=\"text-align: justify;\" align=\"justify\"><span style=\"font-family: helvetica, arial, sans-serif; font-size: 10pt; color: #000000;\">Palestrante 1: Murillo de Arag\u00e3o (Arko Advice- MD Law)<\/span><\/p>\n<p style=\"text-align: justify;\" align=\"justify\"><span style=\"font-family: helvetica, arial, sans-serif; font-size: 10pt; color: #000000;\">Palestrante 2: Vitor Monteiro (TRE\/AL)<\/span><\/p>\n<p style=\"text-align: justify;\" align=\"justify\"><span style=\"font-family: helvetica, arial, sans-serif; font-size: 10pt; color: #000000;\">Palestrante 3: Lu\u00edz Fernando Bandeira de Mello (Conselheiro &#8211; CNJ)<\/span><\/p>\n<p style=\"text-align: justify;\" align=\"justify\"><span style=\"font-family: helvetica, arial, sans-serif; font-size: 10pt; color: #000000;\">Mediador: Luciano Guimar\u00e3es (Copeje)<\/span><\/p>\n<p style=\"text-align: justify;\" align=\"justify\"><span style=\"font-family: helvetica, arial, sans-serif; font-size: 10pt; color: #000000;\">13:00 Almo\u00e7o<\/span><\/p>\n<p style=\"text-align: justify;\" align=\"justify\"><span style=\"font-family: helvetica, arial, sans-serif; font-size: 10pt; color: #000000;\">15:00 \u2013 Painel 6: \u201cIntelig\u00eancia Artificial nas Elei\u00e7\u00f5es: Desafios e Oportunidades\u201d<\/span><\/p>\n<p style=\"text-align: justify;\" align=\"justify\"><span style=\"font-family: helvetica, arial, sans-serif; font-size: 10pt; color: #000000;\">Palestrante 1: Ronnie P. Duarte (Diretor da ESA-CFOAB)<\/span><\/p>\n<p style=\"text-align: justify;\" align=\"justify\"><span style=\"font-family: helvetica, arial, sans-serif; font-size: 10pt; color: #000000;\">Palestrante 2: Marcelo Weick Pogliese (Abradep)<\/span><\/p>\n<p style=\"text-align: justify;\" align=\"justify\"><span style=\"font-family: helvetica, arial, sans-serif; font-size: 10pt; color: #000000;\">Palestrante 3: Joelson Dias (Ex-ministro TSE)<\/span><\/p>\n<p style=\"text-align: justify;\" align=\"justify\"><span style=\"font-family: helvetica, arial, sans-serif; font-size: 10pt; color: #000000;\">Mediador: Rodrigo Prata (Des. TRE\/AL)<\/span><\/p>\n<p style=\"text-align: justify;\" align=\"justify\"><span style=\"font-family: helvetica, arial, sans-serif; font-size: 10pt; color: #000000;\">16:00 \u2013 Painel 7:\u201cA Modera\u00e7\u00e3o de Discursos Pela Justi\u00e7a Eleitoral. Normativas 2024\u201d<\/span><\/p>\n<p style=\"text-align: justify;\" align=\"justify\"><span style=\"font-family: helvetica, arial, sans-serif; font-size: 10pt; color: #000000;\">Palestrante 1: Marcelo Ribeiro (Ex-Ministro TSE)<\/span><\/p>\n<p style=\"text-align: justify;\" align=\"justify\"><span style=\"font-family: helvetica, arial, sans-serif; font-size: 10pt; color: #000000;\">Palestrante 2: Tarc\u00edsio Vieira de Carvalho (Ex- Ministro TSE)<\/span><\/p>\n<p style=\"text-align: justify;\" align=\"justify\"><span style=\"font-family: helvetica, arial, sans-serif; font-size: 10pt; color: #000000;\">Palestrante 3: Marcelo Terto (Conselheiro &#8211; CNJ)<\/span><\/p>\n<p style=\"text-align: justify;\" align=\"justify\"><span style=\"font-family: helvetica, arial, sans-serif; font-size: 10pt; color: #000000;\">Mediador: Torquato Jardim (Ex-Ministro do TSE)<\/span><\/p>\n<p style=\"text-align: justify;\" align=\"justify\"><span style=\"font-family: helvetica, arial, sans-serif; font-size: 10pt; color: #000000;\">18:00 &#8211; Encerramento: Palestra do Min. Raul Ara\u00fajo (Ministro do TSE)<\/span><\/p>\n<\/div><style type=\"text\/css\">.fusion-gallery-1 .fusion-gallery-image {border:0px solid #f6f6f6;-webkit-border-radius:5px;-moz-border-radius:5px;border-radius:5px;}<\/style><div class=\"fusion-gallery fusion-gallery-container fusion-grid-3 fusion-columns-total-0 fusion-gallery-layout-grid fusion-gallery-1\" style=\"margin:-5px;\"><div style=\"padding:5px;\" class=\"fusion-grid-column fusion-gallery-column fusion-gallery-column-3 hover-type-none\"><div class=\"fusion-gallery-image\"><a rel=\"noreferrer\" data-rel=\"iLightbox[gallery_image_1]\" class=\"fusion-lightbox\" target=\"_self\"><img decoding=\"async\" src=\"\" width=\"\" height=\"\" alt=\"\" title=\"\" aria-label=\"\" class=\"img-responsive wp-image-\" \/><\/a><\/div><\/div><div style=\"padding:5px;\" class=\"fusion-grid-column fusion-gallery-column fusion-gallery-column-3 hover-type-none\"><div class=\"fusion-gallery-image\"><a href=\"https:\/\/www.mpal.mp.br\/wp-content\/uploads\/2024\/06\/gb.03-1.jpeg\" rel=\"noreferrer\" data-rel=\"iLightbox[gallery_image_1]\" class=\"fusion-lightbox\" target=\"_self\"><img loading=\"lazy\" decoding=\"async\" src=\"https:\/\/www.mpal.mp.br\/wp-content\/uploads\/2024\/06\/gb.03-1.jpeg\" width=\"1600\" height=\"1066\" alt=\"\" title=\"gb.03\" aria-label=\"gb.03\" class=\"img-responsive wp-image-41063\" \/><\/a><\/div><\/div><div style=\"padding:5px;\" class=\"fusion-grid-column fusion-gallery-column fusion-gallery-column-3 hover-type-none\"><div class=\"fusion-gallery-image\"><a href=\"https:\/\/www.mpal.mp.br\/wp-content\/uploads\/2024\/06\/gb.02.jpeg\" rel=\"noreferrer\" data-rel=\"iLightbox[gallery_image_1]\" class=\"fusion-lightbox\" target=\"_self\"><img loading=\"lazy\" decoding=\"async\" src=\"https:\/\/www.mpal.mp.br\/wp-content\/uploads\/2024\/06\/gb.02.jpeg\" width=\"1600\" height=\"1066\" alt=\"\" title=\"gb.02\" aria-label=\"gb.02\" class=\"img-responsive wp-image-41061\" \/><\/a><\/div><\/div><div class=\"clearfix\"><\/div><\/div><div class=\"fusion-clearfix\"><\/div>\n\n\t\t\t\t\t<\/div>\n\t\t\t\t<\/div><\/div><\/div>\n","protected":false},"excerpt":{"rendered":"","protected":false},"author":14,"featured_media":41064,"comment_status":"open","ping_status":"open","sticky":false,"template":"","format":"standard","meta":{"om_disable_all_campaigns":false,"_monsterinsights_skip_tracking":false,"_monsterinsights_sitenote_active":false,"_monsterinsights_sitenote_note":"","_monsterinsights_sitenote_category":0,"_uf_show_specific_survey":0,"_uf_disable_surveys":false,"footnotes":""},"categories":[49],"tags":[],"class_list":["post-41067","post","type-post","status-publish","format-standard","has-post-thumbnail","hentry","category-not_pgj"],"aioseo_notices":[],"_links":{"self":[{"href":"https:\/\/www.mpal.mp.br\/index.php?rest_route=\/wp\/v2\/posts\/41067","targetHints":{"allow":["GET"]}}],"collection":[{"href":"https:\/\/www.mpal.mp.br\/index.php?rest_route=\/wp\/v2\/posts"}],"about":[{"href":"https:\/\/www.mpal.mp.br\/index.php?rest_route=\/wp\/v2\/types\/post"}],"author":[{"embeddable":true,"href":"https:\/\/www.mpal.mp.br\/index.php?rest_route=\/wp\/v2\/users\/14"}],"replies":[{"embeddable":true,"href":"https:\/\/www.mpal.mp.br\/index.php?rest_route=%2Fwp%2Fv2%2Fcomments&post=41067"}],"version-history":[{"count":6,"href":"https:\/\/www.mpal.mp.br\/index.php?rest_route=\/wp\/v2\/posts\/41067\/revisions"}],"predecessor-version":[{"id":41077,"href":"https:\/\/www.mpal.mp.br\/index.php?rest_route=\/wp\/v2\/posts\/41067\/revisions\/41077"}],"wp:featuredmedia":[{"embeddable":true,"href":"https:\/\/www.mpal.mp.br\/index.php?rest_route=\/wp\/v2\/media\/41064"}],"wp:attachment":[{"href":"https:\/\/www.mpal.mp.br\/index.php?rest_route=%2Fwp%2Fv2%2Fmedia&parent=41067"}],"wp:term":[{"taxonomy":"category","embeddable":true,"href":"https:\/\/www.mpal.mp.br\/index.php?rest_route=%2Fwp%2Fv2%2Fcategories&post=41067"},{"taxonomy":"post_tag","embeddable":true,"href":"https:\/\/www.mpal.mp.br\/index.php?rest_route=%2Fwp%2Fv2%2Ftags&post=41067"}],"curies":[{"name":"wp","href":"https:\/\/api.w.org\/{rel}","templated":true}]}}