{"id":4102,"date":"2022-03-10T14:50:16","date_gmt":"2022-03-10T17:50:16","guid":{"rendered":"https:\/\/www.mpal.mp.br\/?p=4102"},"modified":"2023-04-24T09:14:40","modified_gmt":"2023-04-24T12:14:40","slug":"pgj-marcio-roberto-e-gaeco-participam-de-encontro-nacional-para-discutir-combate-a-corrupcao-e-as-faccoes-criminosas","status":"publish","type":"post","link":"https:\/\/www.mpal.mp.br\/?p=4102","title":{"rendered":"PGJ M\u00e1rcio Roberto e Gaeco participam de encontro nacional para discutir combate \u00e0 corrup\u00e7\u00e3o e \u00e0s fac\u00e7\u00f5es criminosas"},"content":{"rendered":"<div class=\"fusion-fullwidth fullwidth-box fusion-builder-row-1 nonhundred-percent-fullwidth non-hundred-percent-height-scrolling\"  style='background-color: #ffffff;background-position: center center;background-repeat: no-repeat;padding-top:0px;padding-right:0px;padding-bottom:0px;padding-left:0px;'><div class=\"fusion-builder-row fusion-row \"><div  class=\"fusion-layout-column fusion_builder_column fusion_builder_column_1_1 fusion-builder-column-1 fusion-one-full fusion-column-first fusion-column-last 1_1\"  style='margin-top:0px;margin-bottom:20px;'>\n\t\t\t\t\t<div class=\"fusion-column-wrapper\" style=\"padding: 0px 0px 0px 0px;background-position:left top;background-repeat:no-repeat;-webkit-background-size:cover;-moz-background-size:cover;-o-background-size:cover;background-size:cover;\"   data-bg-url=\"\">\n\t\t\t\t\t\t<div class=\"fusion-text\"><p style=\"text-align: justify;\" data-raofz=\"14\"><span style=\"font-size: 14pt;\" data-raofz=\"13\">O procurador-geral de Justi\u00e7a de Alagoas, M\u00e1rcio Roberto Ten\u00f3rio de Albuquerque, e o promotor de Justi\u00e7a Ricardo Lib\u00f3rio, integrante do Grupo de Atua\u00e7\u00e3o Especial de Combate ao Crime organizado (Gaeco) do Minist\u00e9rio P\u00fablico do Estado de Alagoas, participam, nesta quinta e sexta-feira (10 e 11), da 1\u00aa Reuni\u00e3o Ordin\u00e1ria de 2022 do Grupo Nacional de Combate \u00e0s Organiza\u00e7\u00f5es Criminosas (GNCOC), que ocorre em Bras\u00edlia. Sistemas de intelig\u00eancia, combate \u00e0 corrup\u00e7\u00e3o e enfrentamento \u00e0s fa\u00e7\u00f5es criminosas deram a t\u00f4nica do encontro.<\/span><\/p>\n<p style=\"text-align: justify;\" data-raofz=\"14\"><span style=\"font-size: 14pt;\" data-raofz=\"13\">\u201cDiscutir estrat\u00e9gias de combate \u00e0 criminalidade \u00e9 sempre uma pauta atual para o Minist\u00e9rio P\u00fablico brasileiro porque, como institui\u00e7\u00e3o que tem, dentre suas miss\u00f5es, enfrentar o crime, seja de colarinho branco ou n\u00e3o, precisamos estar nos aperfei\u00e7oando constantemente, com capacita\u00e7\u00f5es para os promotores de Justi\u00e7a que atuam nos grupos especiais e trocando experi\u00eancias com outras unidades ministeriais, de modo que possamos trazer para o nosso estado mecanismos de investiga\u00e7\u00e3o que nos ajudem a melhorar ainda mais esse combate\u201d, afirmou o chefe do MPAL, M\u00e1rcio Roberto Ten\u00f3rio de Albuquerque.<\/span><\/p>\n<p style=\"text-align: justify;\" data-raofz=\"14\"><span style=\"font-size: 14pt;\" data-raofz=\"13\">\u201c\u00c9 uma grande honra poder participar da primeira reuni\u00e3o ordin\u00e1rio do GNCOC, momento em que podemos fazer a intera\u00e7\u00e3o com os demais Minist\u00e9rios P\u00fablicos do Brasil, em uma importante troca de informa\u00e7\u00f5es e forma\u00e7\u00f5es de parcerias visando uma atua\u00e7\u00e3o mais efetiva no combate \u00e0s organiza\u00e7\u00f5es criminosas\u201d, disse o promotor do Gaeco, Ricardo Lib\u00f3rio.<\/span><\/p>\n<p style=\"text-align: justify;\" data-raofz=\"14\"><span style=\"font-size: 14pt;\" data-raofz=\"13\">Por estrat\u00e9gia de seguran\u00e7a, o conte\u00fado da programa\u00e7\u00e3o a ser debatida nesses dois dias de encontro n\u00e3o ser\u00e1 divulgado.<\/span><\/p>\n<p style=\"text-align: justify;\" data-raofz=\"14\"><span style=\"font-size: 14pt;\" data-raofz=\"13\">O evento tamb\u00e9m est\u00e1 celebrando os 20 anos de exist\u00eancia do GNOC que, atualmente, tem na presid\u00eancia a procuradora-geral de Justi\u00e7a do Minist\u00e9rio P\u00fablico do Estado de Roraima, Jana\u00edna Carneiro Costa.<\/span><\/p>\n<p style=\"text-align: justify;\" data-raofz=\"14\"><span style=\"font-size: 14pt;\"><strong>GNCOC<\/strong><\/span><br \/>\n<span style=\"font-size: 14pt;\" data-raofz=\"13\">O Grupo Nacional de Combate \u00e0s Organiza\u00e7\u00f5es Criminosas (GNCOC) congrega o Minist\u00e9rio P\u00fablico brasileiro e foi criado em fevereiro de 2002, por iniciativa do Conselho Nacional de Procuradores-Gerais dos Minist\u00e9rios P\u00fablicos dos Estados e da Uni\u00e3o (CNPG) para combater o crime organizado que atinge todo o pa\u00eds.<\/span><br \/>\n<span style=\"font-size: 14pt;\" data-raofz=\"13\">O GNCOC, formado pelos Grupos de Atua\u00e7\u00e3o Especial de Combate ao Crime Organizado (GAECO\u2019s), trabalha de maneira integrada com as pol\u00edcias (civil, militar, federal e rodovi\u00e1ria federal), a Abin (Ag\u00eancia Brasileira de Intelig\u00eancia), as receitas estadual e federal, a Ag\u00eancia Nacional de Petr\u00f3leo, entre outros \u00f3rg\u00e3os.<\/span><br \/>\n<span style=\"font-size: 14pt;\" data-raofz=\"13\">Por meio da capacita\u00e7\u00e3o de membros e servidores do Minist\u00e9rio P\u00fablico brasileiro, o GNCOC pretende disseminar novas metodologias, pr\u00e1ticas, t\u00e9cnicas operacionais e troca de informa\u00e7\u00f5es e experi\u00eancias nas a\u00e7\u00f5es de investiga\u00e7\u00e3o.<\/span><\/p>\n<\/div><style type=\"text\/css\">.fusion-gallery-1 .fusion-gallery-image {border:5px solid #f6f6f6;-webkit-border-radius:5px;-moz-border-radius:5px;border-radius:5px;}<\/style><div class=\"fusion-gallery fusion-gallery-container fusion-grid-2 fusion-columns-total-0 fusion-gallery-layout-grid fusion-gallery-1\" style=\"margin:-5px;\"><div style=\"padding:5px;\" class=\"fusion-grid-column fusion-gallery-column fusion-gallery-column-2 hover-type-none\"><div class=\"fusion-gallery-image\"><a href=\"https:\/\/www.mpal.mp.br\/wp-content\/uploads\/2022\/04\/WhatsApp-Image-2022-03-10-at-11.03.55-1-1024x768-1.jpeg\" rel=\"noreferrer\" data-rel=\"iLightbox[gallery_image_1]\" class=\"fusion-lightbox\" target=\"_self\"><img loading=\"lazy\" decoding=\"async\" src=\"https:\/\/www.mpal.mp.br\/wp-content\/uploads\/2022\/04\/WhatsApp-Image-2022-03-10-at-11.03.55-1-1024x768-1.jpeg\" width=\"1024\" height=\"768\" alt=\"\" title=\"WhatsApp-Image-2022-03-10-at-11.03.55-1-1024&#215;768\" aria-label=\"WhatsApp-Image-2022-03-10-at-11.03.55-1-1024&#215;768\" class=\"img-responsive wp-image-4104\" \/><\/a><\/div><\/div><div style=\"padding:5px;\" class=\"fusion-grid-column fusion-gallery-column fusion-gallery-column-2 hover-type-none\"><div class=\"fusion-gallery-image\"><a href=\"https:\/\/www.mpal.mp.br\/wp-content\/uploads\/2022\/04\/WhatsApp-Image-2022-03-10-at-11.04.06-1-1024x768-1.jpeg\" rel=\"noreferrer\" data-rel=\"iLightbox[gallery_image_1]\" class=\"fusion-lightbox\" target=\"_self\"><img loading=\"lazy\" decoding=\"async\" src=\"https:\/\/www.mpal.mp.br\/wp-content\/uploads\/2022\/04\/WhatsApp-Image-2022-03-10-at-11.04.06-1-1024x768-1.jpeg\" width=\"1024\" height=\"768\" alt=\"\" title=\"WhatsApp-Image-2022-03-10-at-11.04.06-1-1024&#215;768\" aria-label=\"WhatsApp-Image-2022-03-10-at-11.04.06-1-1024&#215;768\" class=\"img-responsive wp-image-4105\" \/><\/a><\/div><\/div><div class=\"clearfix\"><\/div><\/div><div class=\"fusion-clearfix\"><\/div>\n\n\t\t\t\t\t<\/div>\n\t\t\t\t<\/div><\/div><\/div>\n","protected":false},"excerpt":{"rendered":"","protected":false},"author":2,"featured_media":4103,"comment_status":"closed","ping_status":"closed","sticky":false,"template":"","format":"standard","meta":{"om_disable_all_campaigns":false,"_monsterinsights_skip_tracking":false,"_monsterinsights_sitenote_active":false,"_monsterinsights_sitenote_note":"","_monsterinsights_sitenote_category":0,"_uf_show_specific_survey":0,"_uf_disable_surveys":false,"footnotes":""},"categories":[23],"tags":[],"class_list":["post-4102","post","type-post","status-publish","format-standard","has-post-thumbnail","hentry","category-not_gaeco"],"aioseo_notices":[],"_links":{"self":[{"href":"https:\/\/www.mpal.mp.br\/index.php?rest_route=\/wp\/v2\/posts\/4102","targetHints":{"allow":["GET"]}}],"collection":[{"href":"https:\/\/www.mpal.mp.br\/index.php?rest_route=\/wp\/v2\/posts"}],"about":[{"href":"https:\/\/www.mpal.mp.br\/index.php?rest_route=\/wp\/v2\/types\/post"}],"author":[{"embeddable":true,"href":"https:\/\/www.mpal.mp.br\/index.php?rest_route=\/wp\/v2\/users\/2"}],"replies":[{"embeddable":true,"href":"https:\/\/www.mpal.mp.br\/index.php?rest_route=%2Fwp%2Fv2%2Fcomments&post=4102"}],"version-history":[{"count":2,"href":"https:\/\/www.mpal.mp.br\/index.php?rest_route=\/wp\/v2\/posts\/4102\/revisions"}],"predecessor-version":[{"id":4107,"href":"https:\/\/www.mpal.mp.br\/index.php?rest_route=\/wp\/v2\/posts\/4102\/revisions\/4107"}],"wp:featuredmedia":[{"embeddable":true,"href":"https:\/\/www.mpal.mp.br\/index.php?rest_route=\/wp\/v2\/media\/4103"}],"wp:attachment":[{"href":"https:\/\/www.mpal.mp.br\/index.php?rest_route=%2Fwp%2Fv2%2Fmedia&parent=4102"}],"wp:term":[{"taxonomy":"category","embeddable":true,"href":"https:\/\/www.mpal.mp.br\/index.php?rest_route=%2Fwp%2Fv2%2Fcategories&post=4102"},{"taxonomy":"post_tag","embeddable":true,"href":"https:\/\/www.mpal.mp.br\/index.php?rest_route=%2Fwp%2Fv2%2Ftags&post=4102"}],"curies":[{"name":"wp","href":"https:\/\/api.w.org\/{rel}","templated":true}]}}